{"id":10000,"date":"2023-10-09T22:21:19","date_gmt":"2023-10-09T20:21:19","guid":{"rendered":"https:\/\/www.tus-oppenau.de\/fussball\/?p=10000"},"modified":"2023-10-09T22:21:19","modified_gmt":"2023-10-09T20:21:19","slug":"hochzeit-von-melanie-und-tobias","status":"publish","type":"post","link":"https:\/\/www.tus-oppenau.de\/fussball\/2023\/10\/hochzeit-von-melanie-und-tobias\/","title":{"rendered":"Hochzeit von Melanie und Tobias"},"content":{"rendered":"<p align=\"justify\">Am Samstag gaben sich Melanie Huber und Tobias Haas das Ja-Wort. Die Eucharistiefeier&nbsp; Trauung fand in der Pfarrkirche St. Johannes Baptist in Oppenau statt. Die Mannschaftskollegen lie\u00dfen es sich nicht nehmen und standen dem Hochzeitspaar Spalier.<\/p>\n<p><a href=\"https:\/\/i0.wp.com\/www.tus-oppenau.de\/fussball\/wp-content\/uploads\/2023\/10\/melanie_tobi_2a.jpg?ssl=1\"><img data-recalc-dims=\"1\" loading=\"lazy\" decoding=\"async\" title=\"melanie_tobi_2a\" style=\"border-top: 0px; border-right: 0px; background-image: none; border-bottom: 0px; padding-top: 0px; padding-left: 0px; border-left: 0px; display: inline; padding-right: 0px\" border=\"0\" alt=\"melanie_tobi_2a\" src=\"https:\/\/i0.wp.com\/www.tus-oppenau.de\/fussball\/wp-content\/uploads\/2023\/10\/melanie_tobi_2a_thumb.jpg?resize=281%2C323&#038;ssl=1\" width=\"281\" height=\"323\"><\/a>&nbsp;<a href=\"https:\/\/i0.wp.com\/www.tus-oppenau.de\/fussball\/wp-content\/uploads\/2023\/10\/melanie_tobi_1a.jpg?ssl=1\"><img data-recalc-dims=\"1\" loading=\"lazy\" decoding=\"async\" title=\"melanie_tobi_1a\" style=\"border-top: 0px; border-right: 0px; background-image: none; border-bottom: 0px; padding-top: 0px; padding-left: 0px; border-left: 0px; display: inline; padding-right: 0px\" border=\"0\" alt=\"melanie_tobi_1a\" src=\"https:\/\/i0.wp.com\/www.tus-oppenau.de\/fussball\/wp-content\/uploads\/2023\/10\/melanie_tobi_1a_thumb.jpg?resize=303%2C326&#038;ssl=1\" width=\"303\" height=\"326\"><\/a><\/p>\n<p><strong>Die Fu\u00dfballabteilung des TuS Oppenau w\u00fcnscht den beiden Frischverm\u00e4hlten alles Gute auf dem gemeinsamen Lebensweg.<\/strong><\/p>\n<p><a href=\"https:\/\/i0.wp.com\/www.tus-oppenau.de\/fussball\/wp-content\/uploads\/2023\/10\/melanie_tobi_2a-1.jpg?ssl=1\"><img data-recalc-dims=\"1\" loading=\"lazy\" decoding=\"async\" title=\"melanie_tobi_2a\" style=\"border-top: 0px; border-right: 0px; background-image: none; border-bottom: 0px; padding-top: 0px; padding-left: 0px; border-left: 0px; display: inline; padding-right: 0px\" border=\"0\" alt=\"melanie_tobi_2a\" src=\"https:\/\/i0.wp.com\/www.tus-oppenau.de\/fussball\/wp-content\/uploads\/2023\/10\/melanie_tobi_2a_thumb-1.jpg?resize=474%2C544&#038;ssl=1\" width=\"474\" height=\"544\"><\/a><\/p>\n","protected":false},"excerpt":{"rendered":"<p>Am Samstag gaben sich Melanie Huber und Tobias Haas das Ja-Wort. Die Eucharistiefeier&nbsp; Trauung fand in der Pfarrkirche St. Johannes Baptist in Oppenau statt. Die Mannschaftskollegen lie\u00dfen es sich nicht nehmen und standen dem Hochzeitspaar Spalier. &nbsp; Die Fu\u00dfballabteilung des TuS Oppenau w\u00fcnscht den beiden Frischverm\u00e4hlten alles Gute auf dem gemeinsamen Lebensweg.<\/p>\n","protected":false},"author":47,"featured_media":0,"comment_status":"closed","ping_status":"open","sticky":false,"template":"","format":"standard","meta":{"_jetpack_memberships_contains_paid_content":false,"footnotes":"","jetpack_publicize_message":"","jetpack_publicize_feature_enabled":true,"jetpack_social_post_already_shared":true,"jetpack_social_options":{"image_generator_settings":{"template":"highway","default_image_id":0,"font":"","enabled":false},"version":2}},"categories":[248,1],"tags":[],"class_list":["post-10000","post","type-post","status-publish","format-standard","hentry","category-2-mannschaft","category-allgemein"],"jetpack_publicize_connections":[],"jetpack_featured_media_url":"","jetpack_sharing_enabled":true,"jetpack_likes_enabled":true,"_links":{"self":[{"href":"https:\/\/www.tus-oppenau.de\/fussball\/wp-json\/wp\/v2\/posts\/10000","targetHints":{"allow":["GET"]}}],"collection":[{"href":"https:\/\/www.tus-oppenau.de\/fussball\/wp-json\/wp\/v2\/posts"}],"about":[{"href":"https:\/\/www.tus-oppenau.de\/fussball\/wp-json\/wp\/v2\/types\/post"}],"author":[{"embeddable":true,"href":"https:\/\/www.tus-oppenau.de\/fussball\/wp-json\/wp\/v2\/users\/47"}],"replies":[{"embeddable":true,"href":"https:\/\/www.tus-oppenau.de\/fussball\/wp-json\/wp\/v2\/comments?post=10000"}],"version-history":[{"count":1,"href":"https:\/\/www.tus-oppenau.de\/fussball\/wp-json\/wp\/v2\/posts\/10000\/revisions"}],"predecessor-version":[{"id":10001,"href":"https:\/\/www.tus-oppenau.de\/fussball\/wp-json\/wp\/v2\/posts\/10000\/revisions\/10001"}],"wp:attachment":[{"href":"https:\/\/www.tus-oppenau.de\/fussball\/wp-json\/wp\/v2\/media?parent=10000"}],"wp:term":[{"taxonomy":"category","embeddable":true,"href":"https:\/\/www.tus-oppenau.de\/fussball\/wp-json\/wp\/v2\/categories?post=10000"},{"taxonomy":"post_tag","embeddable":true,"href":"https:\/\/www.tus-oppenau.de\/fussball\/wp-json\/wp\/v2\/tags?post=10000"}],"curies":[{"name":"wp","href":"https:\/\/api.w.org\/{rel}","templated":true}]}}