{"id":10010,"date":"2023-10-14T16:50:51","date_gmt":"2023-10-14T14:50:51","guid":{"rendered":"https:\/\/www.tus-oppenau.de\/fussball\/?p=10010"},"modified":"2023-10-14T16:50:51","modified_gmt":"2023-10-14T14:50:51","slug":"tus-ah-zu-gast-bei-freunden-am-bodensee","status":"publish","type":"post","link":"https:\/\/www.tus-oppenau.de\/fussball\/2023\/10\/tus-ah-zu-gast-bei-freunden-am-bodensee\/","title":{"rendered":"TuS AH zu Gast bei Freunden am Bodensee"},"content":{"rendered":"<p align=\"justify\"><strong>Unter dem Motto \u201cZu Gast bei Freunden\u201d gab es am Freitagabend eine Neuauflage des mittlerweile zum Klassiker gewordenen Spiels&nbsp; TSV Berg Jederm\u00e4nner &#8211; TuS Oppenau AH auf dem Kunstrasenplatz des TSV Berg.<\/strong><\/p>\n<p align=\"justify\"><a href=\"https:\/\/i0.wp.com\/www.tus-oppenau.de\/fussball\/wp-content\/uploads\/2023\/10\/TSV_TUS_schnitt2.jpg?ssl=1\"><img data-recalc-dims=\"1\" loading=\"lazy\" decoding=\"async\" title=\"TSV_TUS_schnitt2\" style=\"border-top: 0px; border-right: 0px; background-image: none; border-bottom: 0px; padding-top: 0px; padding-left: 0px; border-left: 0px; display: inline; padding-right: 0px\" border=\"0\" alt=\"TSV_TUS_schnitt2\" src=\"https:\/\/i0.wp.com\/www.tus-oppenau.de\/fussball\/wp-content\/uploads\/2023\/10\/TSV_TUS_schnitt2_thumb.jpg?resize=474%2C255&#038;ssl=1\" width=\"474\" height=\"255\"><\/a><\/p>\n<p align=\"justify\">Bei besten \u00e4u\u00dferen Bedingungen wurde 2 x 40 Minuten Fu\u00dfball gespielt. Obwohl der TuS mit einem sehr knapp bemessenen spielf\u00e4higen Kader an den Bodensee angereist war&nbsp; wollte man&nbsp; selbstverst\u00e4ndlich den Sieg in diesem Prestige-Duell einfahren und die Serie der beiden letzten Siege in Oppenau fortzuf\u00fchren. Die Freunde aus Berg um ihren Anf\u00fchrer Joe Frey waren ihrerseits hoch motiviert um mit einen Heimsieg dies zu verhindern. Letztendlich war es ein sehr faires Spiel und der Spa\u00df stand trotz der sportlichen Rivalit\u00e4t nat\u00fcrlich im Vordergrund. Am Ende gewannen die Jederm\u00e4nner des TSV Berg das Spiel nicht unverdient mit 4:2 (2:1).&nbsp; <\/p>\n<p align=\"justify\"><a href=\"https:\/\/i0.wp.com\/www.tus-oppenau.de\/fussball\/wp-content\/uploads\/2023\/10\/Geschenkbergabe.jpg?ssl=1\"><img data-recalc-dims=\"1\" loading=\"lazy\" decoding=\"async\" title=\"Geschenk&uuml;bergabe\" style=\"border-top: 0px; border-right: 0px; background-image: none; border-bottom: 0px; padding-top: 0px; padding-left: 0px; border-left: 0px; display: inline; padding-right: 0px\" border=\"0\" alt=\"Geschenk&uuml;bergabe\" src=\"https:\/\/i0.wp.com\/www.tus-oppenau.de\/fussball\/wp-content\/uploads\/2023\/10\/Geschenkbergabe_thumb.jpg?resize=474%2C358&#038;ssl=1\" width=\"474\" height=\"358\"><\/a> <\/p>\n<p align=\"justify\">Vor dem Spiel wurden noch Gastgeschenke ausgetauscht bevor es dann zur Sache ging.&nbsp;&nbsp; <\/p>\n<p align=\"justify\">Nach dem Spiel genoss man die gute Verpflegung im Sportheim des TSV Berg und verlebte einen wundersch\u00f6nen Abend bis tief in den Samstagmorgen. <\/p>\n<p><a href=\"https:\/\/i0.wp.com\/www.tus-oppenau.de\/fussball\/wp-content\/uploads\/2023\/10\/Spielvorbereitung_schnitt.jpg?ssl=1\"><img data-recalc-dims=\"1\" loading=\"lazy\" decoding=\"async\" title=\"Spielvorbereitung_schnitt\" style=\"border-top: 0px; border-right: 0px; background-image: none; border-bottom: 0px; padding-top: 0px; padding-left: 0px; border-left: 0px; display: inline; padding-right: 0px\" border=\"0\" alt=\"Spielvorbereitung_schnitt\" src=\"https:\/\/i0.wp.com\/www.tus-oppenau.de\/fussball\/wp-content\/uploads\/2023\/10\/Spielvorbereitung_schnitt_thumb.jpg?resize=303%2C222&#038;ssl=1\" width=\"303\" height=\"222\"><\/a>&nbsp;<a href=\"https:\/\/i0.wp.com\/www.tus-oppenau.de\/fussball\/wp-content\/uploads\/2023\/10\/01_ec5ed5af-a00a-4761-9a9c-a971bc7ab17d.jpg?ssl=1\"><img data-recalc-dims=\"1\" loading=\"lazy\" decoding=\"async\" title=\"01_ec5ed5af-a00a-4761-9a9c-a971bc7ab17d\" style=\"border-top: 0px; border-right: 0px; background-image: none; border-bottom: 0px; padding-top: 0px; padding-left: 0px; border-left: 0px; display: inline; padding-right: 0px\" border=\"0\" alt=\"01_ec5ed5af-a00a-4761-9a9c-a971bc7ab17d\" src=\"https:\/\/i0.wp.com\/www.tus-oppenau.de\/fussball\/wp-content\/uploads\/2023\/10\/01_ec5ed5af-a00a-4761-9a9c-a971bc7ab17d_thumb.jpg?resize=293%2C221&#038;ssl=1\" width=\"293\" height=\"221\"><\/a> <\/p>\n<p>Einig waren sich alle Beteiligten, dass diese zur&nbsp; Tradition gewordene Begegnung auch im kommenden Jahr wieder stattfinden soll.<\/p>\n","protected":false},"excerpt":{"rendered":"<p>Unter dem Motto \u201cZu Gast bei Freunden\u201d gab es am Freitagabend eine Neuauflage des mittlerweile zum Klassiker gewordenen Spiels&nbsp; TSV Berg Jederm\u00e4nner &#8211; TuS Oppenau AH auf dem Kunstrasenplatz des TSV Berg. Bei besten \u00e4u\u00dferen Bedingungen wurde 2 x 40 Minuten Fu\u00dfball gespielt. Obwohl der TuS mit einem sehr knapp bemessenen spielf\u00e4higen Kader an den &hellip; <a href=\"https:\/\/www.tus-oppenau.de\/fussball\/2023\/10\/tus-ah-zu-gast-bei-freunden-am-bodensee\/\" class=\"more-link\"><span class=\"screen-reader-text\">TuS AH zu Gast bei Freunden am Bodensee<\/span> weiterlesen <span class=\"meta-nav\">&rarr;<\/span><\/a><\/p>\n","protected":false},"author":47,"featured_media":0,"comment_status":"closed","ping_status":"open","sticky":false,"template":"","format":"standard","meta":{"_jetpack_memberships_contains_paid_content":false,"footnotes":"","jetpack_publicize_message":"","jetpack_publicize_feature_enabled":true,"jetpack_social_post_already_shared":true,"jetpack_social_options":{"image_generator_settings":{"template":"highway","default_image_id":0,"font":"","enabled":false},"version":2}},"categories":[249],"tags":[],"class_list":["post-10010","post","type-post","status-publish","format-standard","hentry","category-ah"],"jetpack_publicize_connections":[],"jetpack_featured_media_url":"","jetpack_sharing_enabled":true,"jetpack_likes_enabled":true,"_links":{"self":[{"href":"https:\/\/www.tus-oppenau.de\/fussball\/wp-json\/wp\/v2\/posts\/10010","targetHints":{"allow":["GET"]}}],"collection":[{"href":"https:\/\/www.tus-oppenau.de\/fussball\/wp-json\/wp\/v2\/posts"}],"about":[{"href":"https:\/\/www.tus-oppenau.de\/fussball\/wp-json\/wp\/v2\/types\/post"}],"author":[{"embeddable":true,"href":"https:\/\/www.tus-oppenau.de\/fussball\/wp-json\/wp\/v2\/users\/47"}],"replies":[{"embeddable":true,"href":"https:\/\/www.tus-oppenau.de\/fussball\/wp-json\/wp\/v2\/comments?post=10010"}],"version-history":[{"count":1,"href":"https:\/\/www.tus-oppenau.de\/fussball\/wp-json\/wp\/v2\/posts\/10010\/revisions"}],"predecessor-version":[{"id":10011,"href":"https:\/\/www.tus-oppenau.de\/fussball\/wp-json\/wp\/v2\/posts\/10010\/revisions\/10011"}],"wp:attachment":[{"href":"https:\/\/www.tus-oppenau.de\/fussball\/wp-json\/wp\/v2\/media?parent=10010"}],"wp:term":[{"taxonomy":"category","embeddable":true,"href":"https:\/\/www.tus-oppenau.de\/fussball\/wp-json\/wp\/v2\/categories?post=10010"},{"taxonomy":"post_tag","embeddable":true,"href":"https:\/\/www.tus-oppenau.de\/fussball\/wp-json\/wp\/v2\/tags?post=10010"}],"curies":[{"name":"wp","href":"https:\/\/api.w.org\/{rel}","templated":true}]}}