{"id":10013,"date":"2023-10-15T17:23:04","date_gmt":"2023-10-15T15:23:04","guid":{"rendered":"https:\/\/www.tus-oppenau.de\/fussball\/?p=10013"},"modified":"2023-10-15T17:23:04","modified_gmt":"2023-10-15T15:23:04","slug":"moersch-entfuehrt-die-punkte-aus-oppenau","status":"publish","type":"post","link":"https:\/\/www.tus-oppenau.de\/fussball\/2023\/10\/moersch-entfuehrt-die-punkte-aus-oppenau\/","title":{"rendered":"M\u00f6rsch entf\u00fchrt die Punkte aus Oppenau"},"content":{"rendered":"<p style=\"font-weight: 400;\"><strong>Mit 2:1 gelang M\u00f6rsch ein Ausw\u00e4rtssieg beim TuS Oppenau. Von den Spielanteilen war das Spiel sehr ausgeglichen. In der Anfangsphase gab es eine Vielzahl an Chancen f\u00fcr beide Seiten. M\u00f6rsch nutzte eine davon zur F\u00fchrung. \u00dcber das gesamte Spiel stand die M\u00f6rscher Defensive sehr stabil und lie\u00df wenig zu.<\/strong><\/p>\n<p style=\"font-weight: 400;\">Oppenau hatte in der 4. Minute durch Hoch eine erste gute Gelegenheit, Keeper Quentel konnte aber zur Ecke kl\u00e4ren. Kurz darauf hatte Oppenau Gl\u00fcck, als Jan Burkard nach einem Eckball im F\u00fcnfmeterraum frei zum Abschluss kam, Turri aber zur Stelle war. Das Spiel zeigte M\u00f6glichkeiten f\u00fcr beide Seiten. In der 11. Minute dann die F\u00fchrung f\u00fcr M\u00f6rsch. Eine Hereingabe von Erik Walter wurde von W\u00fcrz sehenswert Volley aus 12 Metern verarbeitet. Kurz darauf hatte Oppenau durch Kimmig die Chance zum Ausgleich. In der 17. Minute zog Jan Burkart aus 16 Metern ab, der Ball ging knapp neben das Tor. In der 21. Minute hatte Oppenaus Hoch eine gute Chance, aus 10 Metern ging der Ball aber daneben. In der Folge blieb das Spiel weiterhin ausgeglichen, ohne allerdings die gro\u00dfen Chancen auf beiden Seiten. In der 42. Minute dann fast das 2:0 f\u00fcr M\u00f6rsch. Kapit\u00e4n W\u00fcrz lief frei auf Turri zu, sein Schuss aus 10 Metern ging aber an den kurzen Pfosten. Mit dem Halbzeitpfiff hatte Marek Huber mit einem Schuss von der Strafraumgrenze noch die Chance zum Ausgleich.<\/p>\n<p style=\"font-weight: 400;\">Beide Seiten kamen unver\u00e4ndert aus der Pause und das Spiel blieb weiterhin ausgeglichen. Oppenau schaffte es nicht, sich im letzten Drittel entscheidend durchzusetzen. Trainer Maier brachte dann 4 frische Kr\u00e4fte, um den Ausgleich zu erzwingen. M\u00f6rsch blieb aber weiterhin stabil in der Defensive und nun \u00f6ffneten sich die R\u00e4ume nach vorne. In der 71. Minute tauchte Erik Walter frei vor Turri auf, der mit einer Glanzparade kl\u00e4ren konnte. In der 75. Minute dann das 2:0 f\u00fcr M\u00f6rsch. Eine Hereingabe von rechts h\u00e4mmerte Jan Burkart aus kurzer Distanz unter die Latte. In der 84. Minute hatte Lietz den Anschlusstreffer auf dem Fu\u00df, sein Schuss konnte Quentel mit einer Glanzparade entsch\u00e4rfen. Kurz darauf musste Turri auf der Gegenseite erneut gegen Erik Walter retten. In der 90. Minute gelang Oppenau noch der Anschlusstreffer. Mit einer Energieleistung tankte sich Marek Huber durch den M\u00f6rscher Strafraum und legte quer zu M\u00fcller, der aus 5 Metern traf. Am Ende blieb es aber beim Ausw\u00e4rtssieg f\u00fcr M\u00f6rsch.<\/p>\n<p style=\"font-weight: 400;\">Oppenau: Turri, Gerlach (80. Heiberger), Lietz, Hoch (64. Langguth), Hoferer, Gaiser (68. Wirth), Huber, Laifer, Kimmig (64. M\u00fcller), \u00d6zenc (59. Haas)<\/p>\n<p style=\"font-weight: 400;\">M\u00f6rsch: Quentel, Mohr (65. Schrempp), W\u00fcrz (72. Baumann), Walter, Burkart (81. Popp), Erik Walter (88. Nagel), Busch, Fitterer, Preine, Schilli, Schmitt<\/p>\n<p style=\"font-weight: 400;\">Schiedsrichter: Mourad, Konetschny, Berger<\/p>\n<p style=\"font-weight: 400;\">Zuschauer: 200<\/p>\n<p style=\"font-weight: 400;\">Tore:<\/p>\n<p><span style=\"font-weight: 400;\">0:1 (11.) W\u00fcrz<br \/>\n0:2 (75.) Jan Burkart<br \/>\n1:2 (90.) M\u00fcller<\/span><\/p>\n","protected":false},"excerpt":{"rendered":"<p>Mit 2:1 gelang M\u00f6rsch ein Ausw\u00e4rtssieg beim TuS Oppenau. Von den Spielanteilen war das Spiel sehr ausgeglichen. In der Anfangsphase gab es eine Vielzahl an Chancen f\u00fcr beide Seiten. M\u00f6rsch nutzte eine davon zur F\u00fchrung. \u00dcber das gesamte Spiel stand die M\u00f6rscher Defensive sehr stabil und lie\u00df wenig zu. Oppenau hatte in der 4. Minute &hellip; <a href=\"https:\/\/www.tus-oppenau.de\/fussball\/2023\/10\/moersch-entfuehrt-die-punkte-aus-oppenau\/\" class=\"more-link\"><span class=\"screen-reader-text\">M\u00f6rsch entf\u00fchrt die Punkte aus Oppenau<\/span> weiterlesen <span class=\"meta-nav\">&rarr;<\/span><\/a><\/p>\n","protected":false},"author":93,"featured_media":9683,"comment_status":"closed","ping_status":"open","sticky":false,"template":"","format":"standard","meta":{"_jetpack_memberships_contains_paid_content":false,"footnotes":"","jetpack_publicize_message":"","jetpack_publicize_feature_enabled":true,"jetpack_social_post_already_shared":true,"jetpack_social_options":{"image_generator_settings":{"template":"highway","default_image_id":0,"font":"","enabled":false},"version":2}},"categories":[247],"tags":[],"class_list":["post-10013","post","type-post","status-publish","format-standard","has-post-thumbnail","hentry","category-1-mannschaft"],"jetpack_publicize_connections":[],"jetpack_featured_media_url":"https:\/\/i0.wp.com\/www.tus-oppenau.de\/fussball\/wp-content\/uploads\/2023\/08\/tus_oppenau_2023_24_logo_a5-scaled.jpg?fit=2560%2C1706&ssl=1","jetpack_sharing_enabled":true,"jetpack_likes_enabled":true,"_links":{"self":[{"href":"https:\/\/www.tus-oppenau.de\/fussball\/wp-json\/wp\/v2\/posts\/10013","targetHints":{"allow":["GET"]}}],"collection":[{"href":"https:\/\/www.tus-oppenau.de\/fussball\/wp-json\/wp\/v2\/posts"}],"about":[{"href":"https:\/\/www.tus-oppenau.de\/fussball\/wp-json\/wp\/v2\/types\/post"}],"author":[{"embeddable":true,"href":"https:\/\/www.tus-oppenau.de\/fussball\/wp-json\/wp\/v2\/users\/93"}],"replies":[{"embeddable":true,"href":"https:\/\/www.tus-oppenau.de\/fussball\/wp-json\/wp\/v2\/comments?post=10013"}],"version-history":[{"count":1,"href":"https:\/\/www.tus-oppenau.de\/fussball\/wp-json\/wp\/v2\/posts\/10013\/revisions"}],"predecessor-version":[{"id":10014,"href":"https:\/\/www.tus-oppenau.de\/fussball\/wp-json\/wp\/v2\/posts\/10013\/revisions\/10014"}],"wp:featuredmedia":[{"embeddable":true,"href":"https:\/\/www.tus-oppenau.de\/fussball\/wp-json\/wp\/v2\/media\/9683"}],"wp:attachment":[{"href":"https:\/\/www.tus-oppenau.de\/fussball\/wp-json\/wp\/v2\/media?parent=10013"}],"wp:term":[{"taxonomy":"category","embeddable":true,"href":"https:\/\/www.tus-oppenau.de\/fussball\/wp-json\/wp\/v2\/categories?post=10013"},{"taxonomy":"post_tag","embeddable":true,"href":"https:\/\/www.tus-oppenau.de\/fussball\/wp-json\/wp\/v2\/tags?post=10013"}],"curies":[{"name":"wp","href":"https:\/\/api.w.org\/{rel}","templated":true}]}}