{"id":10032,"date":"2023-10-22T19:58:57","date_gmt":"2023-10-22T17:58:57","guid":{"rendered":"https:\/\/www.tus-oppenau.de\/fussball\/?p=10032"},"modified":"2023-11-23T12:08:41","modified_gmt":"2023-11-23T10:08:41","slug":"dfb-verdienstnadel-fr-cesare-ruggeri","status":"publish","type":"post","link":"https:\/\/www.tus-oppenau.de\/fussball\/2023\/10\/dfb-verdienstnadel-fr-cesare-ruggeri\/","title":{"rendered":"DFB-Verdienstnadel f&uuml;r Cesare Ruggeri"},"content":{"rendered":"<p align=\"justify\"><strong>Im Rahmen der Ehrungsveranstaltung am 20.10.23 im \u201eKolumbus-Saal\u201c der World of Living bei Weber Haus in Linx wurden verdiente Vereinsmitglieder des TuS Oppenau geehrt. Unser Jugendleiter Cesare Ruggeri erhielt f\u00fcr seine besonderen Verdienste die DFB Ehrennadel.<\/strong><\/p>\n<p align=\"justify\">Die Ehrungen nahmen der 1. Vizepr\u00e4sident des SBFV Arno Heger, der Bezirksvorsitzende des Bezirks Offenburg Heinz Schwab sowie der Ehrenamtsbeauftragte Fritz Wendling vor.<\/p>\n<p align=\"justify\"><a href=\"https:\/\/i0.wp.com\/www.tus-oppenau.de\/fussball\/wp-content\/uploads\/2023\/10\/03_IMG_7686.jpg?ssl=1\"><img data-recalc-dims=\"1\" loading=\"lazy\" decoding=\"async\" style=\"background-image: none; padding-top: 0px; padding-left: 0px; display: inline; padding-right: 0px; border: 0px;\" title=\"03_IMG_7686\" src=\"https:\/\/i0.wp.com\/www.tus-oppenau.de\/fussball\/wp-content\/uploads\/2023\/10\/03_IMG_7686_thumb.jpg?resize=474%2C270&#038;ssl=1\" alt=\"03_IMG_7686\" width=\"474\" height=\"270\" border=\"0\" \/><\/a><\/p>\n<p align=\"justify\"><a title=\"https:\/\/offenburg.sbfv.de\/nachricht\/ehrungsveranstaltung-bei-weber-haus-am-freitag-den-20102023\" href=\"https:\/\/offenburg.sbfv.de\/nachricht\/ehrungsveranstaltung-bei-weber-haus-am-freitag-den-20102023\">https:\/\/offenburg.sbfv.de\/nachricht\/ehrungsveranstaltung-bei-weber-haus-am-freitag-den-20102023<\/a><\/p>\n<p><strong><u>Cesare Ruggeri<\/u><\/strong> wurde f\u00fcr seine fast 31-j\u00e4hrige <u>ununterbrochene <\/u>Arbeit als Jugendleiter (seit Dezember 1992)\u00a0 des TuS Oppenau mit der <strong><u>DFB-Verdienstnadel<\/u> <\/strong>geehrt.<\/p>\n<p align=\"justify\">Er ist in der gew\u00e4hlten Vorstandschaft \u00e4u\u00dferst engagiert t\u00e4tig. In dieser Zeit war und ist er noch mehrere Jahre als Jugendtrainer in verschiedenen Altersklassen engagiert. Die Einf\u00fchrung von verschiedenen Spielgemeinschaften im Juniorenbereich wurde von ihm ma\u00dfgeblich vorangetrieben. Jahr f\u00fcr Jahr sorgt er gemeinsam mit Vorstand Jugend Stephan Maier daf\u00fcr, dass 30 \u2013 40 ehrenamtliche Jugendtrainer- und Betreuer f\u00fcr die einzelnen Jugendmannschaften und SG\u00b4s gefunden werden k\u00f6nnen. Er koordiniert die Jugendtrainer und ist Ansprechperson f\u00fcr deren belange im Verein. Bei den Jugendturnieren im Rahmen unseres Sportfestes ist er f\u00fcr die komplette Planung und Abwicklung verantwortlich.<\/p>\n<p align=\"justify\"><a href=\"https:\/\/i0.wp.com\/www.tus-oppenau.de\/fussball\/wp-content\/uploads\/2023\/10\/02_DSC00726.jpg?ssl=1\"><img data-recalc-dims=\"1\" loading=\"lazy\" decoding=\"async\" style=\"background-image: none; padding-top: 0px; padding-left: 0px; display: inline; padding-right: 0px; border: 0px;\" title=\"02_DSC00726\" src=\"https:\/\/i0.wp.com\/www.tus-oppenau.de\/fussball\/wp-content\/uploads\/2023\/10\/02_DSC00726_thumb.jpg?resize=314%2C232&#038;ssl=1\" alt=\"02_DSC00726\" width=\"314\" height=\"232\" border=\"0\" \/><\/a>\u00a0<a href=\"https:\/\/i0.wp.com\/www.tus-oppenau.de\/fussball\/wp-content\/uploads\/2023\/10\/01_IMG_7681.jpg?ssl=1\"><img data-recalc-dims=\"1\" loading=\"lazy\" decoding=\"async\" style=\"background-image: none; padding-top: 0px; padding-left: 0px; display: inline; padding-right: 0px; border: 0px;\" title=\"01_IMG_7681\" src=\"https:\/\/i0.wp.com\/www.tus-oppenau.de\/fussball\/wp-content\/uploads\/2023\/10\/01_IMG_7681_thumb.jpg?resize=270%2C234&#038;ssl=1\" alt=\"01_IMG_7681\" width=\"270\" height=\"234\" border=\"0\" \/><\/a><\/p>\n<p align=\"justify\"><u><strong>Stephan Maier<\/strong><\/u> wurde f\u00fcr seine langj\u00e4hrige T\u00e4tigkeit als Jugendtrainer\u00a0 (seit 1995)\u00a0 des TuS Oppenau mit der <strong><u>Verbandsehrenurkunde<\/u><\/strong> geehrt. Er ist seit Dezember 2019 in der gew\u00e4hlten Vorstandschaft als 2. Vorstand (Vorstand Jugend) beim TuS Oppenau t\u00e4tig und koordiniert die SG Renchtal.<\/p>\n<p align=\"justify\"><strong><u>Michael Hauns<\/u><\/strong> wurde f\u00fcr seine langj\u00e4hrige T\u00e4tigkeit als Jugendtrainer\u00a0 (seit 1988)\u00a0 des TuS Oppenau mit der <strong><u>Verbandsehrenurkunde<\/u><\/strong> geehrt. Neben seiner T\u00e4tigkeit als Jugendtrainer war er auch 2 Jahre Trainer der 1. Senioren-Mannschaft sowie 15 Jahre der Kopf der AH-Mannschaft als Orga-Chef.<\/p>\n<p align=\"justify\"><u><strong>G\u00fcnther Erdrich<\/strong><\/u> wurde f\u00fcr seine langj\u00e4hrige T\u00e4tigkeit als Jugendtrainer\u00a0 (seit 1996)\u00a0 des TuS Oppenau mit der <strong><u>Verbandsehrenurkunde<\/u><\/strong> geehrt. Neben seinem Engagement als Jugendtrainer ist er auch eine wertvolle Hilfe f\u00fcr die Vorstandschaft bei Malert\u00e4tigkeiten auf dem Sportgel\u00e4nde Haldenhof.<\/p>\n<p align=\"justify\"><strong><u>Stefan Huber<\/u> <\/strong>wurde f\u00fcr seine langj\u00e4hrige T\u00e4tigkeit als Jugendtrainer\u00a0 des TuS Oppenau mit der <strong><u>Verbandsehrenurkunde<\/u><\/strong> geehrt. Zuvor war Stefan auch jahrelang als Aktiver Spieler in der 1. Mannschaft des TuS engagiert.<\/p>\n<p align=\"justify\"><u><strong>Klaus Lupp <\/strong><\/u>wurde ebenfalls f\u00fcr seine jahrelange Verdienste f\u00fcr den TuS Oppenau mit der <strong><u>Verbandsehrenurkunde<\/u><\/strong> geehrt. Unter anderem war Klaus von 1994 bis 1997 2. Vorstand und von 1997 bis 2003 Beisitzer in der Vorstandschaft.\u00a0 Von 2003 bis 2007 hatte er das Amt des Spielausschusses inne. Neben seinen T\u00e4tigkeiten in der Vorstandschaft mit dem Highlight dem Bau des Naturrasenplatzes im Jahr 1994\/95 ist Klaus nun auch schon viele Jahre als Jugendtrainer f\u00fcr den TuS Oppenau engagiert.\u00a0 Auch als Interimstrainer unserer 1. Mannschaft war Klaus bereits in fr\u00fcheren Jahren eine wertvolle Unterst\u00fctzung.<\/p>\n<p align=\"justify\"><u><strong>Frank Spinner<\/strong><\/u>\u00a0 wurde f\u00fcr seine langj\u00e4hrige Arbeit in der gew\u00e4hlten Vorstandschaft des Abt. Fu\u00dfball mit der <strong><u>Verbandsehrennadel<\/u><\/strong> geehrt. Von 1994 bis 1997 war der Schriftf\u00fchrer des Vereins, von 2007 bis 2014 Beisitzer ehe er im Januar 2014 als 1. Vorstand die Abteilungsleitung \u00fcbernahm. Neben seiner T\u00e4tigkeit in der Vorstandschaft war er von 1988 -1995 Trainer bei den Bambinis und F-Junioren und in der Saison 2011\/12 bei den B-Juniorinnen.<\/p>\n<p align=\"justify\"><a href=\"https:\/\/i0.wp.com\/www.tus-oppenau.de\/fussball\/wp-content\/uploads\/2023\/10\/DSC00645.jpg?ssl=1\"><img data-recalc-dims=\"1\" loading=\"lazy\" decoding=\"async\" style=\"background-image: none; padding-top: 0px; padding-left: 0px; display: inline; padding-right: 0px; border: 0px;\" title=\"DSC00645\" src=\"https:\/\/i0.wp.com\/www.tus-oppenau.de\/fussball\/wp-content\/uploads\/2023\/10\/DSC00645_thumb.jpg?resize=474%2C249&#038;ssl=1\" alt=\"DSC00645\" width=\"474\" height=\"249\" border=\"0\" \/><\/a><\/p>\n<p align=\"justify\"><strong>Die Fu\u00dfballabteilung des TuS Oppenau bedankt sich f\u00fcr dieses au\u00dfergew\u00f6hnliche Engagement der Geehrten \u00fcber viele Jahre und gratuliert ganz herzlich zu diesen Auszeichnungen.<\/strong><\/p>\n<p align=\"justify\"><a href=\"https:\/\/i0.wp.com\/www.tus-oppenau.de\/fussball\/wp-content\/uploads\/2023\/10\/03_DSC00645.jpg?ssl=1\"><img data-recalc-dims=\"1\" loading=\"lazy\" decoding=\"async\" style=\"background-image: none; padding-top: 0px; padding-left: 0px; display: inline; padding-right: 0px; border: 0px;\" title=\"03_DSC00645\" src=\"https:\/\/i0.wp.com\/www.tus-oppenau.de\/fussball\/wp-content\/uploads\/2023\/10\/03_DSC00645_thumb.jpg?resize=474%2C293&#038;ssl=1\" alt=\"03_DSC00645\" width=\"474\" height=\"293\" border=\"0\" \/><\/a><\/p>\n","protected":false},"excerpt":{"rendered":"<p>Im Rahmen der Ehrungsveranstaltung am 20.10.23 im \u201eKolumbus-Saal\u201c der World of Living bei Weber Haus in Linx wurden verdiente Vereinsmitglieder des TuS Oppenau geehrt. Unser Jugendleiter Cesare Ruggeri erhielt f\u00fcr seine besonderen Verdienste die DFB Ehrennadel. Die Ehrungen nahmen der 1. Vizepr\u00e4sident des SBFV Arno Heger, der Bezirksvorsitzende des Bezirks Offenburg Heinz Schwab sowie der &hellip; <a href=\"https:\/\/www.tus-oppenau.de\/fussball\/2023\/10\/dfb-verdienstnadel-fr-cesare-ruggeri\/\" class=\"more-link\"><span class=\"screen-reader-text\">DFB-Verdienstnadel f&uuml;r Cesare Ruggeri<\/span> weiterlesen <span class=\"meta-nav\">&rarr;<\/span><\/a><\/p>\n","protected":false},"author":47,"featured_media":10022,"comment_status":"closed","ping_status":"open","sticky":false,"template":"","format":"standard","meta":{"_jetpack_memberships_contains_paid_content":false,"footnotes":"","jetpack_publicize_message":"","jetpack_publicize_feature_enabled":true,"jetpack_social_post_already_shared":true,"jetpack_social_options":{"image_generator_settings":{"template":"highway","default_image_id":0,"font":"","enabled":false},"version":2}},"categories":[250],"tags":[],"class_list":["post-10032","post","type-post","status-publish","format-standard","has-post-thumbnail","hentry","category-veranstaltungen"],"jetpack_publicize_connections":[],"jetpack_featured_media_url":"https:\/\/i0.wp.com\/www.tus-oppenau.de\/fussball\/wp-content\/uploads\/2023\/10\/03_IMG_7686.jpg?fit=1024%2C576&ssl=1","jetpack_sharing_enabled":true,"jetpack_likes_enabled":true,"_links":{"self":[{"href":"https:\/\/www.tus-oppenau.de\/fussball\/wp-json\/wp\/v2\/posts\/10032","targetHints":{"allow":["GET"]}}],"collection":[{"href":"https:\/\/www.tus-oppenau.de\/fussball\/wp-json\/wp\/v2\/posts"}],"about":[{"href":"https:\/\/www.tus-oppenau.de\/fussball\/wp-json\/wp\/v2\/types\/post"}],"author":[{"embeddable":true,"href":"https:\/\/www.tus-oppenau.de\/fussball\/wp-json\/wp\/v2\/users\/47"}],"replies":[{"embeddable":true,"href":"https:\/\/www.tus-oppenau.de\/fussball\/wp-json\/wp\/v2\/comments?post=10032"}],"version-history":[{"count":2,"href":"https:\/\/www.tus-oppenau.de\/fussball\/wp-json\/wp\/v2\/posts\/10032\/revisions"}],"predecessor-version":[{"id":10035,"href":"https:\/\/www.tus-oppenau.de\/fussball\/wp-json\/wp\/v2\/posts\/10032\/revisions\/10035"}],"wp:featuredmedia":[{"embeddable":true,"href":"https:\/\/www.tus-oppenau.de\/fussball\/wp-json\/wp\/v2\/media\/10022"}],"wp:attachment":[{"href":"https:\/\/www.tus-oppenau.de\/fussball\/wp-json\/wp\/v2\/media?parent=10032"}],"wp:term":[{"taxonomy":"category","embeddable":true,"href":"https:\/\/www.tus-oppenau.de\/fussball\/wp-json\/wp\/v2\/categories?post=10032"},{"taxonomy":"post_tag","embeddable":true,"href":"https:\/\/www.tus-oppenau.de\/fussball\/wp-json\/wp\/v2\/tags?post=10032"}],"curies":[{"name":"wp","href":"https:\/\/api.w.org\/{rel}","templated":true}]}}