{"id":11061,"date":"2024-07-20T13:46:00","date_gmt":"2024-07-20T11:46:00","guid":{"rendered":"https:\/\/www.tus-oppenau.de\/fussball\/?p=11061"},"modified":"2024-07-20T13:59:16","modified_gmt":"2024-07-20T11:59:16","slug":"trainingswochenende-der-1-mannschaft","status":"publish","type":"post","link":"https:\/\/www.tus-oppenau.de\/fussball\/2024\/07\/trainingswochenende-der-1-mannschaft\/","title":{"rendered":"Trainingswochenende der 1. Mannschaft"},"content":{"rendered":"<p align=\"justify\"><strong>F\u00fcr den Kader des Landesliga-Team steht an diesem Wochenende eine schwei\u00dftreibendes Trainingswochenende auf dem Vorbereitungsprogramm.<\/strong><\/p>\n<p align=\"justify\"><a href=\"https:\/\/i0.wp.com\/www.tus-oppenau.de\/fussball\/wp-content\/uploads\/2024\/07\/06_Training.jpg?ssl=1\"><img data-recalc-dims=\"1\" loading=\"lazy\" decoding=\"async\" title=\"06_Training\" style=\"border-top: 0px; border-right: 0px; background-image: none; border-bottom: 0px; padding-top: 0px; padding-left: 0px; border-left: 0px; display: inline; padding-right: 0px\" border=\"0\" alt=\"06_Training\" src=\"https:\/\/i0.wp.com\/www.tus-oppenau.de\/fussball\/wp-content\/uploads\/2024\/07\/06_Training_thumb.jpg?resize=474%2C237&#038;ssl=1\" width=\"474\" height=\"237\"><\/a><\/p>\n<p align=\"justify\">Los ging es f\u00fcr das Team um Stefan Laifer und Rico Maier am Freitagabend mit einer Trainingseinheit. Am heutigen Samstag folgte Morgens eine weitere Trainingseinheit mit anschlie\u00dfender Abk\u00fchlung in der Rench, bevor es dann ein ausgiebiges Fr\u00fchst\u00fcck im Sportheim gab. <\/p>\n<p align=\"justify\"><a href=\"https:\/\/i0.wp.com\/www.tus-oppenau.de\/fussball\/wp-content\/uploads\/2024\/07\/05_Frhstckbuffet.jpg?ssl=1\"><img data-recalc-dims=\"1\" loading=\"lazy\" decoding=\"async\" title=\"05_Fr&uuml;hst&uuml;ckbuffet\" style=\"border-top: 0px; border-right: 0px; background-image: none; border-bottom: 0px; padding-top: 0px; padding-left: 0px; border-left: 0px; display: inline; padding-right: 0px\" border=\"0\" alt=\"05_Fr&uuml;hst&uuml;ckbuffet\" src=\"https:\/\/i0.wp.com\/www.tus-oppenau.de\/fussball\/wp-content\/uploads\/2024\/07\/05_Frhstckbuffet_thumb.jpg?resize=474%2C285&#038;ssl=1\" width=\"474\" height=\"285\"><\/a><\/p>\n<p align=\"justify\">Frisch gest\u00e4rkt folgte ein Faszien-Training mit <strong>Christiane Burkart<\/strong>, Heilpraktikerin &amp; Physiotherapeutin, <a href=\"https:\/\/www.naturheilpraxis-mit-leib-und-seele.de\/\">Naturheilpraxis Mit Leib und Seele<\/a>. <\/p>\n<p align=\"justify\"><a href=\"https:\/\/i0.wp.com\/www.tus-oppenau.de\/fussball\/wp-content\/uploads\/2024\/07\/02_Faszien_2.jpg?ssl=1\"><img data-recalc-dims=\"1\" loading=\"lazy\" decoding=\"async\" title=\"02_Faszien_2\" style=\"border-top: 0px; border-right: 0px; background-image: none; border-bottom: 0px; padding-top: 0px; padding-left: 0px; border-left: 0px; display: inline; padding-right: 0px\" border=\"0\" alt=\"02_Faszien_2\" src=\"https:\/\/i0.wp.com\/www.tus-oppenau.de\/fussball\/wp-content\/uploads\/2024\/07\/02_Faszien_2_thumb.jpg?resize=474%2C231&#038;ssl=1\" width=\"474\" height=\"231\"><\/a><\/p>\n<p align=\"justify\"><a href=\"https:\/\/i0.wp.com\/www.tus-oppenau.de\/fussball\/wp-content\/uploads\/2024\/07\/03_Faszien_3.jpg?ssl=1\"><img data-recalc-dims=\"1\" loading=\"lazy\" decoding=\"async\" title=\"03_Faszien_3\" style=\"border-top: 0px; border-right: 0px; background-image: none; border-bottom: 0px; padding-top: 0px; padding-left: 0px; border-left: 0px; display: inline; padding-right: 0px\" border=\"0\" alt=\"03_Faszien_3\" src=\"https:\/\/i0.wp.com\/www.tus-oppenau.de\/fussball\/wp-content\/uploads\/2024\/07\/03_Faszien_3_thumb.jpg?resize=474%2C210&#038;ssl=1\" width=\"474\" height=\"210\"><\/a><\/p>\n<p align=\"justify\">Weiter ist ein Taktiktraining sowie&nbsp; die Wahlen der Mannschaftskapit\u00e4ne eingeplant bevor es zum 2. Testspiel in der Vorbereitung nach Nu\u00dfbach geht, wo man um 16:30 Uhr auf die DJK Tiergarten-Haslach trifft.&nbsp; <\/p>\n<p align=\"justify\"><a href=\"https:\/\/i0.wp.com\/www.tus-oppenau.de\/fussball\/wp-content\/uploads\/2024\/07\/Spiel.jpg?ssl=1\"><img data-recalc-dims=\"1\" loading=\"lazy\" decoding=\"async\" title=\"Spiel\" style=\"border-top: 0px; border-right: 0px; background-image: none; border-bottom: 0px; padding-top: 0px; padding-left: 0px; border-left: 0px; display: inline; padding-right: 0px\" border=\"0\" alt=\"Spiel\" src=\"https:\/\/i0.wp.com\/www.tus-oppenau.de\/fussball\/wp-content\/uploads\/2024\/07\/Spiel_thumb.jpg?resize=474%2C165&#038;ssl=1\" width=\"474\" height=\"165\"><\/a><\/p>\n<p align=\"justify\">Am morgigen Sonntag ist dann noch ein Abschlusstraining auf dem Sportgel\u00e4nde Haldenhof geplant. <\/p>\n<p align=\"center\"><strong>Herzlichen Dank f\u00fcr die Unterst\u00fctzung an Christiane Burkart und Petra Hoferer vom Haldenhofteam f\u00fcr die tolle Unterst\u00fctzung.<\/strong><\/p>\n","protected":false},"excerpt":{"rendered":"<p>F\u00fcr den Kader des Landesliga-Team steht an diesem Wochenende eine schwei\u00dftreibendes Trainingswochenende auf dem Vorbereitungsprogramm. Los ging es f\u00fcr das Team um Stefan Laifer und Rico Maier am Freitagabend mit einer Trainingseinheit. Am heutigen Samstag folgte Morgens eine weitere Trainingseinheit mit anschlie\u00dfender Abk\u00fchlung in der Rench, bevor es dann ein ausgiebiges Fr\u00fchst\u00fcck im Sportheim gab. &hellip; <a href=\"https:\/\/www.tus-oppenau.de\/fussball\/2024\/07\/trainingswochenende-der-1-mannschaft\/\" class=\"more-link\"><span class=\"screen-reader-text\">Trainingswochenende der 1. Mannschaft<\/span> weiterlesen <span class=\"meta-nav\">&rarr;<\/span><\/a><\/p>\n","protected":false},"author":47,"featured_media":0,"comment_status":"closed","ping_status":"open","sticky":false,"template":"","format":"standard","meta":{"_jetpack_memberships_contains_paid_content":false,"footnotes":"","jetpack_publicize_message":"","jetpack_publicize_feature_enabled":true,"jetpack_social_post_already_shared":true,"jetpack_social_options":{"image_generator_settings":{"template":"highway","default_image_id":0,"font":"","enabled":false},"version":2}},"categories":[247],"tags":[],"class_list":["post-11061","post","type-post","status-publish","format-standard","hentry","category-1-mannschaft"],"jetpack_publicize_connections":[],"jetpack_featured_media_url":"","jetpack_sharing_enabled":true,"jetpack_likes_enabled":true,"_links":{"self":[{"href":"https:\/\/www.tus-oppenau.de\/fussball\/wp-json\/wp\/v2\/posts\/11061","targetHints":{"allow":["GET"]}}],"collection":[{"href":"https:\/\/www.tus-oppenau.de\/fussball\/wp-json\/wp\/v2\/posts"}],"about":[{"href":"https:\/\/www.tus-oppenau.de\/fussball\/wp-json\/wp\/v2\/types\/post"}],"author":[{"embeddable":true,"href":"https:\/\/www.tus-oppenau.de\/fussball\/wp-json\/wp\/v2\/users\/47"}],"replies":[{"embeddable":true,"href":"https:\/\/www.tus-oppenau.de\/fussball\/wp-json\/wp\/v2\/comments?post=11061"}],"version-history":[{"count":2,"href":"https:\/\/www.tus-oppenau.de\/fussball\/wp-json\/wp\/v2\/posts\/11061\/revisions"}],"predecessor-version":[{"id":11063,"href":"https:\/\/www.tus-oppenau.de\/fussball\/wp-json\/wp\/v2\/posts\/11061\/revisions\/11063"}],"wp:attachment":[{"href":"https:\/\/www.tus-oppenau.de\/fussball\/wp-json\/wp\/v2\/media?parent=11061"}],"wp:term":[{"taxonomy":"category","embeddable":true,"href":"https:\/\/www.tus-oppenau.de\/fussball\/wp-json\/wp\/v2\/categories?post=11061"},{"taxonomy":"post_tag","embeddable":true,"href":"https:\/\/www.tus-oppenau.de\/fussball\/wp-json\/wp\/v2\/tags?post=11061"}],"curies":[{"name":"wp","href":"https:\/\/api.w.org\/{rel}","templated":true}]}}