{"id":11261,"date":"2024-09-08T19:39:29","date_gmt":"2024-09-08T17:39:29","guid":{"rendered":"https:\/\/www.tus-oppenau.de\/fussball\/?p=11261"},"modified":"2024-11-17T11:39:12","modified_gmt":"2024-11-17T09:39:12","slug":"trainingslager-der-d-jugend-mit-bernachtung-in-zusenhofen","status":"publish","type":"post","link":"https:\/\/www.tus-oppenau.de\/fussball\/2024\/09\/trainingslager-der-d-jugend-mit-bernachtung-in-zusenhofen\/","title":{"rendered":"Trainingslager der D-Jugend mit &Uuml;bernachtung in Zusenhofen"},"content":{"rendered":"<p align=\"justify\"><strong>Am Samstag, 07.09.2024 um 8 Uhr haben sich 20 D-Jugend Spieler und 6 Trainer auf dem Sportplatz in Oppenau getroffen und dann ging\u2018s los mit dem Zug Richtung Zusenhofen.<\/strong><\/p>\n<p align=\"justify\"><a href=\"https:\/\/i0.wp.com\/www.tus-oppenau.de\/fussball\/wp-content\/uploads\/2024\/09\/TRL_D-Junioren_008.jpg?ssl=1\"><img data-recalc-dims=\"1\" loading=\"lazy\" decoding=\"async\" style=\"background-image: none; padding-top: 0px; padding-left: 0px; display: inline; padding-right: 0px; border: 0px;\" title=\"TRL_D-Junioren_008\" src=\"https:\/\/i0.wp.com\/www.tus-oppenau.de\/fussball\/wp-content\/uploads\/2024\/09\/TRL_D-Junioren_008_thumb.jpg?resize=474%2C259&#038;ssl=1\" alt=\"TRL_D-Junioren_008\" width=\"474\" height=\"259\" border=\"0\" \/><\/a><\/p>\n<p align=\"justify\">Dort angekommen wurde das Nachtlager im Sportheim eingerichtet und die erste intensive Trainingseinheit absolviert. Nach dem Mittagssnack standen zwei Testspiele gegen die SG Zusenhofen auf dem Programm. Den Abend lie\u00dfen wir mit D\u00f6ner, Pizza, Teamspielen und dem Spiel der deutschen Nationalmannschaft gegen Ungarn ausklingen.<\/p>\n<p align=\"justify\"><a href=\"https:\/\/i0.wp.com\/www.tus-oppenau.de\/fussball\/wp-content\/uploads\/2024\/09\/TRL_D-Junioren_002.jpg?ssl=1\"><img data-recalc-dims=\"1\" loading=\"lazy\" decoding=\"async\" style=\"background-image: none; padding-top: 0px; padding-left: 0px; margin: 0px; display: inline; padding-right: 0px; border: 0px;\" title=\"TRL_D-Junioren_002\" src=\"https:\/\/i0.wp.com\/www.tus-oppenau.de\/fussball\/wp-content\/uploads\/2024\/09\/TRL_D-Junioren_002_thumb.jpg?resize=244%2C184&#038;ssl=1\" alt=\"TRL_D-Junioren_002\" width=\"244\" height=\"184\" border=\"0\" \/><\/a><a href=\"https:\/\/i0.wp.com\/www.tus-oppenau.de\/fussball\/wp-content\/uploads\/2024\/09\/TRL_D-Junioren_006.jpg?ssl=1\"><img data-recalc-dims=\"1\" loading=\"lazy\" decoding=\"async\" style=\"background-image: none; padding-top: 0px; padding-left: 0px; display: inline; padding-right: 0px; border: 0px;\" title=\"TRL_D-Junioren_006\" src=\"https:\/\/i0.wp.com\/www.tus-oppenau.de\/fussball\/wp-content\/uploads\/2024\/09\/TRL_D-Junioren_006_thumb.jpg?resize=240%2C181&#038;ssl=1\" alt=\"TRL_D-Junioren_006\" width=\"240\" height=\"181\" border=\"0\" \/><\/a><\/p>\n<p align=\"justify\">Nach dem Fr\u00fchst\u00fcck am Sonntagmorgen hatten die Trainer noch Fu\u00dfball Golf vorbereitet. Es wurden 6 Gruppen ausgelost, die sich mit jeweils einem Trainer auf den Parcour begaben. Mit viel Spa\u00df und Elan haben die Jungs auch diese Aufgaben geschafft.<br \/>\nGl\u00fccklich und aber auch m\u00fcde, wurden die Jungs dann gegen Mittag von ihren Eltern abgeholt. Nach dem Aufr\u00e4umen ging\u2019s auch f\u00fcr die Trainer nach Hause. Schlaf nachholen und die \u201eKnochen richten\u201c, irgendwie sind wir halt auch nicht mehr die J\u00fcngsten und eine Nacht auf dem harten Kabinenboden hinterl\u00e4sst seine Spuren.<\/p>\n<p align=\"justify\"><a href=\"https:\/\/i0.wp.com\/www.tus-oppenau.de\/fussball\/wp-content\/uploads\/2024\/09\/TRL_D-Junioren_004.jpg?ssl=1\"><img data-recalc-dims=\"1\" loading=\"lazy\" decoding=\"async\" style=\"background-image: none; padding-top: 0px; padding-left: 0px; display: inline; padding-right: 0px; border: 0px;\" title=\"TRL_D-Junioren_004\" src=\"https:\/\/i0.wp.com\/www.tus-oppenau.de\/fussball\/wp-content\/uploads\/2024\/09\/TRL_D-Junioren_004_thumb.jpg?resize=240%2C154&#038;ssl=1\" alt=\"TRL_D-Junioren_004\" width=\"240\" height=\"154\" border=\"0\" \/><\/a>\u00a0 <a href=\"https:\/\/i0.wp.com\/www.tus-oppenau.de\/fussball\/wp-content\/uploads\/2024\/09\/TRL_D-Junioren_005.jpg?ssl=1\"><img data-recalc-dims=\"1\" loading=\"lazy\" decoding=\"async\" style=\"background-image: none; padding-top: 0px; padding-left: 0px; display: inline; padding-right: 0px; border: 0px;\" title=\"TRL_D-Junioren_005\" src=\"https:\/\/i0.wp.com\/www.tus-oppenau.de\/fussball\/wp-content\/uploads\/2024\/09\/TRL_D-Junioren_005_thumb.jpg?resize=266%2C152&#038;ssl=1\" alt=\"TRL_D-Junioren_005\" width=\"266\" height=\"152\" border=\"0\" \/><\/a><\/p>\n<p align=\"justify\"><a href=\"https:\/\/i0.wp.com\/www.tus-oppenau.de\/fussball\/wp-content\/uploads\/2024\/09\/TRL_D-Junioren_003.jpg?ssl=1\"><img data-recalc-dims=\"1\" loading=\"lazy\" decoding=\"async\" style=\"background-image: none; padding-top: 0px; padding-left: 0px; display: inline; padding-right: 0px; border: 0px;\" title=\"TRL_D-Junioren_003\" src=\"https:\/\/i0.wp.com\/www.tus-oppenau.de\/fussball\/wp-content\/uploads\/2024\/09\/TRL_D-Junioren_003_thumb.jpg?resize=240%2C181&#038;ssl=1\" alt=\"TRL_D-Junioren_003\" width=\"240\" height=\"181\" border=\"0\" \/><\/a>\u00a0 <a href=\"https:\/\/i0.wp.com\/www.tus-oppenau.de\/fussball\/wp-content\/uploads\/2024\/09\/TRL_D-Junioren_007.jpg?ssl=1\"><img data-recalc-dims=\"1\" loading=\"lazy\" decoding=\"async\" style=\"background-image: none; padding-top: 0px; padding-left: 0px; display: inline; padding-right: 0px; border: 0px;\" title=\"TRL_D-Junioren_007\" src=\"https:\/\/i0.wp.com\/www.tus-oppenau.de\/fussball\/wp-content\/uploads\/2024\/09\/TRL_D-Junioren_007_thumb.jpg?resize=240%2C181&#038;ssl=1\" alt=\"TRL_D-Junioren_007\" width=\"240\" height=\"181\" border=\"0\" \/><\/a><br \/>\nAber alles in allem haben die Jungs richtig gut mitgezogen, trainiert und es war ein geniales Teamerlebnis!!!!!<\/p>\n<p align=\"justify\"><strong>Ein ganz gro\u00dfes DANKESCH\u00d6N gilt den \u201eFEGER\u2019s\u201c, f\u00fcr die Organisation der Location und allem drum herum. Unterst\u00fctzt hat uns auch der TuS Oppenau und sonstige Spender.<\/strong><\/p>\n<p align=\"justify\"><a href=\"https:\/\/i0.wp.com\/www.tus-oppenau.de\/fussball\/wp-content\/uploads\/2024\/09\/TRL_D-Junioren_010.jpg?ssl=1\"><img data-recalc-dims=\"1\" loading=\"lazy\" decoding=\"async\" style=\"background-image: none; padding-top: 0px; padding-left: 0px; display: inline; padding-right: 0px; border: 0px;\" title=\"TRL_D-Junioren_010\" src=\"https:\/\/i0.wp.com\/www.tus-oppenau.de\/fussball\/wp-content\/uploads\/2024\/09\/TRL_D-Junioren_010_thumb.jpg?resize=474%2C265&#038;ssl=1\" alt=\"TRL_D-Junioren_010\" width=\"474\" height=\"265\" border=\"0\" \/><\/a><\/p>\n","protected":false},"excerpt":{"rendered":"<p>Am Samstag, 07.09.2024 um 8 Uhr haben sich 20 D-Jugend Spieler und 6 Trainer auf dem Sportplatz in Oppenau getroffen und dann ging\u2018s los mit dem Zug Richtung Zusenhofen. Dort angekommen wurde das Nachtlager im Sportheim eingerichtet und die erste intensive Trainingseinheit absolviert. Nach dem Mittagssnack standen zwei Testspiele gegen die SG Zusenhofen auf dem &hellip; <a href=\"https:\/\/www.tus-oppenau.de\/fussball\/2024\/09\/trainingslager-der-d-jugend-mit-bernachtung-in-zusenhofen\/\" class=\"more-link\"><span class=\"screen-reader-text\">Trainingslager der D-Jugend mit &Uuml;bernachtung in Zusenhofen<\/span> weiterlesen <span class=\"meta-nav\">&rarr;<\/span><\/a><\/p>\n","protected":false},"author":47,"featured_media":11245,"comment_status":"closed","ping_status":"open","sticky":false,"template":"","format":"standard","meta":{"_jetpack_memberships_contains_paid_content":false,"footnotes":"","jetpack_publicize_message":"","jetpack_publicize_feature_enabled":true,"jetpack_social_post_already_shared":true,"jetpack_social_options":{"image_generator_settings":{"template":"highway","default_image_id":0,"font":"","enabled":false},"version":2}},"categories":[262],"tags":[],"class_list":["post-11261","post","type-post","status-publish","format-standard","has-post-thumbnail","hentry","category-d-junioren"],"jetpack_publicize_connections":[],"jetpack_featured_media_url":"https:\/\/i0.wp.com\/www.tus-oppenau.de\/fussball\/wp-content\/uploads\/2024\/09\/TRL_D-Junioren_008.jpg?fit=1024%2C549&ssl=1","jetpack_sharing_enabled":true,"jetpack_likes_enabled":true,"_links":{"self":[{"href":"https:\/\/www.tus-oppenau.de\/fussball\/wp-json\/wp\/v2\/posts\/11261","targetHints":{"allow":["GET"]}}],"collection":[{"href":"https:\/\/www.tus-oppenau.de\/fussball\/wp-json\/wp\/v2\/posts"}],"about":[{"href":"https:\/\/www.tus-oppenau.de\/fussball\/wp-json\/wp\/v2\/types\/post"}],"author":[{"embeddable":true,"href":"https:\/\/www.tus-oppenau.de\/fussball\/wp-json\/wp\/v2\/users\/47"}],"replies":[{"embeddable":true,"href":"https:\/\/www.tus-oppenau.de\/fussball\/wp-json\/wp\/v2\/comments?post=11261"}],"version-history":[{"count":2,"href":"https:\/\/www.tus-oppenau.de\/fussball\/wp-json\/wp\/v2\/posts\/11261\/revisions"}],"predecessor-version":[{"id":11264,"href":"https:\/\/www.tus-oppenau.de\/fussball\/wp-json\/wp\/v2\/posts\/11261\/revisions\/11264"}],"wp:featuredmedia":[{"embeddable":true,"href":"https:\/\/www.tus-oppenau.de\/fussball\/wp-json\/wp\/v2\/media\/11245"}],"wp:attachment":[{"href":"https:\/\/www.tus-oppenau.de\/fussball\/wp-json\/wp\/v2\/media?parent=11261"}],"wp:term":[{"taxonomy":"category","embeddable":true,"href":"https:\/\/www.tus-oppenau.de\/fussball\/wp-json\/wp\/v2\/categories?post=11261"},{"taxonomy":"post_tag","embeddable":true,"href":"https:\/\/www.tus-oppenau.de\/fussball\/wp-json\/wp\/v2\/tags?post=11261"}],"curies":[{"name":"wp","href":"https:\/\/api.w.org\/{rel}","templated":true}]}}