{"id":11347,"date":"2024-09-22T20:17:44","date_gmt":"2024-09-22T18:17:44","guid":{"rendered":"https:\/\/www.tus-oppenau.de\/fussball\/?p=11347"},"modified":"2024-10-01T21:51:18","modified_gmt":"2024-10-01T19:51:18","slug":"derbyniederlage","status":"publish","type":"post","link":"https:\/\/www.tus-oppenau.de\/fussball\/2024\/09\/derbyniederlage\/","title":{"rendered":"Derbyniederlage"},"content":{"rendered":"<p align=\"justify\"><strong>TuS Oppenau &#8211; SV Oberkirch 1:3 (0:0)<\/strong><\/p>\n<p align=\"justify\"><strong>Im Renchtalderby musste sich der TuS Oppenau dem SV Oberkirch mit 1:3 geschlagen geben. Nach einer zun\u00e4chst niveauarmen ersten Halbzeit konnten die G\u00e4ste in der zweiten Halbzeit die sich bietenden Chancen konsequenter nutzen und gewannen am Ende verdient.<\/strong><\/p>\n<p align=\"justify\"><strong><a href=\"https:\/\/i0.wp.com\/www.tus-oppenau.de\/fussball\/wp-content\/uploads\/2024\/09\/IMG_3211.jpg?ssl=1\"><img data-recalc-dims=\"1\" loading=\"lazy\" decoding=\"async\" style=\"background-image: none; padding-top: 0px; padding-left: 0px; display: inline; padding-right: 0px; border: 0px;\" title=\"IMG_3211\" src=\"https:\/\/i0.wp.com\/www.tus-oppenau.de\/fussball\/wp-content\/uploads\/2024\/09\/IMG_3211_thumb.jpg?resize=474%2C267&#038;ssl=1\" alt=\"IMG_3211\" width=\"474\" height=\"267\" border=\"0\" \/><\/a><\/strong><\/p>\n<p align=\"justify\">Die erste nennenswerte M\u00f6glichkeit hatten die G\u00e4ste durch L\u00f6bsack per Kopf nach einem Freisto\u00df von der rechten Seite, aber Turri war zur Stelle. Eine Schrecksekunde gab f\u00fcr den TuS es als Wirth auf Turri zur\u00fcckspielte dieser aber ausrutschte. In dieser Phase hatten die G\u00e4ste mehr vom Spiel und der TuS schaffte es nicht gef\u00e4hrliche Aktionen zu kreieren. Halbchancen durch Huber und Wirth brachten kaum Gefahr f\u00fcr das G\u00e4stetor. Nach 35 Minuten Wirth k\u00f6pfte nach einem Eckball knapp \u00fcber die Querlatte. Nun nahm das Spiel deutlich an Fahrt auf. Die gr\u00f6\u00dfte Chance zur G\u00e4stef\u00fchrung vergab Lienert nach einer Flanke von der linken Seite, als er freistehend den Ball neben das Tor setzte. Kurz vor der Pause verfehlte Bohnert aus kurzer Distanz das Tor auf der Gegenseite. Leptig konnte eine weitere Chance f\u00fcr den SVO nicht nutzen. So ging es torlos in die Halbzeitpause.<\/p>\n<p align=\"justify\">Beide Mannschaften kamen zun\u00e4chst unver\u00e4ndert aus den Kabinen. Nach einem Freisto\u00df von halb links konnte Turri zun\u00e4chst noch mit einer Glanzparade abwehren. Der Ball prallte zu Lienert, der aus kurzer Distanz zur G\u00e4stef\u00fchrung traf. Der TuS brauchte ein paar Minuten, um sich zu erholen ehe Bohnert nach Pa\u00df von Wirth frei vor Torh\u00fcter Spinner auftauchte, in diesem aber seinen Meister fand. Nach einem Fehler im Spielaufbau der Gastgeber nahm Leptig aus 20 Metern Ma\u00df und erh\u00f6hte per sehenswertem Flachschuss auf 2:0 f\u00fcr den SVO. Der TuS fand keine Mittel, um Gefahr f\u00fcr das G\u00e4stetor heraufzubeschw\u00f6ren. Bohnert konnte von der SVO-Abwehr noch rechtzeitig gestellt werden. Nach einer Flanke von der linken Seite von Klein war Befio am F\u00fcnfmeter zur Stelle und hatte keine M\u00fche auf 3:0 zu erh\u00f6hen. Kurz vor Spielende konnte David Huber im Nachsetzen den Ball zum 1:3 \u00fcber die Linie dr\u00fccken. Dieser Anschlusstreffer kam aber zu sp\u00e4t und so blieb es beim verdienten Derbysieg des SV Oberkirch.<\/p>\n<p>Torfolge: 0:1 Lienert (52.), 0:2 Leptig (61.), 0;3 Befio (79.), 1:3 Huber D. (88.)<\/p>\n<p>Schiedsrichter: Schmidt, Huber, Sass<\/p>\n<p><strong><u>TuS Oppenau:<\/u><\/strong><br \/>\nTurri, Keller (74. Huber D.), Bohnert, Langguth (56. Gerlach), Hoch, Hoferer, Huber M., Laifer, Haas, Wirth (68. Sch\u00e4uble), Maier (90.+5 Gaiser)<\/p>\n<p><strong><u>SV Oberkirch:<\/u><\/strong><br \/>\nSpinner, Olcan (86. Grommelt), Wahl L., Weber (73. Schier), Braun (86. Heck), Lienert, Leptig, Wahl L. (63. Klein), L\u00f6bsack (74. Kiefer), Yebga, Befio<\/p>\n","protected":false},"excerpt":{"rendered":"<p>TuS Oppenau &#8211; SV Oberkirch 1:3 (0:0) Im Renchtalderby musste sich der TuS Oppenau dem SV Oberkirch mit 1:3 geschlagen geben. Nach einer zun\u00e4chst niveauarmen ersten Halbzeit konnten die G\u00e4ste in der zweiten Halbzeit die sich bietenden Chancen konsequenter nutzen und gewannen am Ende verdient. Die erste nennenswerte M\u00f6glichkeit hatten die G\u00e4ste durch L\u00f6bsack per &hellip; <a href=\"https:\/\/www.tus-oppenau.de\/fussball\/2024\/09\/derbyniederlage\/\" class=\"more-link\"><span class=\"screen-reader-text\">Derbyniederlage<\/span> weiterlesen <span class=\"meta-nav\">&rarr;<\/span><\/a><\/p>\n","protected":false},"author":47,"featured_media":11345,"comment_status":"closed","ping_status":"open","sticky":false,"template":"","format":"standard","meta":{"_jetpack_memberships_contains_paid_content":false,"footnotes":"","jetpack_publicize_message":"","jetpack_publicize_feature_enabled":true,"jetpack_social_post_already_shared":true,"jetpack_social_options":{"image_generator_settings":{"template":"highway","default_image_id":0,"font":"","enabled":false},"version":2}},"categories":[247],"tags":[],"class_list":["post-11347","post","type-post","status-publish","format-standard","has-post-thumbnail","hentry","category-1-mannschaft"],"jetpack_publicize_connections":[],"jetpack_featured_media_url":"https:\/\/i0.wp.com\/www.tus-oppenau.de\/fussball\/wp-content\/uploads\/2024\/09\/IMG_3211.jpg?fit=1024%2C566&ssl=1","jetpack_sharing_enabled":true,"jetpack_likes_enabled":true,"_links":{"self":[{"href":"https:\/\/www.tus-oppenau.de\/fussball\/wp-json\/wp\/v2\/posts\/11347","targetHints":{"allow":["GET"]}}],"collection":[{"href":"https:\/\/www.tus-oppenau.de\/fussball\/wp-json\/wp\/v2\/posts"}],"about":[{"href":"https:\/\/www.tus-oppenau.de\/fussball\/wp-json\/wp\/v2\/types\/post"}],"author":[{"embeddable":true,"href":"https:\/\/www.tus-oppenau.de\/fussball\/wp-json\/wp\/v2\/users\/47"}],"replies":[{"embeddable":true,"href":"https:\/\/www.tus-oppenau.de\/fussball\/wp-json\/wp\/v2\/comments?post=11347"}],"version-history":[{"count":2,"href":"https:\/\/www.tus-oppenau.de\/fussball\/wp-json\/wp\/v2\/posts\/11347\/revisions"}],"predecessor-version":[{"id":11350,"href":"https:\/\/www.tus-oppenau.de\/fussball\/wp-json\/wp\/v2\/posts\/11347\/revisions\/11350"}],"wp:featuredmedia":[{"embeddable":true,"href":"https:\/\/www.tus-oppenau.de\/fussball\/wp-json\/wp\/v2\/media\/11345"}],"wp:attachment":[{"href":"https:\/\/www.tus-oppenau.de\/fussball\/wp-json\/wp\/v2\/media?parent=11347"}],"wp:term":[{"taxonomy":"category","embeddable":true,"href":"https:\/\/www.tus-oppenau.de\/fussball\/wp-json\/wp\/v2\/categories?post=11347"},{"taxonomy":"post_tag","embeddable":true,"href":"https:\/\/www.tus-oppenau.de\/fussball\/wp-json\/wp\/v2\/tags?post=11347"}],"curies":[{"name":"wp","href":"https:\/\/api.w.org\/{rel}","templated":true}]}}