{"id":11664,"date":"2024-12-07T17:59:01","date_gmt":"2024-12-07T15:59:01","guid":{"rendered":"https:\/\/www.tus-oppenau.de\/fussball\/?p=11664"},"modified":"2024-12-07T17:59:01","modified_gmt":"2024-12-07T15:59:01","slug":"tus-oppenau-trauert-um-erwin-banaszak","status":"publish","type":"post","link":"https:\/\/www.tus-oppenau.de\/fussball\/2024\/12\/tus-oppenau-trauert-um-erwin-banaszak\/","title":{"rendered":"TuS Oppenau trauert um Erwin Banaszak"},"content":{"rendered":"<p><strong>Mit gro\u00dfer Betroffenheit und tiefer Trauer nehmen wir Abschied von unserem langj\u00e4hrigen Vereinsmitglied Erwin Banaszak der vergangene Woche im Alter vom 90 Jahren verstorben ist.<\/strong> <\/p>\n<p><a href=\"https:\/\/i0.wp.com\/www.tus-oppenau.de\/fussball\/wp-content\/uploads\/2024\/12\/Nachruf_Erwin_Banszak.jpg?ssl=1\"><img data-recalc-dims=\"1\" loading=\"lazy\" decoding=\"async\" title=\"Nachruf_Erwin_Banszak\" style=\"border-top: 0px; border-right: 0px; background-image: none; border-bottom: 0px; padding-top: 0px; padding-left: 0px; border-left: 0px; display: inline; padding-right: 0px\" border=\"0\" alt=\"Nachruf_Erwin_Banszak\" src=\"https:\/\/i0.wp.com\/www.tus-oppenau.de\/fussball\/wp-content\/uploads\/2024\/12\/Nachruf_Erwin_Banszak_thumb.jpg?resize=474%2C302&#038;ssl=1\" width=\"474\" height=\"302\"><\/a> <\/p>\n<p align=\"justify\">Erwin war ein begnadeter Fu\u00dfballer und \u00fcber viele Jahre Spieler sowie sp\u00e4ter Jugendtrainer in unserem Verein. Wir werden Ihn stets ehrend gedenken. Unser Mitgef\u00fchl gilt seinen Angeh\u00f6rigen und allen, die sich Ihm verbunden f\u00fchlten. <\/p>\n<p align=\"justify\"><a href=\"https:\/\/i0.wp.com\/www.tus-oppenau.de\/fussball\/wp-content\/uploads\/2024\/12\/91f115f5-4c69-4c86-9af3-905c8e0e1b75.jpg?ssl=1\"><img data-recalc-dims=\"1\" loading=\"lazy\" decoding=\"async\" title=\"91f115f5-4c69-4c86-9af3-905c8e0e1b75\" style=\"border-top: 0px; border-right: 0px; background-image: none; border-bottom: 0px; padding-top: 0px; padding-left: 0px; border-left: 0px; display: inline; padding-right: 0px\" border=\"0\" alt=\"91f115f5-4c69-4c86-9af3-905c8e0e1b75\" src=\"https:\/\/i0.wp.com\/www.tus-oppenau.de\/fussball\/wp-content\/uploads\/2024\/12\/91f115f5-4c69-4c86-9af3-905c8e0e1b75_thumb.jpg?resize=319%2C342&#038;ssl=1\" width=\"319\" height=\"342\"><\/a>&nbsp;<a href=\"https:\/\/i0.wp.com\/www.tus-oppenau.de\/fussball\/wp-content\/uploads\/2024\/12\/IMG_4519.jpg?ssl=1\"><img data-recalc-dims=\"1\" loading=\"lazy\" decoding=\"async\" title=\"IMG_4519\" style=\"border-top: 0px; border-right: 0px; background-image: none; border-bottom: 0px; padding-top: 0px; padding-left: 0px; border-left: 0px; display: inline; padding-right: 0px\" border=\"0\" alt=\"IMG_4519\" src=\"https:\/\/i0.wp.com\/www.tus-oppenau.de\/fussball\/wp-content\/uploads\/2024\/12\/IMG_4519_thumb.jpg?resize=255%2C339&#038;ssl=1\" width=\"255\" height=\"339\"><\/a> <\/p>\n<p align=\"justify\">Bei der Trauerfeier in Ehrenkirchen-Kirchhofen legten die Fu\u00dfballkameraden des TuS Oppenau ein Gebinde nieder.  <\/p>\n<p align=\"justify\"><a href=\"https:\/\/i0.wp.com\/www.tus-oppenau.de\/fussball\/wp-content\/uploads\/2024\/12\/IMG_4520.jpg?ssl=1\"><img data-recalc-dims=\"1\" loading=\"lazy\" decoding=\"async\" title=\"IMG_4520\" style=\"border-top: 0px; border-right: 0px; background-image: none; border-bottom: 0px; padding-top: 0px; padding-left: 0px; border-left: 0px; display: inline; padding-right: 0px\" border=\"0\" alt=\"IMG_4520\" src=\"https:\/\/i0.wp.com\/www.tus-oppenau.de\/fussball\/wp-content\/uploads\/2024\/12\/IMG_4520_thumb.jpg?resize=474%2C358&#038;ssl=1\" width=\"474\" height=\"358\"><\/a> <\/p>\n<p align=\"justify\"><a href=\"https:\/\/i0.wp.com\/www.tus-oppenau.de\/fussball\/wp-content\/uploads\/2024\/12\/Nachruf_Erwin_Banszak-1.jpg?ssl=1\"><img data-recalc-dims=\"1\" loading=\"lazy\" decoding=\"async\" title=\"Nachruf_Erwin_Banszak\" style=\"border-top: 0px; border-right: 0px; background-image: none; border-bottom: 0px; padding-top: 0px; padding-left: 0px; border-left: 0px; display: inline; padding-right: 0px\" border=\"0\" alt=\"Nachruf_Erwin_Banszak\" src=\"https:\/\/i0.wp.com\/www.tus-oppenau.de\/fussball\/wp-content\/uploads\/2024\/12\/Nachruf_Erwin_Banszak_thumb-1.jpg?resize=474%2C302&#038;ssl=1\" width=\"474\" height=\"302\"><\/a><\/p>\n","protected":false},"excerpt":{"rendered":"<p>Mit gro\u00dfer Betroffenheit und tiefer Trauer nehmen wir Abschied von unserem langj\u00e4hrigen Vereinsmitglied Erwin Banaszak der vergangene Woche im Alter vom 90 Jahren verstorben ist. Erwin war ein begnadeter Fu\u00dfballer und \u00fcber viele Jahre Spieler sowie sp\u00e4ter Jugendtrainer in unserem Verein. Wir werden Ihn stets ehrend gedenken. Unser Mitgef\u00fchl gilt seinen Angeh\u00f6rigen und allen, die &hellip; <a href=\"https:\/\/www.tus-oppenau.de\/fussball\/2024\/12\/tus-oppenau-trauert-um-erwin-banaszak\/\" class=\"more-link\"><span class=\"screen-reader-text\">TuS Oppenau trauert um Erwin Banaszak<\/span> weiterlesen <span class=\"meta-nav\">&rarr;<\/span><\/a><\/p>\n","protected":false},"author":47,"featured_media":0,"comment_status":"closed","ping_status":"open","sticky":false,"template":"","format":"standard","meta":{"_jetpack_memberships_contains_paid_content":false,"footnotes":"","jetpack_publicize_message":"","jetpack_publicize_feature_enabled":true,"jetpack_social_post_already_shared":true,"jetpack_social_options":{"image_generator_settings":{"template":"highway","default_image_id":0,"font":"","enabled":false},"version":2}},"categories":[1],"tags":[],"class_list":["post-11664","post","type-post","status-publish","format-standard","hentry","category-allgemein"],"jetpack_publicize_connections":[],"jetpack_featured_media_url":"","jetpack_sharing_enabled":true,"jetpack_likes_enabled":true,"_links":{"self":[{"href":"https:\/\/www.tus-oppenau.de\/fussball\/wp-json\/wp\/v2\/posts\/11664","targetHints":{"allow":["GET"]}}],"collection":[{"href":"https:\/\/www.tus-oppenau.de\/fussball\/wp-json\/wp\/v2\/posts"}],"about":[{"href":"https:\/\/www.tus-oppenau.de\/fussball\/wp-json\/wp\/v2\/types\/post"}],"author":[{"embeddable":true,"href":"https:\/\/www.tus-oppenau.de\/fussball\/wp-json\/wp\/v2\/users\/47"}],"replies":[{"embeddable":true,"href":"https:\/\/www.tus-oppenau.de\/fussball\/wp-json\/wp\/v2\/comments?post=11664"}],"version-history":[{"count":1,"href":"https:\/\/www.tus-oppenau.de\/fussball\/wp-json\/wp\/v2\/posts\/11664\/revisions"}],"predecessor-version":[{"id":11665,"href":"https:\/\/www.tus-oppenau.de\/fussball\/wp-json\/wp\/v2\/posts\/11664\/revisions\/11665"}],"wp:attachment":[{"href":"https:\/\/www.tus-oppenau.de\/fussball\/wp-json\/wp\/v2\/media?parent=11664"}],"wp:term":[{"taxonomy":"category","embeddable":true,"href":"https:\/\/www.tus-oppenau.de\/fussball\/wp-json\/wp\/v2\/categories?post=11664"},{"taxonomy":"post_tag","embeddable":true,"href":"https:\/\/www.tus-oppenau.de\/fussball\/wp-json\/wp\/v2\/tags?post=11664"}],"curies":[{"name":"wp","href":"https:\/\/api.w.org\/{rel}","templated":true}]}}