{"id":11679,"date":"2024-12-13T17:31:47","date_gmt":"2024-12-13T15:31:47","guid":{"rendered":"https:\/\/www.tus-oppenau.de\/fussball\/?p=11679"},"modified":"2025-01-02T22:06:26","modified_gmt":"2025-01-02T20:06:26","slug":"nikolaus-besuch-bei-den-bambini-und-f-junioren","status":"publish","type":"post","link":"https:\/\/www.tus-oppenau.de\/fussball\/2024\/12\/nikolaus-besuch-bei-den-bambini-und-f-junioren\/","title":{"rendered":"Nikolaus-Besuch bei den Bambini und F-Junioren"},"content":{"rendered":"<p align=\"justify\"><strong>\u00dcber eine ganz besondere \u00dcberraschung durften sich k\u00fcrzlich die Kinder der Bambinis und der F-Jugend freuen: zum letzten Training des Jahres auf dem Haldenhof besuchte sie der Nikolaus mit seinem Knecht Ruprecht.<\/strong><\/p>\n<p align=\"justify\"><a href=\"https:\/\/i0.wp.com\/www.tus-oppenau.de\/fussball\/wp-content\/uploads\/2024\/12\/1000153689.jpg?ssl=1\"><img data-recalc-dims=\"1\" loading=\"lazy\" decoding=\"async\" style=\"background-image: none; padding-top: 0px; padding-left: 0px; display: inline; padding-right: 0px; border: 0px;\" title=\"1000153689\" src=\"https:\/\/i0.wp.com\/www.tus-oppenau.de\/fussball\/wp-content\/uploads\/2024\/12\/1000153689_thumb.jpg?resize=474%2C292&#038;ssl=1\" alt=\"1000153689\" width=\"474\" height=\"292\" border=\"0\" \/><\/a><\/p>\n<p align=\"justify\">Die Aufregung bei den Kindern war gro\u00df, als der Nikolaus seinen Knecht Ruprecht ins Tor schickte und dieser sich den Torsch\u00fcssen des Nachwuchses in den Weg stellte. Was dem Trainergespann im Training selten gelingt, schaffte der Nikolaus ohne Weiteres: Brav stellten sich die Kinder in einer Reihe auf, damit auch jedes einmal auf das Tor schie\u00dfen konnte!<\/p>\n<p align=\"justify\"><a href=\"https:\/\/i0.wp.com\/www.tus-oppenau.de\/fussball\/wp-content\/uploads\/2024\/12\/1000151956.jpg?ssl=1\"><img data-recalc-dims=\"1\" loading=\"lazy\" decoding=\"async\" style=\"background-image: none; padding-top: 0px; padding-left: 0px; display: inline; padding-right: 0px; border: 0px;\" title=\"1000151956\" src=\"https:\/\/i0.wp.com\/www.tus-oppenau.de\/fussball\/wp-content\/uploads\/2024\/12\/1000151956_thumb.jpg?resize=474%2C271&#038;ssl=1\" alt=\"1000151956\" width=\"474\" height=\"271\" border=\"0\" \/><\/a><\/p>\n<p align=\"justify\">Nachdem die Kinder vor dem Nikolaus und Knecht Ruprecht noch ein Nikolauslied zum Besten gegeben hatten, erhielt jedes zur Belohnung ein kleines Geschenk.<\/p>\n<p align=\"justify\"><a href=\"https:\/\/i0.wp.com\/www.tus-oppenau.de\/fussball\/wp-content\/uploads\/2024\/12\/1000152035.jpg?ssl=1\"><img data-recalc-dims=\"1\" loading=\"lazy\" decoding=\"async\" style=\"background-image: none; padding-top: 0px; padding-left: 0px; display: inline; padding-right: 0px; border: 0px;\" title=\"1000152035\" src=\"https:\/\/i0.wp.com\/www.tus-oppenau.de\/fussball\/wp-content\/uploads\/2024\/12\/1000152035_thumb.jpg?resize=296%2C338&#038;ssl=1\" alt=\"1000152035\" width=\"296\" height=\"338\" border=\"0\" \/><\/a><\/p>\n<p align=\"justify\">Ein herzliches Dankesch\u00f6n geht an dieser Stelle an unsere langj\u00e4hrigen Spender der Obst- und S\u00fc\u00dfigkeitent\u00fcten Anke Decker vom <a href=\"https:\/\/www.edeka.de\/eh\/s%C3%BCdwest\/decker%C2%B4s-frische-center-stra%C3%9Fburger-stra%C3%9Fe-72\/index.jsp\">Edeka Decker<\/a> und Dieter Maier von der <a href=\"https:\/\/www.sparkasse-offenburg.de\/de\/home.html\">Sparkassenfiliale<\/a> in Oppenau.<\/p>\n<p align=\"justify\"><a href=\"https:\/\/i0.wp.com\/www.tus-oppenau.de\/fussball\/wp-content\/uploads\/2024\/12\/1000152026.jpg?ssl=1\"><img data-recalc-dims=\"1\" loading=\"lazy\" decoding=\"async\" style=\"background-image: none; padding-top: 0px; padding-left: 0px; display: inline; padding-right: 0px; border: 0px;\" title=\"1000152026\" src=\"https:\/\/i0.wp.com\/www.tus-oppenau.de\/fussball\/wp-content\/uploads\/2024\/12\/1000152026_thumb.jpg?resize=474%2C324&#038;ssl=1\" alt=\"1000152026\" width=\"474\" height=\"324\" border=\"0\" \/><\/a><\/p>\n<p align=\"justify\"><a href=\"https:\/\/i0.wp.com\/www.tus-oppenau.de\/fussball\/wp-content\/uploads\/2024\/12\/1000152029.jpg?ssl=1\"><img data-recalc-dims=\"1\" loading=\"lazy\" decoding=\"async\" style=\"background-image: none; padding-top: 0px; padding-left: 0px; display: inline; padding-right: 0px; border: 0px;\" title=\"1000152029\" src=\"https:\/\/i0.wp.com\/www.tus-oppenau.de\/fussball\/wp-content\/uploads\/2024\/12\/1000152029_thumb.jpg?resize=474%2C304&#038;ssl=1\" alt=\"1000152029\" width=\"474\" height=\"304\" border=\"0\" \/><\/a><\/p>\n<p align=\"justify\">Traditionell traf sich das Trainerteam der Bambini und F-Jugend im Anschluss an das letzte Training der Saison im Sportheim, wo sie von Petra mit einem leckeren Abendessen verw\u00f6hnt wurden, auch an sie ergeht hiermit ein herzliches Dankesch\u00f6n!<\/p>\n<p align=\"justify\"><a href=\"https:\/\/i0.wp.com\/www.tus-oppenau.de\/fussball\/wp-content\/uploads\/2024\/12\/1000152032.jpg?ssl=1\"><img data-recalc-dims=\"1\" loading=\"lazy\" decoding=\"async\" style=\"background-image: none; padding-top: 0px; padding-left: 0px; display: inline; padding-right: 0px; border: 0px;\" title=\"1000152032\" src=\"https:\/\/i0.wp.com\/www.tus-oppenau.de\/fussball\/wp-content\/uploads\/2024\/12\/1000152032_thumb.jpg?resize=474%2C255&#038;ssl=1\" alt=\"1000152032\" width=\"474\" height=\"255\" border=\"0\" \/><\/a><\/p>\n","protected":false},"excerpt":{"rendered":"<p>\u00dcber eine ganz besondere \u00dcberraschung durften sich k\u00fcrzlich die Kinder der Bambinis und der F-Jugend freuen: zum letzten Training des Jahres auf dem Haldenhof besuchte sie der Nikolaus mit seinem Knecht Ruprecht. Die Aufregung bei den Kindern war gro\u00df, als der Nikolaus seinen Knecht Ruprecht ins Tor schickte und dieser sich den Torsch\u00fcssen des Nachwuchses &hellip; <a href=\"https:\/\/www.tus-oppenau.de\/fussball\/2024\/12\/nikolaus-besuch-bei-den-bambini-und-f-junioren\/\" class=\"more-link\"><span class=\"screen-reader-text\">Nikolaus-Besuch bei den Bambini und F-Junioren<\/span> weiterlesen <span class=\"meta-nav\">&rarr;<\/span><\/a><\/p>\n","protected":false},"author":47,"featured_media":11667,"comment_status":"closed","ping_status":"open","sticky":false,"template":"","format":"standard","meta":{"_jetpack_memberships_contains_paid_content":false,"footnotes":"","jetpack_publicize_message":"","jetpack_publicize_feature_enabled":true,"jetpack_social_post_already_shared":true,"jetpack_social_options":{"image_generator_settings":{"template":"highway","default_image_id":0,"font":"","enabled":false},"version":2}},"categories":[273,274],"tags":[],"class_list":["post-11679","post","type-post","status-publish","format-standard","has-post-thumbnail","hentry","category-f-junioren","category-g-junioren-bambinis"],"jetpack_publicize_connections":[],"jetpack_featured_media_url":"https:\/\/i0.wp.com\/www.tus-oppenau.de\/fussball\/wp-content\/uploads\/2024\/12\/1000153689.jpg?fit=1024%2C627&ssl=1","jetpack_sharing_enabled":true,"jetpack_likes_enabled":true,"_links":{"self":[{"href":"https:\/\/www.tus-oppenau.de\/fussball\/wp-json\/wp\/v2\/posts\/11679","targetHints":{"allow":["GET"]}}],"collection":[{"href":"https:\/\/www.tus-oppenau.de\/fussball\/wp-json\/wp\/v2\/posts"}],"about":[{"href":"https:\/\/www.tus-oppenau.de\/fussball\/wp-json\/wp\/v2\/types\/post"}],"author":[{"embeddable":true,"href":"https:\/\/www.tus-oppenau.de\/fussball\/wp-json\/wp\/v2\/users\/47"}],"replies":[{"embeddable":true,"href":"https:\/\/www.tus-oppenau.de\/fussball\/wp-json\/wp\/v2\/comments?post=11679"}],"version-history":[{"count":2,"href":"https:\/\/www.tus-oppenau.de\/fussball\/wp-json\/wp\/v2\/posts\/11679\/revisions"}],"predecessor-version":[{"id":11700,"href":"https:\/\/www.tus-oppenau.de\/fussball\/wp-json\/wp\/v2\/posts\/11679\/revisions\/11700"}],"wp:featuredmedia":[{"embeddable":true,"href":"https:\/\/www.tus-oppenau.de\/fussball\/wp-json\/wp\/v2\/media\/11667"}],"wp:attachment":[{"href":"https:\/\/www.tus-oppenau.de\/fussball\/wp-json\/wp\/v2\/media?parent=11679"}],"wp:term":[{"taxonomy":"category","embeddable":true,"href":"https:\/\/www.tus-oppenau.de\/fussball\/wp-json\/wp\/v2\/categories?post=11679"},{"taxonomy":"post_tag","embeddable":true,"href":"https:\/\/www.tus-oppenau.de\/fussball\/wp-json\/wp\/v2\/tags?post=11679"}],"curies":[{"name":"wp","href":"https:\/\/api.w.org\/{rel}","templated":true}]}}