{"id":11800,"date":"2025-02-01T13:15:44","date_gmt":"2025-02-01T11:15:44","guid":{"rendered":"https:\/\/www.tus-oppenau.de\/fussball\/?p=11800"},"modified":"2025-02-01T13:15:44","modified_gmt":"2025-02-01T11:15:44","slug":"wintergrillfest-der-ah-zum-bl-tippspiel","status":"publish","type":"post","link":"https:\/\/www.tus-oppenau.de\/fussball\/2025\/02\/wintergrillfest-der-ah-zum-bl-tippspiel\/","title":{"rendered":"Wintergrillfest der AH zum BL-Tippspiel"},"content":{"rendered":"<p>Seit mehreren Jahren f\u00fchrt die AH ein internes Bundesliga-Tippspiel durch. Dabei erhalten die drei Erstplatzierten einen kleinen Preis und die drei letztplatzierten m\u00fcssen ein kleines Grillfest organisieren. In letzten Jahr hatte man auch noch ein EM-Tipp-Spiel durchgef\u00fchrt und f\u00fcr beide Tippspiele fand das obligatorische Grillfest als Wintergrillfest statt. <\/p>\n<p><a href=\"https:\/\/i0.wp.com\/www.tus-oppenau.de\/fussball\/wp-content\/uploads\/2025\/02\/AH-Grillfest.jpg?ssl=1\"><img data-recalc-dims=\"1\" loading=\"lazy\" decoding=\"async\" title=\"AH-Grillfest\" style=\"border-top: 0px; border-right: 0px; background-image: none; border-bottom: 0px; padding-top: 0px; padding-left: 0px; border-left: 0px; display: inline; padding-right: 0px\" border=\"0\" alt=\"AH-Grillfest\" src=\"https:\/\/i0.wp.com\/www.tus-oppenau.de\/fussball\/wp-content\/uploads\/2025\/02\/AH-Grillfest_thumb.jpg?resize=474%2C310&#038;ssl=1\" width=\"474\" height=\"310\"><\/a><\/p>\n<p align=\"justify\">Nach dem AH-Training am Freitagabend genoss man&nbsp; leckere Steaks &amp; W\u00fcrste sowie ausreichend Kaltgetr\u00e4nken. Die winterlichen Temperaturen taten keinen Abbruch und die Feuerschale mit Lagerfeuer bot die M\u00f6glichkeit sich aufzuw\u00e4rmen.<\/p>\n<p align=\"justify\"><a href=\"https:\/\/i0.wp.com\/www.tus-oppenau.de\/fussball\/wp-content\/uploads\/2025\/02\/IMG_5250.jpg?ssl=1\"><img data-recalc-dims=\"1\" loading=\"lazy\" decoding=\"async\" title=\"IMG_5250\" style=\"border-top: 0px; border-right: 0px; background-image: none; border-bottom: 0px; padding-top: 0px; padding-left: 0px; border-left: 0px; display: inline; padding-right: 0px\" border=\"0\" alt=\"IMG_5250\" src=\"https:\/\/i0.wp.com\/www.tus-oppenau.de\/fussball\/wp-content\/uploads\/2025\/02\/IMG_5250_thumb.jpg?resize=297%2C394&#038;ssl=1\" width=\"297\" height=\"394\"><\/a>&nbsp;<a href=\"https:\/\/i0.wp.com\/www.tus-oppenau.de\/fussball\/wp-content\/uploads\/2025\/02\/IMG_5278.jpg?ssl=1\"><img data-recalc-dims=\"1\" loading=\"lazy\" decoding=\"async\" title=\"IMG_5278\" style=\"border-top: 0px; border-right: 0px; background-image: none; border-bottom: 0px; padding-top: 0px; padding-left: 0px; border-left: 0px; display: inline; padding-right: 0px\" border=\"0\" alt=\"IMG_5278\" src=\"https:\/\/i0.wp.com\/www.tus-oppenau.de\/fussball\/wp-content\/uploads\/2025\/02\/IMG_5278_thumb.jpg?resize=296%2C393&#038;ssl=1\" width=\"296\" height=\"393\"><\/a><\/p>\n<p>Die Siegerehrung wurde vom Chef-Organisator Andy Schm\u00e4lzle durchgef\u00fchrt. <\/p>\n<p><strong><u>Sieger Bundesliga-Tppspiel:<\/u><\/strong><\/p>\n<p>1. Platz: G\u00fcnter \u201cKatsche\u201d Erdrich<br \/>2. Platz: Andreas \u201cKniffo\u201d Weiher<br \/>3. Platz: Manuel Schm\u00e4lzle<\/p>\n<p><strong><u>Sieger EM-Tppspiel:<\/u><\/strong><\/p>\n<p>1. Platz: Manuel Schm\u00e4lzle<br \/>2. Platz: G\u00fcnter \u201cKatsche\u201d Erdrich<br \/>3. Platz: Thorsten \u201cBlade\u201d Siebler<\/p>\n<p><a href=\"https:\/\/i0.wp.com\/www.tus-oppenau.de\/fussball\/wp-content\/uploads\/2025\/02\/IMG_5259.jpg?ssl=1\"><img data-recalc-dims=\"1\" loading=\"lazy\" decoding=\"async\" title=\"IMG_5259\" style=\"border-top: 0px; border-right: 0px; background-image: none; border-bottom: 0px; padding-top: 0px; padding-left: 0px; border-left: 0px; display: inline; padding-right: 0px\" border=\"0\" alt=\"IMG_5259\" src=\"https:\/\/i0.wp.com\/www.tus-oppenau.de\/fussball\/wp-content\/uploads\/2025\/02\/IMG_5259_thumb.jpg?resize=291%2C386&#038;ssl=1\" width=\"291\" height=\"386\"><\/a>&nbsp;<a href=\"https:\/\/i0.wp.com\/www.tus-oppenau.de\/fussball\/wp-content\/uploads\/2025\/02\/IMG_5263.jpg?ssl=1\"><img data-recalc-dims=\"1\" loading=\"lazy\" decoding=\"async\" title=\"IMG_5263\" style=\"border-top: 0px; border-right: 0px; background-image: none; border-bottom: 0px; padding-top: 0px; padding-left: 0px; border-left: 0px; display: inline; padding-right: 0px\" border=\"0\" alt=\"IMG_5263\" src=\"https:\/\/i0.wp.com\/www.tus-oppenau.de\/fussball\/wp-content\/uploads\/2025\/02\/IMG_5263_thumb.jpg?resize=292%2C388&#038;ssl=1\" width=\"292\" height=\"388\"><\/a><\/p>\n<p align=\"justify\">Die AH bedankt sich ganz herzlich bei den Ausrichtern &amp; Sponsoren des Wintergrillfestes <strong>Manuel Streif, Joe Frey, Lothar B\u00e4chle, Andy Schm\u00e4lzle <\/strong>und<strong> Karl Kimmig.<\/strong><\/p>\n<p><a href=\"https:\/\/i0.wp.com\/www.tus-oppenau.de\/fussball\/wp-content\/uploads\/2025\/02\/IMG_5274.jpg?ssl=1\"><img data-recalc-dims=\"1\" loading=\"lazy\" decoding=\"async\" title=\"IMG_5274\" style=\"border-top: 0px; border-right: 0px; background-image: none; border-bottom: 0px; padding-top: 0px; padding-left: 0px; border-left: 0px; display: inline; padding-right: 0px\" border=\"0\" alt=\"IMG_5274\" src=\"https:\/\/i0.wp.com\/www.tus-oppenau.de\/fussball\/wp-content\/uploads\/2025\/02\/IMG_5274_thumb.jpg?resize=474%2C357&#038;ssl=1\" width=\"474\" height=\"357\"><\/a><\/p>\n<p><a href=\"https:\/\/i0.wp.com\/www.tus-oppenau.de\/fussball\/wp-content\/uploads\/2025\/02\/AH-Grillfest-1.jpg?ssl=1\"><img data-recalc-dims=\"1\" loading=\"lazy\" decoding=\"async\" title=\"AH-Grillfest\" style=\"border-top: 0px; border-right: 0px; background-image: none; border-bottom: 0px; padding-top: 0px; padding-left: 0px; border-left: 0px; display: inline; padding-right: 0px\" border=\"0\" alt=\"AH-Grillfest\" src=\"https:\/\/i0.wp.com\/www.tus-oppenau.de\/fussball\/wp-content\/uploads\/2025\/02\/AH-Grillfest_thumb-1.jpg?resize=474%2C310&#038;ssl=1\" width=\"474\" height=\"310\"><\/a><\/p>\n","protected":false},"excerpt":{"rendered":"<p>Seit mehreren Jahren f\u00fchrt die AH ein internes Bundesliga-Tippspiel durch. Dabei erhalten die drei Erstplatzierten einen kleinen Preis und die drei letztplatzierten m\u00fcssen ein kleines Grillfest organisieren. In letzten Jahr hatte man auch noch ein EM-Tipp-Spiel durchgef\u00fchrt und f\u00fcr beide Tippspiele fand das obligatorische Grillfest als Wintergrillfest statt. Nach dem AH-Training am Freitagabend genoss man&nbsp; &hellip; <a href=\"https:\/\/www.tus-oppenau.de\/fussball\/2025\/02\/wintergrillfest-der-ah-zum-bl-tippspiel\/\" class=\"more-link\"><span class=\"screen-reader-text\">Wintergrillfest der AH zum BL-Tippspiel<\/span> weiterlesen <span class=\"meta-nav\">&rarr;<\/span><\/a><\/p>\n","protected":false},"author":47,"featured_media":0,"comment_status":"closed","ping_status":"open","sticky":false,"template":"","format":"standard","meta":{"_jetpack_memberships_contains_paid_content":false,"footnotes":"","jetpack_publicize_message":"","jetpack_publicize_feature_enabled":true,"jetpack_social_post_already_shared":true,"jetpack_social_options":{"image_generator_settings":{"template":"highway","default_image_id":0,"font":"","enabled":false},"version":2}},"categories":[249,250],"tags":[],"class_list":["post-11800","post","type-post","status-publish","format-standard","hentry","category-ah","category-veranstaltungen"],"jetpack_publicize_connections":[],"jetpack_featured_media_url":"","jetpack_sharing_enabled":true,"jetpack_likes_enabled":true,"_links":{"self":[{"href":"https:\/\/www.tus-oppenau.de\/fussball\/wp-json\/wp\/v2\/posts\/11800","targetHints":{"allow":["GET"]}}],"collection":[{"href":"https:\/\/www.tus-oppenau.de\/fussball\/wp-json\/wp\/v2\/posts"}],"about":[{"href":"https:\/\/www.tus-oppenau.de\/fussball\/wp-json\/wp\/v2\/types\/post"}],"author":[{"embeddable":true,"href":"https:\/\/www.tus-oppenau.de\/fussball\/wp-json\/wp\/v2\/users\/47"}],"replies":[{"embeddable":true,"href":"https:\/\/www.tus-oppenau.de\/fussball\/wp-json\/wp\/v2\/comments?post=11800"}],"version-history":[{"count":1,"href":"https:\/\/www.tus-oppenau.de\/fussball\/wp-json\/wp\/v2\/posts\/11800\/revisions"}],"predecessor-version":[{"id":11801,"href":"https:\/\/www.tus-oppenau.de\/fussball\/wp-json\/wp\/v2\/posts\/11800\/revisions\/11801"}],"wp:attachment":[{"href":"https:\/\/www.tus-oppenau.de\/fussball\/wp-json\/wp\/v2\/media?parent=11800"}],"wp:term":[{"taxonomy":"category","embeddable":true,"href":"https:\/\/www.tus-oppenau.de\/fussball\/wp-json\/wp\/v2\/categories?post=11800"},{"taxonomy":"post_tag","embeddable":true,"href":"https:\/\/www.tus-oppenau.de\/fussball\/wp-json\/wp\/v2\/tags?post=11800"}],"curies":[{"name":"wp","href":"https:\/\/api.w.org\/{rel}","templated":true}]}}