{"id":11849,"date":"2025-02-15T15:23:13","date_gmt":"2025-02-15T13:23:13","guid":{"rendered":"https:\/\/www.tus-oppenau.de\/fussball\/?p=11849"},"modified":"2025-02-16T10:49:25","modified_gmt":"2025-02-16T08:49:25","slug":"neue-teamwaer-fr-die-c-junioren","status":"publish","type":"post","link":"https:\/\/www.tus-oppenau.de\/fussball\/2025\/02\/neue-teamwaer-fr-die-c-junioren\/","title":{"rendered":"Neue Teamwear f&uuml;r die C-Junioren"},"content":{"rendered":"<p align=\"justify\"><strong>\u00dcber neue Langarm-Oberteile k\u00f6nnen sich unserer C-Junioren in der SG Renchtal freuen. <\/strong><\/p>\n<p align=\"justify\"><a href=\"https:\/\/i0.wp.com\/www.tus-oppenau.de\/fussball\/wp-content\/uploads\/2025\/02\/C-Junioren.jpg?ssl=1\"><img data-recalc-dims=\"1\" loading=\"lazy\" decoding=\"async\" title=\"C-Junioren\" style=\"border-top: 0px; border-right: 0px; background-image: none; border-bottom: 0px; padding-top: 0px; padding-left: 0px; border-left: 0px; display: inline; padding-right: 0px\" border=\"0\" alt=\"C-Junioren\" src=\"https:\/\/i0.wp.com\/www.tus-oppenau.de\/fussball\/wp-content\/uploads\/2025\/02\/C-Junioren_thumb.jpg?resize=474%2C190&#038;ssl=1\" width=\"474\" height=\"190\"><\/a><\/p>\n<p align=\"justify\">Mit der freundlichen Unterst\u00fctzung die Sponsoren durch <strong><a href=\"https:\/\/www.ideen-haus.com\/de\/\">Ideenhaus GmbH<\/a><\/strong> in Kehl und <strong><a href=\"https:\/\/www.hotel-die-alm.de\/\">Gasthaus Almst\u00fcble GmbH und Hotel Die Alm<\/a><\/strong>&nbsp; konnten die C-Junioren neu und einheitlich eingekleidet werden. Unsere C1-Junioren mit Trainer Julian Zimmermann liegen in der Winterpause auf Platz 1 in der Bezirksliga und die neue Teamwaer ist sicherlich weitere Motivation f\u00fcr die anstehende R\u00fcckrunde. <\/p>\n<p align=\"justify\"><a href=\"https:\/\/i0.wp.com\/www.tus-oppenau.de\/fussball\/wp-content\/uploads\/2025\/02\/bergabe.jpg?ssl=1\"><img data-recalc-dims=\"1\" loading=\"lazy\" decoding=\"async\" title=\"&Uuml;bergabe\" style=\"border-top: 0px; border-right: 0px; background-image: none; border-bottom: 0px; padding-top: 0px; padding-left: 0px; border-left: 0px; display: inline; padding-right: 0px\" border=\"0\" alt=\"&Uuml;bergabe\" src=\"https:\/\/i0.wp.com\/www.tus-oppenau.de\/fussball\/wp-content\/uploads\/2025\/02\/bergabe_thumb.jpg?resize=474%2C539&#038;ssl=1\" width=\"474\" height=\"539\"><\/a><\/p>\n<p align=\"justify\">TuS-Vorstand Jugend <strong>Stephan Maier<\/strong> (Mitte) und Trainer <strong>Julian Zimmermann<\/strong> (rechts)&nbsp; bedankten sich auch im Namen der weiteren SG-Vereine <strong>SV Bad Peterstal<\/strong>, SV <strong>Lautenbach<\/strong> und <strong>SV \u00d6dsbach<\/strong> ganz herzlich bei <strong>Marco Huber<\/strong> (links) Gesch\u00e4ftsf\u00fchrer der Ideenhaus GmbH f\u00fcr die Unterst\u00fctzung unserer gemeinsamen Jugendarbeit. Ein gro\u00dfer Dank geht auch an Herrn <strong>Mirko Slager<\/strong> vom Hotel Die Alm.<\/p>\n<p align=\"justify\"><a href=\"https:\/\/i0.wp.com\/www.tus-oppenau.de\/fussball\/wp-content\/uploads\/2025\/02\/IMGL2998.jpg?ssl=1\"><img data-recalc-dims=\"1\" loading=\"lazy\" decoding=\"async\" title=\"IMGL2998\" style=\"border-top: 0px; border-right: 0px; background-image: none; border-bottom: 0px; padding-top: 0px; padding-left: 0px; border-left: 0px; display: inline; padding-right: 0px\" border=\"0\" alt=\"IMGL2998\" src=\"https:\/\/i0.wp.com\/www.tus-oppenau.de\/fussball\/wp-content\/uploads\/2025\/02\/IMGL2998_thumb.jpg?resize=474%2C253&#038;ssl=1\" width=\"474\" height=\"253\"><\/a><\/p>\n","protected":false},"excerpt":{"rendered":"<p>\u00dcber neue Langarm-Oberteile k\u00f6nnen sich unserer C-Junioren in der SG Renchtal freuen. Mit der freundlichen Unterst\u00fctzung die Sponsoren durch Ideenhaus GmbH in Kehl und Gasthaus Almst\u00fcble GmbH und Hotel Die Alm&nbsp; konnten die C-Junioren neu und einheitlich eingekleidet werden. Unsere C1-Junioren mit Trainer Julian Zimmermann liegen in der Winterpause auf Platz 1 in der Bezirksliga &hellip; <a href=\"https:\/\/www.tus-oppenau.de\/fussball\/2025\/02\/neue-teamwaer-fr-die-c-junioren\/\" class=\"more-link\"><span class=\"screen-reader-text\">Neue Teamwear f&uuml;r die C-Junioren<\/span> weiterlesen <span class=\"meta-nav\">&rarr;<\/span><\/a><\/p>\n","protected":false},"author":47,"featured_media":0,"comment_status":"closed","ping_status":"open","sticky":false,"template":"","format":"standard","meta":{"_jetpack_memberships_contains_paid_content":false,"footnotes":"","jetpack_publicize_message":"","jetpack_publicize_feature_enabled":true,"jetpack_social_post_already_shared":true,"jetpack_social_options":{"image_generator_settings":{"template":"highway","default_image_id":0,"font":"","enabled":false},"version":2}},"categories":[271],"tags":[],"class_list":["post-11849","post","type-post","status-publish","format-standard","hentry","category-c-junioren"],"jetpack_publicize_connections":[],"jetpack_featured_media_url":"","jetpack_sharing_enabled":true,"jetpack_likes_enabled":true,"_links":{"self":[{"href":"https:\/\/www.tus-oppenau.de\/fussball\/wp-json\/wp\/v2\/posts\/11849","targetHints":{"allow":["GET"]}}],"collection":[{"href":"https:\/\/www.tus-oppenau.de\/fussball\/wp-json\/wp\/v2\/posts"}],"about":[{"href":"https:\/\/www.tus-oppenau.de\/fussball\/wp-json\/wp\/v2\/types\/post"}],"author":[{"embeddable":true,"href":"https:\/\/www.tus-oppenau.de\/fussball\/wp-json\/wp\/v2\/users\/47"}],"replies":[{"embeddable":true,"href":"https:\/\/www.tus-oppenau.de\/fussball\/wp-json\/wp\/v2\/comments?post=11849"}],"version-history":[{"count":2,"href":"https:\/\/www.tus-oppenau.de\/fussball\/wp-json\/wp\/v2\/posts\/11849\/revisions"}],"predecessor-version":[{"id":11851,"href":"https:\/\/www.tus-oppenau.de\/fussball\/wp-json\/wp\/v2\/posts\/11849\/revisions\/11851"}],"wp:attachment":[{"href":"https:\/\/www.tus-oppenau.de\/fussball\/wp-json\/wp\/v2\/media?parent=11849"}],"wp:term":[{"taxonomy":"category","embeddable":true,"href":"https:\/\/www.tus-oppenau.de\/fussball\/wp-json\/wp\/v2\/categories?post=11849"},{"taxonomy":"post_tag","embeddable":true,"href":"https:\/\/www.tus-oppenau.de\/fussball\/wp-json\/wp\/v2\/tags?post=11849"}],"curies":[{"name":"wp","href":"https:\/\/api.w.org\/{rel}","templated":true}]}}