{"id":11901,"date":"2025-03-24T23:19:09","date_gmt":"2025-03-24T21:19:09","guid":{"rendered":"https:\/\/www.tus-oppenau.de\/fussball\/?p=11901"},"modified":"2025-03-24T23:19:09","modified_gmt":"2025-03-24T21:19:09","slug":"tus-kann-das-kellerduell-fr-sich-entscheiden","status":"publish","type":"post","link":"https:\/\/www.tus-oppenau.de\/fussball\/2025\/03\/tus-kann-das-kellerduell-fr-sich-entscheiden\/","title":{"rendered":"TuS kann das Kellerduell f&uuml;r sich entscheiden"},"content":{"rendered":"<p align=\"justify\">FSV Seelbach \u2013 TuS Oppenau 2:3 (2:2)<\/p>\n<p align=\"justify\"><strong>Nach einem intensiven Spiel der beiden Kellerkinder konnte sich der TuS Oppenau \u00fcber einen knappen, aber nicht unverdienten Ausw\u00e4rtssieg freuen und die ersten Punkte im Jahr 2025 einfahren.<\/strong><\/p>\n<p align=\"justify\"><a href=\"https:\/\/i0.wp.com\/www.tus-oppenau.de\/fussball\/wp-content\/uploads\/2025\/03\/fsv_tus_006.jpg?ssl=1\"><img data-recalc-dims=\"1\" loading=\"lazy\" decoding=\"async\" title=\"fsv_tus_006\" style=\"border-top: 0px; border-right: 0px; background-image: none; border-bottom: 0px; padding-top: 0px; padding-left: 0px; border-left: 0px; display: inline; padding-right: 0px\" border=\"0\" alt=\"fsv_tus_006\" src=\"https:\/\/i0.wp.com\/www.tus-oppenau.de\/fussball\/wp-content\/uploads\/2025\/03\/fsv_tus_006_thumb.jpg?resize=474%2C318&#038;ssl=1\" width=\"474\" height=\"318\"><\/a><\/p>\n<p align=\"justify\">Der TuS Oppenau kam besser ins Spiel und ging fr\u00fch in F\u00fchrung. Eine Flanke von Lietz wurde von Marek Huber zu Feger weitergeleitet, der aus kurzer Distanz den Ball in die Maschen schoss. Die G\u00e4ste blieben am Dr\u00fccker und erspielten sich Chancen, die aber ungenutzt blieben. Mit der ersten Chance glichen die Gastgeber aus. Eble zog aus zentraler Position ab und lies TuS Torh\u00fcter Kimmig keine Abwehrchance. Seelbach setzte nach und ging kurze Zeit sp\u00e4ter mit 2:1 in F\u00fchrung, einen Steckpass von Ilhan verwertet Eble von der F\u00fcnfmeterlinie. Der TuS brauchte ein paar Minuten um sich wieder zu sortieren. Der verdiente Ausgleich durch Keller fiel nach einem Eckball von der rechten Seite. Langguth setzte in der Nachspielzeit der ersten Halbzeit noch einen Ball knapp \u00fcber die Querlatte.<\/p>\n<p align=\"justify\">Seelbach kam druckvoll aus der Kabine und Eble lies mehrere Gegenspieler aussteigen, aber ein TuS Verteidiger kann den Ball noch kurz vor der Linie kl\u00e4ren. Auf der Gegenseite pariert FSV Schlussmann Cakir einen Schuss von David Huber. Feger hatte nach einer Flanke von Bohnert die F\u00fchrung auf dem Fu\u00df, verzog aber aus kurzer Distanz. Auf dem kleinen Kunstrasen entwickelte sich ein offener Schlagabtausch. Resch wurde bei den Gastgeber mit einem \u00f6ffnenden Pass in eine gute Position gebracht, scheiterte aber am heraus eilenden Kimmig. Den Siegtreffer f\u00fcr den TuS erzielte der eingewechselte Bohnert mit dem Fu\u00df nach einem Eckball von rechter Seite. So konnte man sich auf der TuS-Seite \u00fcber den ersten Sieg im Jahr 2025 freuen.<\/p>\n","protected":false},"excerpt":{"rendered":"<p>FSV Seelbach \u2013 TuS Oppenau 2:3 (2:2) Nach einem intensiven Spiel der beiden Kellerkinder konnte sich der TuS Oppenau \u00fcber einen knappen, aber nicht unverdienten Ausw\u00e4rtssieg freuen und die ersten Punkte im Jahr 2025 einfahren. Der TuS Oppenau kam besser ins Spiel und ging fr\u00fch in F\u00fchrung. Eine Flanke von Lietz wurde von Marek Huber &hellip; <a href=\"https:\/\/www.tus-oppenau.de\/fussball\/2025\/03\/tus-kann-das-kellerduell-fr-sich-entscheiden\/\" class=\"more-link\"><span class=\"screen-reader-text\">TuS kann das Kellerduell f&uuml;r sich entscheiden<\/span> weiterlesen <span class=\"meta-nav\">&rarr;<\/span><\/a><\/p>\n","protected":false},"author":47,"featured_media":0,"comment_status":"closed","ping_status":"open","sticky":false,"template":"","format":"standard","meta":{"_jetpack_memberships_contains_paid_content":false,"footnotes":"","jetpack_publicize_message":"","jetpack_publicize_feature_enabled":true,"jetpack_social_post_already_shared":true,"jetpack_social_options":{"image_generator_settings":{"template":"highway","default_image_id":0,"font":"","enabled":false},"version":2}},"categories":[247],"tags":[],"class_list":["post-11901","post","type-post","status-publish","format-standard","hentry","category-1-mannschaft"],"jetpack_publicize_connections":[],"jetpack_featured_media_url":"","jetpack_sharing_enabled":true,"jetpack_likes_enabled":true,"_links":{"self":[{"href":"https:\/\/www.tus-oppenau.de\/fussball\/wp-json\/wp\/v2\/posts\/11901","targetHints":{"allow":["GET"]}}],"collection":[{"href":"https:\/\/www.tus-oppenau.de\/fussball\/wp-json\/wp\/v2\/posts"}],"about":[{"href":"https:\/\/www.tus-oppenau.de\/fussball\/wp-json\/wp\/v2\/types\/post"}],"author":[{"embeddable":true,"href":"https:\/\/www.tus-oppenau.de\/fussball\/wp-json\/wp\/v2\/users\/47"}],"replies":[{"embeddable":true,"href":"https:\/\/www.tus-oppenau.de\/fussball\/wp-json\/wp\/v2\/comments?post=11901"}],"version-history":[{"count":1,"href":"https:\/\/www.tus-oppenau.de\/fussball\/wp-json\/wp\/v2\/posts\/11901\/revisions"}],"predecessor-version":[{"id":11902,"href":"https:\/\/www.tus-oppenau.de\/fussball\/wp-json\/wp\/v2\/posts\/11901\/revisions\/11902"}],"wp:attachment":[{"href":"https:\/\/www.tus-oppenau.de\/fussball\/wp-json\/wp\/v2\/media?parent=11901"}],"wp:term":[{"taxonomy":"category","embeddable":true,"href":"https:\/\/www.tus-oppenau.de\/fussball\/wp-json\/wp\/v2\/categories?post=11901"},{"taxonomy":"post_tag","embeddable":true,"href":"https:\/\/www.tus-oppenau.de\/fussball\/wp-json\/wp\/v2\/tags?post=11901"}],"curies":[{"name":"wp","href":"https:\/\/api.w.org\/{rel}","templated":true}]}}