{"id":11994,"date":"2025-04-28T22:49:12","date_gmt":"2025-04-28T20:49:12","guid":{"rendered":"https:\/\/www.tus-oppenau.de\/fussball\/?p=11994"},"modified":"2025-05-15T10:40:20","modified_gmt":"2025-05-15T08:40:20","slug":"tus-oppenau-will-wrth-vereinsheimwerker-2025-werden","status":"publish","type":"post","link":"https:\/\/www.tus-oppenau.de\/fussball\/2025\/04\/tus-oppenau-will-wrth-vereinsheimwerker-2025-werden\/","title":{"rendered":"TuS Oppenau will W&uuml;rth Vereinsheimwerker 2025 werden"},"content":{"rendered":"<p><strong>Der TuS Oppenau m\u00f6chte W\u00dcRTH Vereinsheimwerker 2025 werden \u2013 und braucht jetzt <u>eure Stimme<\/u>!<\/strong><\/p>\n<p><strong><a href=\"https:\/\/i0.wp.com\/www.tus-oppenau.de\/fussball\/wp-content\/uploads\/2025\/04\/Sportheim_Oppenau.jpg?ssl=1\"><img data-recalc-dims=\"1\" loading=\"lazy\" decoding=\"async\" style=\"background-image: none; padding-top: 0px; padding-left: 0px; display: inline; padding-right: 0px; border: 0px;\" title=\"Sportheim_Oppenau\" src=\"https:\/\/i0.wp.com\/www.tus-oppenau.de\/fussball\/wp-content\/uploads\/2025\/04\/Sportheim_Oppenau_thumb.jpg?resize=474%2C265&#038;ssl=1\" alt=\"Sportheim_Oppenau\" width=\"474\" height=\"265\" border=\"0\" \/><\/a><\/strong><\/p>\n<p align=\"justify\">Der <b>TuS Oppenau <\/b>ist Teil einer bundesweiten Aktion f\u00fcr den Amateursport: <b>W\u00dcRTH Vereinsheimwerker 2025<\/b>, einer gemeinsamen Initiative des Deutschen Fu\u00dfball-Bunds (DFB) und der Adolf W\u00fcrth GmbH &amp; Co. KG. Ziel ist es, mit handwerklichen Projekten das Vereinsleben vor Ort zu st\u00e4rken \u2013 und genau daf\u00fcr haben wir unser Herzensprojekt eingereicht:<\/p>\n<p><b>\u201eAus Laut mach Leise &#8211; Wohlf\u00fchlatmosph\u00e4re f\u00fcr unser Sportheim schaffen\u201c <\/b><\/p>\n<p align=\"justify\"><i>Wir beabsichtigen in unserem seit 2003 bestehendes Sportheim, welches wir von Vereinsseite in Eigenregie betreiben, eine angenehmere Wohlf\u00fchlatmosph\u00e4re zu schaffen. Dieses Vereinsheim ist neben dem Trainingsbetrieb auch bei jedem Jugend-, Damen und Seniorenspiel ge\u00f6ffnet. Durch die spezielle Architektur des Vereinsheimes mit sehr vielen schr\u00e4gen W\u00e4nden und mehreren Dachgiebeln herrscht schon bei geringer Besucherzahl ein immenser Ger\u00e4uschpegel der gerade von \u00e4lteren Menschen sehr st\u00f6rend und unangenehm empfunden bzw. wahrgenommen wird. Auch f\u00fcr unsere ehrenamtlich t\u00e4tigen Personen die das Sportheim abwechselnd bewirten ist dieser Ger\u00e4uschpegel auf Dauer f\u00fcr die Kommunikation belastend. Die Idee, die wir umsetzen wollen, ist in der bestehenden Substanz durch das Anbringen von Akustikplatten (insgesamt ca. 75 qm) an den Dachschr\u00e4gen das hohe Ger\u00e4uschniveau innerhalb des Vereinsheims deutlich zu reduzieren, um eine f\u00fcr alle Anwesenden angenehmere Wohlf\u00fchlatmosph\u00e4re zu schaffen. Im gleichen Zuge versprechen wir uns dadurch eine deutliche Verbesserung, was den Brandschutz angeht, durch die Verwendung von schwer entflammbaren Schallabsorbern. Den Zuschnitt, die Montage und Anbringung dieser Elemente werden wir in Eigenregie mit ehrenamtlichen fachm\u00e4nnischen Helfern aus den eigenen Reihen anbringen.<\/i><\/p>\n<p align=\"justify\">Wir haben die Chance bei dieser Aktion <strong><u>mit Eurer Unterst\u00fctzung<\/u><\/strong> bis zu <b>\u20ac10.000,&#8211;<\/b> f\u00fcr unseren TuS Oppenau zu gewinnen.<\/p>\n<p align=\"center\"><b>!! Bitte unterst\u00fctzt uns t\u00e4glich beim laufenden Community Voting !!<\/b><\/p>\n<p>Bis zum 25.05.2025 k\u00f6nnt ihr <b><u>t\u00e4glich<\/u><\/b> f\u00fcr unser Projekt abstimmen. Dazu braucht ihr keinen Account sondern lediglich eine E-Mail Adresse um zu voten.<\/p>\n<p><b>Link: <\/b><\/p>\n<p><a href=\"https:\/\/www.unsere-vereinsheimwerker.de\/ibt\/bin\/public\/voting\/vote.ibtsico?path=ibt:\/division\/myso\/op\/master\/voting\/2025\/2025\/1448787951\">https:\/\/www.unsere-vereinsheimwerker.de\/ibt\/bin\/public\/voting\/vote.ibtsico?path=ibt:\/division\/myso\/op\/master\/voting\/2025\/2025\/1448787951<\/a><\/p>\n<p>Ihr erhaltet dann eine Best\u00e4tigungs-E-Mail von <a href=\"http:\/\/www.unsere-vereinsheimwerker.de\">www.unsere-vereinsheimwerker.de<\/a> und m\u00fcsst den darin enthaltenen Link anklicken \u2013 <b><u>erst dann z\u00e4hlt eure Stimme<\/u><\/b>.<\/p>\n<p><strong><u>Und das Beste:<br \/>\n<\/u><\/strong>Ihr k\u00f6nnt jeden Tag einmal mit Eurer E-Mail-Adresse f\u00fcr den TuS abstimmen und uns so t\u00e4glich eine Stimme sichern!<\/p>\n<p align=\"center\"><b><span style=\"font-size: large;\">Also \u2013 nicht lange warten. Sondern t\u00e4glich Eure Stimme f\u00fcr den TuS<\/span><\/b><\/p>\n<p align=\"left\"><b>#Vereinsheimwerker25<\/b><\/p>\n<p align=\"left\">\n","protected":false},"excerpt":{"rendered":"<p>Der TuS Oppenau m\u00f6chte W\u00dcRTH Vereinsheimwerker 2025 werden \u2013 und braucht jetzt eure Stimme! Der TuS Oppenau ist Teil einer bundesweiten Aktion f\u00fcr den Amateursport: W\u00dcRTH Vereinsheimwerker 2025, einer gemeinsamen Initiative des Deutschen Fu\u00dfball-Bunds (DFB) und der Adolf W\u00fcrth GmbH &amp; Co. KG. Ziel ist es, mit handwerklichen Projekten das Vereinsleben vor Ort zu st\u00e4rken &hellip; <a href=\"https:\/\/www.tus-oppenau.de\/fussball\/2025\/04\/tus-oppenau-will-wrth-vereinsheimwerker-2025-werden\/\" class=\"more-link\"><span class=\"screen-reader-text\">TuS Oppenau will W&uuml;rth Vereinsheimwerker 2025 werden<\/span> weiterlesen <span class=\"meta-nav\">&rarr;<\/span><\/a><\/p>\n","protected":false},"author":47,"featured_media":11992,"comment_status":"closed","ping_status":"open","sticky":false,"template":"","format":"standard","meta":{"_jetpack_memberships_contains_paid_content":false,"footnotes":"","jetpack_publicize_message":"","jetpack_publicize_feature_enabled":true,"jetpack_social_post_already_shared":true,"jetpack_social_options":{"image_generator_settings":{"template":"highway","default_image_id":0,"font":"","enabled":false},"version":2}},"categories":[281],"tags":[],"class_list":["post-11994","post","type-post","status-publish","format-standard","has-post-thumbnail","hentry","category-sportgelaende"],"jetpack_publicize_connections":[],"jetpack_featured_media_url":"https:\/\/i0.wp.com\/www.tus-oppenau.de\/fussball\/wp-content\/uploads\/2025\/04\/Sportheim_Oppenau.jpg?fit=1024%2C563&ssl=1","jetpack_sharing_enabled":true,"jetpack_likes_enabled":true,"_links":{"self":[{"href":"https:\/\/www.tus-oppenau.de\/fussball\/wp-json\/wp\/v2\/posts\/11994","targetHints":{"allow":["GET"]}}],"collection":[{"href":"https:\/\/www.tus-oppenau.de\/fussball\/wp-json\/wp\/v2\/posts"}],"about":[{"href":"https:\/\/www.tus-oppenau.de\/fussball\/wp-json\/wp\/v2\/types\/post"}],"author":[{"embeddable":true,"href":"https:\/\/www.tus-oppenau.de\/fussball\/wp-json\/wp\/v2\/users\/47"}],"replies":[{"embeddable":true,"href":"https:\/\/www.tus-oppenau.de\/fussball\/wp-json\/wp\/v2\/comments?post=11994"}],"version-history":[{"count":2,"href":"https:\/\/www.tus-oppenau.de\/fussball\/wp-json\/wp\/v2\/posts\/11994\/revisions"}],"predecessor-version":[{"id":12031,"href":"https:\/\/www.tus-oppenau.de\/fussball\/wp-json\/wp\/v2\/posts\/11994\/revisions\/12031"}],"wp:featuredmedia":[{"embeddable":true,"href":"https:\/\/www.tus-oppenau.de\/fussball\/wp-json\/wp\/v2\/media\/11992"}],"wp:attachment":[{"href":"https:\/\/www.tus-oppenau.de\/fussball\/wp-json\/wp\/v2\/media?parent=11994"}],"wp:term":[{"taxonomy":"category","embeddable":true,"href":"https:\/\/www.tus-oppenau.de\/fussball\/wp-json\/wp\/v2\/categories?post=11994"},{"taxonomy":"post_tag","embeddable":true,"href":"https:\/\/www.tus-oppenau.de\/fussball\/wp-json\/wp\/v2\/tags?post=11994"}],"curies":[{"name":"wp","href":"https:\/\/api.w.org\/{rel}","templated":true}]}}