{"id":12022,"date":"2025-05-02T21:28:22","date_gmt":"2025-05-02T19:28:22","guid":{"rendered":"https:\/\/www.tus-oppenau.de\/fussball\/?p=12022"},"modified":"2025-06-06T12:43:39","modified_gmt":"2025-06-06T10:43:39","slug":"arbeitseinsatz-der-1-mannschaft-und-der-damen","status":"publish","type":"post","link":"https:\/\/www.tus-oppenau.de\/fussball\/2025\/05\/arbeitseinsatz-der-1-mannschaft-und-der-damen\/","title":{"rendered":"Arbeitseinsatz der 1. Mannschaft und der Damen"},"content":{"rendered":"<p align=\"justify\"><strong>Den Br\u00fcckentag nach dem 1. Mai nutzen die 1. Mannschaft sowie die Damen und Helfer des Rasenplatz-Teams um vor dem Abschlusstraining f\u00fcr den Heimspiel-Sonntag das Gel\u00e4nde um den Rasenplatz in Schuss zu bringen.<\/strong><\/p>\n<p align=\"justify\"><a href=\"https:\/\/i0.wp.com\/www.tus-oppenau.de\/fussball\/wp-content\/uploads\/2025\/05\/Aufsichtrasenmher.jpg?ssl=1\"><img data-recalc-dims=\"1\" loading=\"lazy\" decoding=\"async\" style=\"background-image: none; padding-top: 0px; padding-left: 0px; display: inline; padding-right: 0px; border: 0px;\" title=\"Aufsichtrasenm\u00e4her\" src=\"https:\/\/i0.wp.com\/www.tus-oppenau.de\/fussball\/wp-content\/uploads\/2025\/05\/Aufsichtrasenmher_thumb.jpg?resize=474%2C357&#038;ssl=1\" alt=\"Aufsichtrasenm\u00e4her\" width=\"474\" height=\"357\" border=\"0\" \/><\/a><\/p>\n<p align=\"justify\">Neben M\u00e4harbeiten im Au\u00dfenbereich mit dem Aufsitzrasenm\u00e4her und Motorsensen wurden auch die Rasenkanten zu den Zuschauerpl\u00e4tzen ges\u00e4ubert. Eine Gruppe tauschte noch ein Tornetz aus und andere machten Arbeiten am Zaun. Die Damen k\u00fcmmerten sich um das Verkaufsh\u00e4uschen am Rasenplatz und s\u00e4uberten dieses um dann noch die K\u00fchlschr\u00e4nke f\u00fcr den Sonntag aufzuf\u00fcllen. Von Seiten des Ro\u00dfgumpen-Clubs wurde noch die Sitzgruppe am Rasenplatz ausgebessert und die Halterungen f\u00fcr die neuen Lautsprecher-Boxen wurden modifiziert.<\/p>\n<p align=\"justify\"><a href=\"https:\/\/i0.wp.com\/www.tus-oppenau.de\/fussball\/wp-content\/uploads\/2025\/05\/06_dfb5244d-c01e-4263-af15-4fe394659594.jpg?ssl=1\"><img data-recalc-dims=\"1\" loading=\"lazy\" decoding=\"async\" style=\"background-image: none; padding-top: 0px; padding-left: 0px; display: inline; padding-right: 0px; border: 0px;\" title=\"06_dfb5244d-c01e-4263-af15-4fe394659594\" src=\"https:\/\/i0.wp.com\/www.tus-oppenau.de\/fussball\/wp-content\/uploads\/2025\/05\/06_dfb5244d-c01e-4263-af15-4fe394659594_thumb.jpg?resize=297%2C224&#038;ssl=1\" alt=\"06_dfb5244d-c01e-4263-af15-4fe394659594\" width=\"297\" height=\"224\" border=\"0\" \/><\/a>\u00a0<a href=\"https:\/\/i0.wp.com\/www.tus-oppenau.de\/fussball\/wp-content\/uploads\/2025\/05\/Motorsense.jpg?ssl=1\"><img data-recalc-dims=\"1\" loading=\"lazy\" decoding=\"async\" style=\"background-image: none; padding-top: 0px; padding-left: 0px; display: inline; padding-right: 0px; border: 0px;\" title=\"Motorsense\" src=\"https:\/\/i0.wp.com\/www.tus-oppenau.de\/fussball\/wp-content\/uploads\/2025\/05\/Motorsense_thumb.jpg?resize=295%2C222&#038;ssl=1\" alt=\"Motorsense\" width=\"295\" height=\"222\" border=\"0\" \/><\/a><\/p>\n<p align=\"justify\"><a href=\"https:\/\/i0.wp.com\/www.tus-oppenau.de\/fussball\/wp-content\/uploads\/2025\/05\/Bnke.jpg?ssl=1\"><img data-recalc-dims=\"1\" loading=\"lazy\" decoding=\"async\" style=\"background-image: none; padding-top: 0px; padding-left: 0px; display: inline; padding-right: 0px; border: 0px;\" title=\"B\u00e4nke\" src=\"https:\/\/i0.wp.com\/www.tus-oppenau.de\/fussball\/wp-content\/uploads\/2025\/05\/Bnke_thumb.jpg?resize=296%2C223&#038;ssl=1\" alt=\"B\u00e4nke\" width=\"296\" height=\"223\" border=\"0\" \/><\/a>\u00a0<a href=\"https:\/\/i0.wp.com\/www.tus-oppenau.de\/fussball\/wp-content\/uploads\/2025\/05\/Tornetz.jpg?ssl=1\"><img data-recalc-dims=\"1\" loading=\"lazy\" decoding=\"async\" style=\"background-image: none; padding-top: 0px; padding-left: 0px; display: inline; padding-right: 0px; border: 0px;\" title=\"Tornetz\" src=\"https:\/\/i0.wp.com\/www.tus-oppenau.de\/fussball\/wp-content\/uploads\/2025\/05\/Tornetz_thumb.jpg?resize=290%2C219&#038;ssl=1\" alt=\"Tornetz\" width=\"290\" height=\"219\" border=\"0\" \/><\/a><\/p>\n<p align=\"justify\"><a href=\"https:\/\/i0.wp.com\/www.tus-oppenau.de\/fussball\/wp-content\/uploads\/2025\/05\/Lautsprecher.jpg?ssl=1\"><img data-recalc-dims=\"1\" loading=\"lazy\" decoding=\"async\" style=\"background-image: none; padding-top: 0px; padding-left: 0px; display: inline; padding-right: 0px; border: 0px;\" title=\"Lautsprecher\" src=\"https:\/\/i0.wp.com\/www.tus-oppenau.de\/fussball\/wp-content\/uploads\/2025\/05\/Lautsprecher_thumb.jpg?resize=197%2C261&#038;ssl=1\" alt=\"Lautsprecher\" width=\"197\" height=\"261\" border=\"0\" \/><\/a>\u00a0 <a href=\"https:\/\/i0.wp.com\/www.tus-oppenau.de\/fussball\/wp-content\/uploads\/2025\/05\/Zuschauerbereich.jpg?ssl=1\"><img data-recalc-dims=\"1\" loading=\"lazy\" decoding=\"async\" style=\"background-image: none; padding-top: 0px; padding-left: 0px; display: inline; padding-right: 0px; border: 0px;\" title=\"Zuschauerbereich\" src=\"https:\/\/i0.wp.com\/www.tus-oppenau.de\/fussball\/wp-content\/uploads\/2025\/05\/Zuschauerbereich_thumb.jpg?resize=195%2C259&#038;ssl=1\" alt=\"Zuschauerbereich\" width=\"195\" height=\"259\" border=\"0\" \/><\/a>\u00a0<a href=\"https:\/\/i0.wp.com\/www.tus-oppenau.de\/fussball\/wp-content\/uploads\/2025\/05\/01_IMG_6358.jpg?ssl=1\"><img data-recalc-dims=\"1\" loading=\"lazy\" decoding=\"async\" style=\"background-image: none; padding-top: 0px; padding-left: 0px; display: inline; padding-right: 0px; border: 0px;\" title=\"01_IMG_6358\" src=\"https:\/\/i0.wp.com\/www.tus-oppenau.de\/fussball\/wp-content\/uploads\/2025\/05\/01_IMG_6358_thumb.jpg?resize=195%2C259&#038;ssl=1\" alt=\"01_IMG_6358\" width=\"195\" height=\"259\" border=\"0\" \/><\/a><\/p>\n<p align=\"justify\"><a href=\"https:\/\/i0.wp.com\/www.tus-oppenau.de\/fussball\/wp-content\/uploads\/2025\/05\/Raenplatzhuschen.jpg?ssl=1\"><img data-recalc-dims=\"1\" loading=\"lazy\" decoding=\"async\" style=\"background-image: none; padding-top: 0px; padding-left: 0px; display: inline; padding-right: 0px; border: 0px;\" title=\"Raenplatzh\u00e4uschen\" src=\"https:\/\/i0.wp.com\/www.tus-oppenau.de\/fussball\/wp-content\/uploads\/2025\/05\/Raenplatzhuschen_thumb.jpg?resize=298%2C225&#038;ssl=1\" alt=\"Raenplatzh\u00e4uschen\" width=\"298\" height=\"225\" border=\"0\" \/><\/a>\u00a0<a href=\"https:\/\/i0.wp.com\/www.tus-oppenau.de\/fussball\/wp-content\/uploads\/2025\/05\/Sitzgruppe.jpg?ssl=1\"><img data-recalc-dims=\"1\" loading=\"lazy\" decoding=\"async\" style=\"background-image: none; padding-top: 0px; padding-left: 0px; display: inline; padding-right: 0px; border: 0px;\" title=\"Sitzgruppe\" src=\"https:\/\/i0.wp.com\/www.tus-oppenau.de\/fussball\/wp-content\/uploads\/2025\/05\/Sitzgruppe_thumb.jpg?resize=297%2C224&#038;ssl=1\" alt=\"Sitzgruppe\" width=\"297\" height=\"224\" border=\"0\" \/><\/a><\/p>\n<p align=\"justify\"><a href=\"https:\/\/i0.wp.com\/www.tus-oppenau.de\/fussball\/wp-content\/uploads\/2025\/05\/Zaun.jpg?ssl=1\"><img data-recalc-dims=\"1\" loading=\"lazy\" decoding=\"async\" style=\"background-image: none; padding-top: 0px; padding-left: 0px; display: inline; padding-right: 0px; border: 0px;\" title=\"Zaun\" src=\"https:\/\/i0.wp.com\/www.tus-oppenau.de\/fussball\/wp-content\/uploads\/2025\/05\/Zaun_thumb.jpg?resize=302%2C228&#038;ssl=1\" alt=\"Zaun\" width=\"302\" height=\"228\" border=\"0\" \/><\/a>\u00a0<a href=\"https:\/\/i0.wp.com\/www.tus-oppenau.de\/fussball\/wp-content\/uploads\/2025\/05\/08_2367a910-6025-4e15-90a8-4e51f4b39aaa.jpg?ssl=1\"><img data-recalc-dims=\"1\" loading=\"lazy\" decoding=\"async\" style=\"background-image: none; padding-top: 0px; padding-left: 0px; display: inline; padding-right: 0px; border: 0px;\" title=\"08_2367a910-6025-4e15-90a8-4e51f4b39aaa\" src=\"https:\/\/i0.wp.com\/www.tus-oppenau.de\/fussball\/wp-content\/uploads\/2025\/05\/08_2367a910-6025-4e15-90a8-4e51f4b39aaa_thumb.jpg?resize=304%2C229&#038;ssl=1\" alt=\"08_2367a910-6025-4e15-90a8-4e51f4b39aaa\" width=\"304\" height=\"229\" border=\"0\" \/><\/a><\/p>\n<p align=\"justify\"><a href=\"https:\/\/i0.wp.com\/www.tus-oppenau.de\/fussball\/wp-content\/uploads\/2025\/05\/03_IMG_6354.jpg?ssl=1\"><img data-recalc-dims=\"1\" loading=\"lazy\" decoding=\"async\" style=\"background-image: none; padding-top: 0px; padding-left: 0px; display: inline; padding-right: 0px; border: 0px;\" title=\"03_IMG_6354\" src=\"https:\/\/i0.wp.com\/www.tus-oppenau.de\/fussball\/wp-content\/uploads\/2025\/05\/03_IMG_6354_thumb.jpg?resize=474%2C357&#038;ssl=1\" alt=\"03_IMG_6354\" width=\"474\" height=\"357\" border=\"0\" \/><\/a><\/p>\n<p align=\"justify\">Also &#8211; alles in allem eine tolle Aktion der Aktiven vor dem Heimspiel-Sonntag mit den Derbys gegen den SV Bad Peterstal bei der 3. und 2. Mannschaft sowie dem Spiel gegen den FV Rammersweier der 1. Mannschaft.\u00a0 Die Damen der SG Oppenau\/Nu\u00dfbach\/Tiergarten spielen bereits am Samstagabend auf dem Sportgel\u00e4nde Haldenhof gegen die SG Gegenbach\/Zell\/Fischerbach 2.<\/p>\n<p align=\"center\"><strong>Vielen herzlichen Dank an alle Helfer f\u00fcr ihren gro\u00dfartigen Einsatz.<\/strong><\/p>\n","protected":false},"excerpt":{"rendered":"<p>Den Br\u00fcckentag nach dem 1. Mai nutzen die 1. Mannschaft sowie die Damen und Helfer des Rasenplatz-Teams um vor dem Abschlusstraining f\u00fcr den Heimspiel-Sonntag das Gel\u00e4nde um den Rasenplatz in Schuss zu bringen. Neben M\u00e4harbeiten im Au\u00dfenbereich mit dem Aufsitzrasenm\u00e4her und Motorsensen wurden auch die Rasenkanten zu den Zuschauerpl\u00e4tzen ges\u00e4ubert. Eine Gruppe tauschte noch ein &hellip; <a href=\"https:\/\/www.tus-oppenau.de\/fussball\/2025\/05\/arbeitseinsatz-der-1-mannschaft-und-der-damen\/\" class=\"more-link\"><span class=\"screen-reader-text\">Arbeitseinsatz der 1. Mannschaft und der Damen<\/span> weiterlesen <span class=\"meta-nav\">&rarr;<\/span><\/a><\/p>\n","protected":false},"author":47,"featured_media":11996,"comment_status":"closed","ping_status":"open","sticky":false,"template":"","format":"standard","meta":{"_jetpack_memberships_contains_paid_content":false,"footnotes":"","jetpack_publicize_message":"","jetpack_publicize_feature_enabled":true,"jetpack_social_post_already_shared":true,"jetpack_social_options":{"image_generator_settings":{"template":"highway","default_image_id":0,"font":"","enabled":false},"version":2}},"categories":[247,275],"tags":[],"class_list":["post-12022","post","type-post","status-publish","format-standard","has-post-thumbnail","hentry","category-1-mannschaft","category-frauen"],"jetpack_publicize_connections":[],"jetpack_featured_media_url":"https:\/\/i0.wp.com\/www.tus-oppenau.de\/fussball\/wp-content\/uploads\/2025\/05\/Aufsichtrasenmher.jpg?fit=1024%2C768&ssl=1","jetpack_sharing_enabled":true,"jetpack_likes_enabled":true,"_links":{"self":[{"href":"https:\/\/www.tus-oppenau.de\/fussball\/wp-json\/wp\/v2\/posts\/12022","targetHints":{"allow":["GET"]}}],"collection":[{"href":"https:\/\/www.tus-oppenau.de\/fussball\/wp-json\/wp\/v2\/posts"}],"about":[{"href":"https:\/\/www.tus-oppenau.de\/fussball\/wp-json\/wp\/v2\/types\/post"}],"author":[{"embeddable":true,"href":"https:\/\/www.tus-oppenau.de\/fussball\/wp-json\/wp\/v2\/users\/47"}],"replies":[{"embeddable":true,"href":"https:\/\/www.tus-oppenau.de\/fussball\/wp-json\/wp\/v2\/comments?post=12022"}],"version-history":[{"count":2,"href":"https:\/\/www.tus-oppenau.de\/fussball\/wp-json\/wp\/v2\/posts\/12022\/revisions"}],"predecessor-version":[{"id":12029,"href":"https:\/\/www.tus-oppenau.de\/fussball\/wp-json\/wp\/v2\/posts\/12022\/revisions\/12029"}],"wp:featuredmedia":[{"embeddable":true,"href":"https:\/\/www.tus-oppenau.de\/fussball\/wp-json\/wp\/v2\/media\/11996"}],"wp:attachment":[{"href":"https:\/\/www.tus-oppenau.de\/fussball\/wp-json\/wp\/v2\/media?parent=12022"}],"wp:term":[{"taxonomy":"category","embeddable":true,"href":"https:\/\/www.tus-oppenau.de\/fussball\/wp-json\/wp\/v2\/categories?post=12022"},{"taxonomy":"post_tag","embeddable":true,"href":"https:\/\/www.tus-oppenau.de\/fussball\/wp-json\/wp\/v2\/tags?post=12022"}],"curies":[{"name":"wp","href":"https:\/\/api.w.org\/{rel}","templated":true}]}}