{"id":12099,"date":"2025-05-25T11:23:58","date_gmt":"2025-05-25T09:23:58","guid":{"rendered":"https:\/\/www.tus-oppenau.de\/fussball\/?p=12099"},"modified":"2025-05-25T11:23:58","modified_gmt":"2025-05-25T09:23:58","slug":"tus-ah-spielte-gegen-die-jedermnner-vom-tsv-berg","status":"publish","type":"post","link":"https:\/\/www.tus-oppenau.de\/fussball\/2025\/05\/tus-ah-spielte-gegen-die-jedermnner-vom-tsv-berg\/","title":{"rendered":"TuS AH spielte gegen die Jederm&auml;nner vom TSV Berg"},"content":{"rendered":"<p align=\"justify\"><strong>Unter dem Motto \u201cZu Gast bei Freunden\u201d gab es am Freitagabend eine Neuauflage des mittlerweile zum Klassiker gewordenen Spiels&nbsp; TuS Oppenau AH \u2013 TSV Berg Jederm\u00e4nner auf der G\u00fcnter-Bimmerle-Sportst\u00e4tte. Das Kr\u00e4ftemessen fand bereits zum <u>zehnten<\/u> Mal statt.<\/strong><\/p>\n<p align=\"justify\"><a href=\"https:\/\/i0.wp.com\/www.tus-oppenau.de\/fussball\/wp-content\/uploads\/2025\/05\/TuS_TSV_7.jpg?ssl=1\"><img data-recalc-dims=\"1\" loading=\"lazy\" decoding=\"async\" title=\"TuS_TSV_7\" style=\"border-top: 0px; border-right: 0px; background-image: none; border-bottom: 0px; padding-top: 0px; padding-left: 0px; border-left: 0px; display: inline; padding-right: 0px\" border=\"0\" alt=\"TuS_TSV_7\" src=\"https:\/\/i0.wp.com\/www.tus-oppenau.de\/fussball\/wp-content\/uploads\/2025\/05\/TuS_TSV_7_thumb.jpg?resize=474%2C277&#038;ssl=1\" width=\"474\" height=\"277\"><\/a><\/p>\n<p align=\"justify\">Bei besten \u00e4u\u00dferen Bedingungen wurde 2 x 40&nbsp; Minuten Fu\u00dfball gespielt. Beide Mannschaften wollten selbstverst\u00e4ndlich den Sieg in diesem Prestige-Duell auch wenn der Spa\u00df nat\u00fcrlich im Vordergrund stand. Am Ende zeigte sich die AH des TuS sehr gastfreundliche und \u00fcberlie\u00df den G\u00e4sten den Sieg mit 3:2.&nbsp; <\/p>\n<p align=\"justify\"><a href=\"https:\/\/i0.wp.com\/www.tus-oppenau.de\/fussball\/wp-content\/uploads\/2025\/05\/TuS_TSV_8.jpg?ssl=1\"><img data-recalc-dims=\"1\" loading=\"lazy\" decoding=\"async\" title=\"TuS_TSV_8\" style=\"border-top: 0px; border-right: 0px; background-image: none; border-bottom: 0px; padding-top: 0px; padding-left: 0px; border-left: 0px; display: inline; padding-right: 0px\" border=\"0\" alt=\"TuS_TSV_8\" src=\"https:\/\/i0.wp.com\/www.tus-oppenau.de\/fussball\/wp-content\/uploads\/2025\/05\/TuS_TSV_8_thumb.jpg?resize=474%2C209&#038;ssl=1\" width=\"474\" height=\"209\"><\/a> <\/p>\n<p align=\"justify\">Einige Spielszenen und Schiedsrichterentscheidungen boten viel Potential f\u00fcr lange Analysen und Fachgespr\u00e4che im Anschluss beim gem\u00fctlichen Teil.&nbsp; Organisator Joe Frey genoss es sichtlich f\u00fcr eine kurze Zeit wieder in heimischen Gefilden zu sein und \u00fcberreichte Fabian Wild ein tolles Gastgeschenk f\u00fcr das 10.&nbsp; Aufeinandertreffen der beiden Teams.  <\/p>\n<p align=\"justify\"><a href=\"https:\/\/i0.wp.com\/www.tus-oppenau.de\/fussball\/wp-content\/uploads\/2025\/05\/TuS_TSV_3.jpg?ssl=1\"><img data-recalc-dims=\"1\" loading=\"lazy\" decoding=\"async\" title=\"TuS_TSV_3\" style=\"border-top: 0px; border-right: 0px; background-image: none; border-bottom: 0px; padding-top: 0px; padding-left: 0px; border-left: 0px; display: inline; padding-right: 0px\" border=\"0\" alt=\"TuS_TSV_3\" src=\"https:\/\/i0.wp.com\/www.tus-oppenau.de\/fussball\/wp-content\/uploads\/2025\/05\/TuS_TSV_3_thumb.jpg?resize=474%2C358&#038;ssl=1\" width=\"474\" height=\"358\"><\/a> <\/p>\n<p align=\"justify\">Die AH des TuS lud die G\u00e4ste aus Berg zum Essen ein und man genoss die gute Verpflegung des Haldenhof-Teams im Sportheim Haldenhoftreff und verlebte einen wundersch\u00f6nen Abend bis Tief in den Samstagmorgen. <\/p>\n<p align=\"justify\">Und wenn die Jederm\u00e4nner des TSV Berg schon mal im sch\u00f6nen Renchtal verweilen ging es am Samstagnachmittag noch auf eine sch\u00f6ne Wanderung. Unter der fachkundigen F\u00fchrung von Judo und Spiesli wurde der Ortsteil Ibach erkundet. <\/p>\n<p align=\"justify\"><a href=\"https:\/\/i0.wp.com\/www.tus-oppenau.de\/fussball\/wp-content\/uploads\/2025\/05\/TuS_TSV_5.jpg?ssl=1\"><img data-recalc-dims=\"1\" loading=\"lazy\" decoding=\"async\" title=\"TuS_TSV_5\" style=\"border-top: 0px; border-right: 0px; background-image: none; border-bottom: 0px; padding-top: 0px; padding-left: 0px; border-left: 0px; display: inline; padding-right: 0px\" border=\"0\" alt=\"TuS_TSV_5\" src=\"https:\/\/i0.wp.com\/www.tus-oppenau.de\/fussball\/wp-content\/uploads\/2025\/05\/TuS_TSV_5_thumb.jpg?resize=289%2C218&#038;ssl=1\" width=\"289\" height=\"218\"><\/a>&nbsp;<a href=\"https:\/\/i0.wp.com\/www.tus-oppenau.de\/fussball\/wp-content\/uploads\/2025\/05\/TuS_TSV_4.jpg?ssl=1\"><img data-recalc-dims=\"1\" loading=\"lazy\" decoding=\"async\" title=\"TuS_TSV_4\" style=\"border-top: 0px; border-right: 0px; background-image: none; border-bottom: 0px; padding-top: 0px; padding-left: 0px; border-left: 0px; display: inline; padding-right: 0px\" border=\"0\" alt=\"TuS_TSV_4\" src=\"https:\/\/i0.wp.com\/www.tus-oppenau.de\/fussball\/wp-content\/uploads\/2025\/05\/TuS_TSV_4_thumb.jpg?resize=293%2C221&#038;ssl=1\" width=\"293\" height=\"221\"><\/a> <\/p>\n<p align=\"justify\">Einige waren sich alle Beteiligten, dass man im kommenden Jahr eine Neuauflage beim TSV Berg durchf\u00fchren will. <\/p>\n<p align=\"justify\"><a href=\"https:\/\/i0.wp.com\/www.tus-oppenau.de\/fussball\/wp-content\/uploads\/2025\/05\/TuS_TSV_2.jpg?ssl=1\"><img data-recalc-dims=\"1\" loading=\"lazy\" decoding=\"async\" title=\"TuS_TSV_2\" style=\"border-top: 0px; border-right: 0px; background-image: none; border-bottom: 0px; padding-top: 0px; padding-left: 0px; border-left: 0px; display: inline; padding-right: 0px\" border=\"0\" alt=\"TuS_TSV_2\" src=\"https:\/\/i0.wp.com\/www.tus-oppenau.de\/fussball\/wp-content\/uploads\/2025\/05\/TuS_TSV_2_thumb.jpg?resize=474%2C357&#038;ssl=1\" width=\"474\" height=\"357\"><\/a><\/p>\n","protected":false},"excerpt":{"rendered":"<p>Unter dem Motto \u201cZu Gast bei Freunden\u201d gab es am Freitagabend eine Neuauflage des mittlerweile zum Klassiker gewordenen Spiels&nbsp; TuS Oppenau AH \u2013 TSV Berg Jederm\u00e4nner auf der G\u00fcnter-Bimmerle-Sportst\u00e4tte. Das Kr\u00e4ftemessen fand bereits zum zehnten Mal statt. Bei besten \u00e4u\u00dferen Bedingungen wurde 2 x 40&nbsp; Minuten Fu\u00dfball gespielt. Beide Mannschaften wollten selbstverst\u00e4ndlich den Sieg in &hellip; <a href=\"https:\/\/www.tus-oppenau.de\/fussball\/2025\/05\/tus-ah-spielte-gegen-die-jedermnner-vom-tsv-berg\/\" class=\"more-link\"><span class=\"screen-reader-text\">TuS AH spielte gegen die Jederm&auml;nner vom TSV Berg<\/span> weiterlesen <span class=\"meta-nav\">&rarr;<\/span><\/a><\/p>\n","protected":false},"author":47,"featured_media":0,"comment_status":"closed","ping_status":"open","sticky":false,"template":"","format":"standard","meta":{"_jetpack_memberships_contains_paid_content":false,"footnotes":"","jetpack_publicize_message":"","jetpack_publicize_feature_enabled":true,"jetpack_social_post_already_shared":true,"jetpack_social_options":{"image_generator_settings":{"template":"highway","default_image_id":0,"font":"","enabled":false},"version":2}},"categories":[249],"tags":[],"class_list":["post-12099","post","type-post","status-publish","format-standard","hentry","category-ah"],"jetpack_publicize_connections":[],"jetpack_featured_media_url":"","jetpack_sharing_enabled":true,"jetpack_likes_enabled":true,"_links":{"self":[{"href":"https:\/\/www.tus-oppenau.de\/fussball\/wp-json\/wp\/v2\/posts\/12099","targetHints":{"allow":["GET"]}}],"collection":[{"href":"https:\/\/www.tus-oppenau.de\/fussball\/wp-json\/wp\/v2\/posts"}],"about":[{"href":"https:\/\/www.tus-oppenau.de\/fussball\/wp-json\/wp\/v2\/types\/post"}],"author":[{"embeddable":true,"href":"https:\/\/www.tus-oppenau.de\/fussball\/wp-json\/wp\/v2\/users\/47"}],"replies":[{"embeddable":true,"href":"https:\/\/www.tus-oppenau.de\/fussball\/wp-json\/wp\/v2\/comments?post=12099"}],"version-history":[{"count":1,"href":"https:\/\/www.tus-oppenau.de\/fussball\/wp-json\/wp\/v2\/posts\/12099\/revisions"}],"predecessor-version":[{"id":12100,"href":"https:\/\/www.tus-oppenau.de\/fussball\/wp-json\/wp\/v2\/posts\/12099\/revisions\/12100"}],"wp:attachment":[{"href":"https:\/\/www.tus-oppenau.de\/fussball\/wp-json\/wp\/v2\/media?parent=12099"}],"wp:term":[{"taxonomy":"category","embeddable":true,"href":"https:\/\/www.tus-oppenau.de\/fussball\/wp-json\/wp\/v2\/categories?post=12099"},{"taxonomy":"post_tag","embeddable":true,"href":"https:\/\/www.tus-oppenau.de\/fussball\/wp-json\/wp\/v2\/tags?post=12099"}],"curies":[{"name":"wp","href":"https:\/\/api.w.org\/{rel}","templated":true}]}}