{"id":12117,"date":"2025-06-01T12:34:14","date_gmt":"2025-06-01T10:34:14","guid":{"rendered":"https:\/\/www.tus-oppenau.de\/fussball\/?p=12117"},"modified":"2025-07-19T12:32:33","modified_gmt":"2025-07-19T10:32:33","slug":"verabschiedungen-nach-dem-letzten-heimspiel-2","status":"publish","type":"post","link":"https:\/\/www.tus-oppenau.de\/fussball\/2025\/06\/verabschiedungen-nach-dem-letzten-heimspiel-2\/","title":{"rendered":"Verabschiedungen nach dem letzten Heimspiel"},"content":{"rendered":"<p align=\"justify\"><strong>Unmittelbar nach dem letzten Heimspiel der Saison 2024\/25 gegen den SC Hofstetten (1:2) standen\u00a0 Verabschiedungen beim TuS Oppenau auf dem Programm.<\/strong><\/p>\n<p align=\"justify\"><a href=\"https:\/\/i0.wp.com\/www.tus-oppenau.de\/fussball\/wp-content\/uploads\/2025\/06\/IMG_6852.jpg?ssl=1\"><img data-recalc-dims=\"1\" loading=\"lazy\" decoding=\"async\" style=\"background-image: none; padding-top: 0px; padding-left: 0px; display: inline; padding-right: 0px; border: 0px;\" title=\"IMG_6852\" src=\"https:\/\/i0.wp.com\/www.tus-oppenau.de\/fussball\/wp-content\/uploads\/2025\/06\/IMG_6852_thumb.jpg?resize=474%2C346&#038;ssl=1\" alt=\"IMG_6852\" width=\"474\" height=\"346\" border=\"0\" \/><\/a><\/p>\n<p align=\"justify\">1. Vorstand Frank Spinner, Vorstand Sport Toni Kimmig, Co-Trainer Jos\u00e9 Poveda und die Mannschaftskapit\u00e4ne Mario Hoferer und Matthias Kimmig bedankten sich vor den anwesenden Zuschauern und Fans bei den Spielern die den Verein zum Saisonende verlassen ganz herzlich und \u00fcberreichten Abschiedsgeschenke, Trikots und Fotocollagen.<\/p>\n<p align=\"justify\">\u00a0<a href=\"https:\/\/i0.wp.com\/www.tus-oppenau.de\/fussball\/wp-content\/uploads\/2025\/06\/IMG_6854.jpg?ssl=1\"><img data-recalc-dims=\"1\" loading=\"lazy\" decoding=\"async\" style=\"background-image: none; padding-top: 0px; padding-left: 0px; display: inline; padding-right: 0px; border: 0px;\" title=\"IMG_6854\" src=\"https:\/\/i0.wp.com\/www.tus-oppenau.de\/fussball\/wp-content\/uploads\/2025\/06\/IMG_6854_thumb.jpg?resize=283%2C376&#038;ssl=1\" alt=\"IMG_6854\" width=\"283\" height=\"376\" border=\"0\" \/><\/a>\u00a0<a href=\"https:\/\/i0.wp.com\/www.tus-oppenau.de\/fussball\/wp-content\/uploads\/2025\/06\/IMG_6853.jpg?ssl=1\"><img data-recalc-dims=\"1\" loading=\"lazy\" decoding=\"async\" style=\"background-image: none; padding-top: 0px; padding-left: 0px; display: inline; padding-right: 0px; border: 0px;\" title=\"IMG_6853\" src=\"https:\/\/i0.wp.com\/www.tus-oppenau.de\/fussball\/wp-content\/uploads\/2025\/06\/IMG_6853_thumb.jpg?resize=282%2C377&#038;ssl=1\" alt=\"IMG_6853\" width=\"282\" height=\"377\" border=\"0\" \/><\/a><\/p>\n<p align=\"justify\"><a href=\"https:\/\/i0.wp.com\/www.tus-oppenau.de\/fussball\/wp-content\/uploads\/2025\/06\/IMG_6861.jpg?ssl=1\"><img data-recalc-dims=\"1\" loading=\"lazy\" decoding=\"async\" style=\"background-image: none; padding-top: 0px; padding-left: 0px; display: inline; padding-right: 0px; border: 0px;\" title=\"IMG_6861\" src=\"https:\/\/i0.wp.com\/www.tus-oppenau.de\/fussball\/wp-content\/uploads\/2025\/06\/IMG_6861_thumb.jpg?resize=282%2C374&#038;ssl=1\" alt=\"IMG_6861\" width=\"282\" height=\"374\" border=\"0\" \/><\/a>\u00a0<a href=\"https:\/\/i0.wp.com\/www.tus-oppenau.de\/fussball\/wp-content\/uploads\/2025\/06\/IMG_6860.jpg?ssl=1\"><img data-recalc-dims=\"1\" loading=\"lazy\" decoding=\"async\" style=\"background-image: none; padding-top: 0px; padding-left: 0px; display: inline; padding-right: 0px; border: 0px;\" title=\"IMG_6860\" src=\"https:\/\/i0.wp.com\/www.tus-oppenau.de\/fussball\/wp-content\/uploads\/2025\/06\/IMG_6860_thumb.jpg?resize=282%2C375&#038;ssl=1\" alt=\"IMG_6860\" width=\"282\" height=\"375\" border=\"0\" \/><\/a><\/p>\n<p align=\"justify\"><strong><u>Stefan Laifer<\/u><\/strong> kam vom Kehler FV zum TuS Oppenau und brachte Verbands- und Oberligaerfahrung mit. Er spielte 5 Saisons f\u00fcr den TuS und\u00a0 war Spielertrainer zun\u00e4chst mit Kevin Sax und seit 3 Jahren zusammen mit Rico Maier. Stefan ging auf dem Platz immer vorneweg, war Vorbild und entwickelte unsere jungen Spieler. Er erzielte diese Saison 2 Tore f\u00fcr den TuS Oppenau.<\/p>\n<p align=\"justify\"><strong><u>Christopher Bohnert<\/u><\/strong>\u00a0 kam vor der Saison vom SV Stadelhofen. Er schoss in der Landesliga 7 Tore und war somit bester Torsch\u00fctze vor Spielertrainer Rico Maier mit 6 Toren. Christopher wechselt zur SG Zusenhofen\/Stadelhofen.<\/p>\n<p align=\"justify\"><strong><u>Nick Gerlach<\/u><\/strong> kam vom Zeller FV\u00a0 und spielte 2 Saisons beim TuS. Er schoss in der Landesliga 4 Tore. Er hatte mit Verletzungen zu k\u00e4mpfen war aber als Typ eine tolle Bereicherung. Nick geht zur\u00fcck zum Zeller FV.<\/p>\n<p align=\"justify\"><strong><u>Fabio Riehle<\/u><\/strong>\u00a0 kam vor 2 Jahren vom SV M\u00f6sbach um unser Torwartteam zu erg\u00e4nzen. Er war in den zwei Jahren ein sicherer R\u00fcckhalt in unserer 2.+3. Mannschaft. Fabio wechselt zum SV Sasbach.<\/p>\n<p align=\"justify\"><strong><u>Christian Braidt<\/u><\/strong> kam von er Spielvereinigung Freudenstadt. Er war leider dann sehr lange verletzt und konnte erst nach der Winterpause wieder spielen. Christian spielte dann zuletzt in der 2. Mannschaft und schoss dort in 5 Spielen 5 Tore. Er wechselt zur\u00fcck zur Spielvereinigung Freudenstadt<\/p>\n<p align=\"center\"><strong>Der TuS Oppenau bedankt sich bei den Spielern f\u00fcr ihren Einsatz f\u00fcr den Verein und w\u00fcnscht alles gute f\u00fcr die Zukunft.<\/strong><\/p>\n<p align=\"justify\"><a href=\"https:\/\/i0.wp.com\/www.tus-oppenau.de\/fussball\/wp-content\/uploads\/2025\/06\/IMG_6856.jpg?ssl=1\"><img data-recalc-dims=\"1\" loading=\"lazy\" decoding=\"async\" style=\"background-image: none; padding-top: 0px; padding-left: 0px; display: inline; padding-right: 0px; border: 0px;\" title=\"IMG_6856\" src=\"https:\/\/i0.wp.com\/www.tus-oppenau.de\/fussball\/wp-content\/uploads\/2025\/06\/IMG_6856_thumb.jpg?resize=474%2C271&#038;ssl=1\" alt=\"IMG_6856\" width=\"474\" height=\"271\" border=\"0\" \/><\/a><\/p>\n","protected":false},"excerpt":{"rendered":"<p>Unmittelbar nach dem letzten Heimspiel der Saison 2024\/25 gegen den SC Hofstetten (1:2) standen\u00a0 Verabschiedungen beim TuS Oppenau auf dem Programm. 1. Vorstand Frank Spinner, Vorstand Sport Toni Kimmig, Co-Trainer Jos\u00e9 Poveda und die Mannschaftskapit\u00e4ne Mario Hoferer und Matthias Kimmig bedankten sich vor den anwesenden Zuschauern und Fans bei den Spielern die den Verein zum &hellip; <a href=\"https:\/\/www.tus-oppenau.de\/fussball\/2025\/06\/verabschiedungen-nach-dem-letzten-heimspiel-2\/\" class=\"more-link\"><span class=\"screen-reader-text\">Verabschiedungen nach dem letzten Heimspiel<\/span> weiterlesen <span class=\"meta-nav\">&rarr;<\/span><\/a><\/p>\n","protected":false},"author":47,"featured_media":12105,"comment_status":"closed","ping_status":"open","sticky":false,"template":"","format":"standard","meta":{"_jetpack_memberships_contains_paid_content":false,"footnotes":"","jetpack_publicize_message":"","jetpack_publicize_feature_enabled":true,"jetpack_social_post_already_shared":true,"jetpack_social_options":{"image_generator_settings":{"template":"highway","default_image_id":0,"font":"","enabled":false},"version":2}},"categories":[247],"tags":[],"class_list":["post-12117","post","type-post","status-publish","format-standard","has-post-thumbnail","hentry","category-1-mannschaft"],"jetpack_publicize_connections":[],"jetpack_featured_media_url":"https:\/\/i0.wp.com\/www.tus-oppenau.de\/fussball\/wp-content\/uploads\/2025\/06\/IMG_6852.jpg?fit=1024%2C737&ssl=1","jetpack_sharing_enabled":true,"jetpack_likes_enabled":true,"_links":{"self":[{"href":"https:\/\/www.tus-oppenau.de\/fussball\/wp-json\/wp\/v2\/posts\/12117","targetHints":{"allow":["GET"]}}],"collection":[{"href":"https:\/\/www.tus-oppenau.de\/fussball\/wp-json\/wp\/v2\/posts"}],"about":[{"href":"https:\/\/www.tus-oppenau.de\/fussball\/wp-json\/wp\/v2\/types\/post"}],"author":[{"embeddable":true,"href":"https:\/\/www.tus-oppenau.de\/fussball\/wp-json\/wp\/v2\/users\/47"}],"replies":[{"embeddable":true,"href":"https:\/\/www.tus-oppenau.de\/fussball\/wp-json\/wp\/v2\/comments?post=12117"}],"version-history":[{"count":2,"href":"https:\/\/www.tus-oppenau.de\/fussball\/wp-json\/wp\/v2\/posts\/12117\/revisions"}],"predecessor-version":[{"id":12120,"href":"https:\/\/www.tus-oppenau.de\/fussball\/wp-json\/wp\/v2\/posts\/12117\/revisions\/12120"}],"wp:featuredmedia":[{"embeddable":true,"href":"https:\/\/www.tus-oppenau.de\/fussball\/wp-json\/wp\/v2\/media\/12105"}],"wp:attachment":[{"href":"https:\/\/www.tus-oppenau.de\/fussball\/wp-json\/wp\/v2\/media?parent=12117"}],"wp:term":[{"taxonomy":"category","embeddable":true,"href":"https:\/\/www.tus-oppenau.de\/fussball\/wp-json\/wp\/v2\/categories?post=12117"},{"taxonomy":"post_tag","embeddable":true,"href":"https:\/\/www.tus-oppenau.de\/fussball\/wp-json\/wp\/v2\/tags?post=12117"}],"curies":[{"name":"wp","href":"https:\/\/api.w.org\/{rel}","templated":true}]}}