{"id":12135,"date":"2025-06-03T22:34:25","date_gmt":"2025-06-03T20:34:25","guid":{"rendered":"https:\/\/www.tus-oppenau.de\/fussball\/?p=12135"},"modified":"2025-08-22T17:17:39","modified_gmt":"2025-08-22T15:17:39","slug":"frank-zimmermann-15-jahre-trainer-der-2-mannschaft","status":"publish","type":"post","link":"https:\/\/www.tus-oppenau.de\/fussball\/2025\/06\/frank-zimmermann-15-jahre-trainer-der-2-mannschaft\/","title":{"rendered":"Frank Zimmermann &#8211; 15 Jahre Trainer der 2. Mannschaft"},"content":{"rendered":"<p align=\"justify\"><b>Am vergangenen Sonntag sa\u00df Frank \u201eZimbo\u201c Zimmermann ein letztes Mal als Trainer der 2. Mannschaft auf der Trainerbank. Nach insgesamt 15 Jahren, ohne Unterbrechung, geht er bei der Reserve des TuS Oppenau von Bord. <\/b><\/p>\n<p align=\"justify\"><a href=\"https:\/\/i0.wp.com\/www.tus-oppenau.de\/fussball\/wp-content\/uploads\/2025\/06\/zimbo_009.jpg?ssl=1\"><img data-recalc-dims=\"1\" loading=\"lazy\" decoding=\"async\" style=\"background-image: none; padding-top: 0px; padding-left: 0px; display: inline; padding-right: 0px; border: 0px;\" title=\"zimbo_009\" src=\"https:\/\/i0.wp.com\/www.tus-oppenau.de\/fussball\/wp-content\/uploads\/2025\/06\/zimbo_009_thumb.jpg?resize=474%2C318&#038;ssl=1\" alt=\"zimbo_009\" width=\"474\" height=\"318\" border=\"0\" \/><\/a><\/p>\n<p align=\"justify\">\u00a0<a href=\"https:\/\/i0.wp.com\/www.tus-oppenau.de\/fussball\/wp-content\/uploads\/2025\/06\/Zimbo_Bank.jpg?ssl=1\"><img data-recalc-dims=\"1\" loading=\"lazy\" decoding=\"async\" style=\"background-image: none; padding-top: 0px; padding-left: 0px; display: inline; padding-right: 0px; border: 0px;\" title=\"Zimbo_Bank\" src=\"https:\/\/i0.wp.com\/www.tus-oppenau.de\/fussball\/wp-content\/uploads\/2025\/06\/Zimbo_Bank_thumb.jpg?resize=259%2C207&#038;ssl=1\" alt=\"Zimbo_Bank\" width=\"259\" height=\"207\" border=\"0\" \/><\/a>\u00a0<a href=\"https:\/\/i0.wp.com\/www.tus-oppenau.de\/fussball\/wp-content\/uploads\/2025\/06\/Zimbo_Linie.jpg?ssl=1\"><img data-recalc-dims=\"1\" loading=\"lazy\" decoding=\"async\" style=\"background-image: none; padding-top: 0px; padding-left: 0px; display: inline; padding-right: 0px; border: 0px;\" title=\"Zimbo_Linie\" src=\"https:\/\/i0.wp.com\/www.tus-oppenau.de\/fussball\/wp-content\/uploads\/2025\/06\/Zimbo_Linie_thumb.jpg?resize=327%2C207&#038;ssl=1\" alt=\"Zimbo_Linie\" width=\"327\" height=\"207\" border=\"0\" \/><\/a><\/p>\n<p align=\"justify\">In seiner Zeit als Traner wurden zwei Meisterschaften mit der 2. Mannschaft in der Kreisliga B sowie vier Meisterschaften mit der 3. Mannschaft in der Kreisliga C erzielt. Erfolge die zu einem gro\u00dfen Anteil auf sein Engagement und Einsatz zur\u00fcckzuf\u00fchren sind. Es ist ihm trotz h\u00e4ufig wechselnden Spielerkader und nicht einfachen Rahmenbedingungen immer wieder gelungen Akzente zu setzen und sich im Umfeld von 1. Mannschaften in der Kreisliga B zu behaupten.<\/p>\n<p align=\"justify\"><a href=\"https:\/\/i0.wp.com\/www.tus-oppenau.de\/fussball\/wp-content\/uploads\/2025\/06\/zimbo_008.jpg?ssl=1\"><img data-recalc-dims=\"1\" loading=\"lazy\" decoding=\"async\" style=\"background-image: none; padding-top: 0px; padding-left: 0px; display: inline; padding-right: 0px; border: 0px;\" title=\"zimbo_008\" src=\"https:\/\/i0.wp.com\/www.tus-oppenau.de\/fussball\/wp-content\/uploads\/2025\/06\/zimbo_008_thumb.jpg?resize=296%2C440&#038;ssl=1\" alt=\"zimbo_008\" width=\"296\" height=\"440\" border=\"0\" \/><\/a>\u00a0<a href=\"https:\/\/i0.wp.com\/www.tus-oppenau.de\/fussball\/wp-content\/uploads\/2025\/06\/zimbo_006.jpg?ssl=1\"><img data-recalc-dims=\"1\" loading=\"lazy\" decoding=\"async\" style=\"background-image: none; padding-top: 0px; padding-left: 0px; display: inline; padding-right: 0px; border: 0px;\" title=\"zimbo_006\" src=\"https:\/\/i0.wp.com\/www.tus-oppenau.de\/fussball\/wp-content\/uploads\/2025\/06\/zimbo_006_thumb.jpg?resize=296%2C440&#038;ssl=1\" alt=\"zimbo_006\" width=\"296\" height=\"440\" border=\"0\" \/><\/a><\/p>\n<p align=\"justify\">Aus diesem Grunde lie\u00dfen es sich der Verein und die Mannschaften nicht nehmen \u201eZimbo\u201c nach dem letzten Saisonspiel zu ehren und als Trainer der Reserve zu verabschieden.<\/p>\n<p align=\"justify\">1. Vorstand Frank Spinner, Vorstand Sport Toni Kimmig und Mannschaftskapit\u00e4n Darius Maier bedankten sich bei \u201eZimbo\u201c ganz herzlich f\u00fcr seine geleistete Arbeit und \u00fcberreichten Abschiedsgeschenke, Trikots und Fotocollagen sowie einen Blumenstrau\u00df an seine Melanie.<\/p>\n<p align=\"justify\"><a href=\"https:\/\/i0.wp.com\/www.tus-oppenau.de\/fussball\/wp-content\/uploads\/2025\/06\/zimbo_013.jpg?ssl=1\"><img data-recalc-dims=\"1\" loading=\"lazy\" decoding=\"async\" style=\"background-image: none; padding-top: 0px; padding-left: 0px; display: inline; padding-right: 0px; border: 0px;\" title=\"zimbo_013\" src=\"https:\/\/i0.wp.com\/www.tus-oppenau.de\/fussball\/wp-content\/uploads\/2025\/06\/zimbo_013_thumb.jpg?resize=474%2C318&#038;ssl=1\" alt=\"zimbo_013\" width=\"474\" height=\"318\" border=\"0\" \/><\/a><\/p>\n<p align=\"justify\">Frank wird dem TuS Oppenau aber weiterhin treu bleiben und \u00fcbernimmt in der kommenden Saison 2025\/26 den Posten als Co-Trainer der 1. Mannschaft an der Seite von Jochen Fischer in der Bezirksliga.<\/p>\n<p align=\"center\"><strong>DANKE Zimbo f\u00fcr geile 15 Jahre !!!<\/strong><\/p>\n<p align=\"justify\"><a href=\"https:\/\/i0.wp.com\/www.tus-oppenau.de\/fussball\/wp-content\/uploads\/2025\/06\/zimbo_010.jpg?ssl=1\"><img data-recalc-dims=\"1\" loading=\"lazy\" decoding=\"async\" style=\"background-image: none; padding-top: 0px; padding-left: 0px; display: inline; padding-right: 0px; border: 0px;\" title=\"zimbo_010\" src=\"https:\/\/i0.wp.com\/www.tus-oppenau.de\/fussball\/wp-content\/uploads\/2025\/06\/zimbo_010_thumb.jpg?resize=474%2C318&#038;ssl=1\" alt=\"zimbo_010\" width=\"474\" height=\"318\" border=\"0\" \/><\/a><\/p>\n","protected":false},"excerpt":{"rendered":"<p>Am vergangenen Sonntag sa\u00df Frank \u201eZimbo\u201c Zimmermann ein letztes Mal als Trainer der 2. Mannschaft auf der Trainerbank. Nach insgesamt 15 Jahren, ohne Unterbrechung, geht er bei der Reserve des TuS Oppenau von Bord. \u00a0\u00a0 In seiner Zeit als Traner wurden zwei Meisterschaften mit der 2. Mannschaft in der Kreisliga B sowie vier Meisterschaften mit &hellip; <a href=\"https:\/\/www.tus-oppenau.de\/fussball\/2025\/06\/frank-zimmermann-15-jahre-trainer-der-2-mannschaft\/\" class=\"more-link\"><span class=\"screen-reader-text\">Frank Zimmermann &#8211; 15 Jahre Trainer der 2. Mannschaft<\/span> weiterlesen <span class=\"meta-nav\">&rarr;<\/span><\/a><\/p>\n","protected":false},"author":47,"featured_media":12133,"comment_status":"closed","ping_status":"open","sticky":false,"template":"","format":"standard","meta":{"_jetpack_memberships_contains_paid_content":false,"footnotes":"","jetpack_publicize_message":"","jetpack_publicize_feature_enabled":true,"jetpack_social_post_already_shared":true,"jetpack_social_options":{"image_generator_settings":{"template":"highway","default_image_id":0,"font":"","enabled":false},"version":2}},"categories":[248,267],"tags":[],"class_list":["post-12135","post","type-post","status-publish","format-standard","has-post-thumbnail","hentry","category-2-mannschaft","category-3-mannschaft"],"jetpack_publicize_connections":[],"jetpack_featured_media_url":"https:\/\/i0.wp.com\/www.tus-oppenau.de\/fussball\/wp-content\/uploads\/2025\/06\/zimbo_010.jpg?fit=1024%2C683&ssl=1","jetpack_sharing_enabled":true,"jetpack_likes_enabled":true,"_links":{"self":[{"href":"https:\/\/www.tus-oppenau.de\/fussball\/wp-json\/wp\/v2\/posts\/12135","targetHints":{"allow":["GET"]}}],"collection":[{"href":"https:\/\/www.tus-oppenau.de\/fussball\/wp-json\/wp\/v2\/posts"}],"about":[{"href":"https:\/\/www.tus-oppenau.de\/fussball\/wp-json\/wp\/v2\/types\/post"}],"author":[{"embeddable":true,"href":"https:\/\/www.tus-oppenau.de\/fussball\/wp-json\/wp\/v2\/users\/47"}],"replies":[{"embeddable":true,"href":"https:\/\/www.tus-oppenau.de\/fussball\/wp-json\/wp\/v2\/comments?post=12135"}],"version-history":[{"count":2,"href":"https:\/\/www.tus-oppenau.de\/fussball\/wp-json\/wp\/v2\/posts\/12135\/revisions"}],"predecessor-version":[{"id":12137,"href":"https:\/\/www.tus-oppenau.de\/fussball\/wp-json\/wp\/v2\/posts\/12135\/revisions\/12137"}],"wp:featuredmedia":[{"embeddable":true,"href":"https:\/\/www.tus-oppenau.de\/fussball\/wp-json\/wp\/v2\/media\/12133"}],"wp:attachment":[{"href":"https:\/\/www.tus-oppenau.de\/fussball\/wp-json\/wp\/v2\/media?parent=12135"}],"wp:term":[{"taxonomy":"category","embeddable":true,"href":"https:\/\/www.tus-oppenau.de\/fussball\/wp-json\/wp\/v2\/categories?post=12135"},{"taxonomy":"post_tag","embeddable":true,"href":"https:\/\/www.tus-oppenau.de\/fussball\/wp-json\/wp\/v2\/tags?post=12135"}],"curies":[{"name":"wp","href":"https:\/\/api.w.org\/{rel}","templated":true}]}}