{"id":12228,"date":"2025-07-06T20:10:00","date_gmt":"2025-07-06T18:10:00","guid":{"rendered":"https:\/\/www.tus-oppenau.de\/fussball\/?p=12228"},"modified":"2025-08-22T17:17:59","modified_gmt":"2025-08-22T15:17:59","slug":"sportlerehrung-der-stadt-oppenau","status":"publish","type":"post","link":"https:\/\/www.tus-oppenau.de\/fussball\/2025\/07\/sportlerehrung-der-stadt-oppenau\/","title":{"rendered":"Sportlerehrung der Stadt Oppenau"},"content":{"rendered":"<p align=\"justify\">Im Rahmen des Sportfestes nahm B\u00fcrgermeister Uwe Gaiser die Sportlerehrung der Stadt Oppenau vor. Er ehrte die <b>Damenmannschaft der SG Oppenau\/Nu\u00dfbach\/Tiergarten-Haslach<\/b> f\u00fcr den neuerlichen Gewinn des Bezirkspokals sowie die <b>D2-Junioren<\/b> f\u00fcr die Meisterschaft in der Bezirksliga.<\/p>\n<p align=\"justify\"><a href=\"https:\/\/i0.wp.com\/www.tus-oppenau.de\/fussball\/wp-content\/uploads\/2025\/07\/Sportlerehrung.jpg?ssl=1\"><img data-recalc-dims=\"1\" loading=\"lazy\" decoding=\"async\" style=\"background-image: none; padding-top: 0px; padding-left: 0px; display: inline; padding-right: 0px; border: 0px;\" title=\"Sportlerehrung\" src=\"https:\/\/i0.wp.com\/www.tus-oppenau.de\/fussball\/wp-content\/uploads\/2025\/07\/Sportlerehrung_thumb.jpg?resize=474%2C282&#038;ssl=1\" alt=\"Sportlerehrung\" width=\"474\" height=\"282\" border=\"0\" \/><\/a><\/p>\n<p><b><u>SG-Damen:<\/u><\/b> Spielerinnen aus Oppenau, Nu\u00dfbach und Tiergarten-Haslach<br \/>\n<b>Bezirkspokalsiegerinnen<\/b> durch ein 4:1 Sieg im Endspiel gegen den SV Appenweier.<\/p>\n<p><a href=\"https:\/\/i0.wp.com\/www.tus-oppenau.de\/fussball\/wp-content\/uploads\/2025\/07\/image.png?ssl=1\"><img data-recalc-dims=\"1\" loading=\"lazy\" decoding=\"async\" style=\"background-image: none; padding-top: 0px; padding-left: 0px; display: inline; padding-right: 0px; border: 0px;\" title=\"image\" src=\"https:\/\/i0.wp.com\/www.tus-oppenau.de\/fussball\/wp-content\/uploads\/2025\/07\/image_thumb.png?resize=474%2C304&#038;ssl=1\" alt=\"image\" width=\"474\" height=\"304\" border=\"0\" \/><\/a><\/p>\n<p><b><u>D2-Junioren:<\/u><\/b> TuS Oppenau (Spieler aus Oppenau u. Bad Peterstal)<br \/>\nMeister Bezirksliga 1 8 Spiele (7 Siege \/ 1 Unentschieden \/ 0 Niederlage) 22 Punkte \/ 30:14 Tore<br \/>\nMannschaft umfasst: 15 Spieler und 4 Trainer\/Betreuer<\/p>\n<p><a href=\"https:\/\/i0.wp.com\/www.tus-oppenau.de\/fussball\/wp-content\/uploads\/2025\/07\/image-1.png?ssl=1\"><img data-recalc-dims=\"1\" loading=\"lazy\" decoding=\"async\" style=\"background-image: none; padding-top: 0px; padding-left: 0px; display: inline; padding-right: 0px; border: 0px;\" title=\"image\" src=\"https:\/\/i0.wp.com\/www.tus-oppenau.de\/fussball\/wp-content\/uploads\/2025\/07\/image_thumb-1.png?resize=474%2C291&#038;ssl=1\" alt=\"image\" width=\"474\" height=\"291\" border=\"0\" \/><\/a><\/p>\n<p align=\"center\"><strong>Herzlichen Dank an die Stadt Oppenau und B\u00fcrgermeister Uwe Gaiser f\u00fcr die Durchf\u00fchrung der Ehrung und W\u00fcrdigung unserer sportlichen Erfolge.<\/strong><\/p>\n","protected":false},"excerpt":{"rendered":"<p>Im Rahmen des Sportfestes nahm B\u00fcrgermeister Uwe Gaiser die Sportlerehrung der Stadt Oppenau vor. Er ehrte die Damenmannschaft der SG Oppenau\/Nu\u00dfbach\/Tiergarten-Haslach f\u00fcr den neuerlichen Gewinn des Bezirkspokals sowie die D2-Junioren f\u00fcr die Meisterschaft in der Bezirksliga. SG-Damen: Spielerinnen aus Oppenau, Nu\u00dfbach und Tiergarten-Haslach Bezirkspokalsiegerinnen durch ein 4:1 Sieg im Endspiel gegen den SV Appenweier. D2-Junioren: &hellip; <a href=\"https:\/\/www.tus-oppenau.de\/fussball\/2025\/07\/sportlerehrung-der-stadt-oppenau\/\" class=\"more-link\"><span class=\"screen-reader-text\">Sportlerehrung der Stadt Oppenau<\/span> weiterlesen <span class=\"meta-nav\">&rarr;<\/span><\/a><\/p>\n","protected":false},"author":47,"featured_media":12222,"comment_status":"closed","ping_status":"open","sticky":false,"template":"","format":"standard","meta":{"_jetpack_memberships_contains_paid_content":false,"footnotes":"","jetpack_publicize_message":"","jetpack_publicize_feature_enabled":true,"jetpack_social_post_already_shared":true,"jetpack_social_options":{"image_generator_settings":{"template":"highway","default_image_id":0,"font":"","enabled":false},"version":2}},"categories":[262,275,250],"tags":[],"class_list":["post-12228","post","type-post","status-publish","format-standard","has-post-thumbnail","hentry","category-d-junioren","category-frauen","category-veranstaltungen"],"jetpack_publicize_connections":[],"jetpack_featured_media_url":"https:\/\/i0.wp.com\/www.tus-oppenau.de\/fussball\/wp-content\/uploads\/2025\/07\/Sportlerehrung.jpg?fit=1024%2C600&ssl=1","jetpack_sharing_enabled":true,"jetpack_likes_enabled":true,"_links":{"self":[{"href":"https:\/\/www.tus-oppenau.de\/fussball\/wp-json\/wp\/v2\/posts\/12228","targetHints":{"allow":["GET"]}}],"collection":[{"href":"https:\/\/www.tus-oppenau.de\/fussball\/wp-json\/wp\/v2\/posts"}],"about":[{"href":"https:\/\/www.tus-oppenau.de\/fussball\/wp-json\/wp\/v2\/types\/post"}],"author":[{"embeddable":true,"href":"https:\/\/www.tus-oppenau.de\/fussball\/wp-json\/wp\/v2\/users\/47"}],"replies":[{"embeddable":true,"href":"https:\/\/www.tus-oppenau.de\/fussball\/wp-json\/wp\/v2\/comments?post=12228"}],"version-history":[{"count":2,"href":"https:\/\/www.tus-oppenau.de\/fussball\/wp-json\/wp\/v2\/posts\/12228\/revisions"}],"predecessor-version":[{"id":12252,"href":"https:\/\/www.tus-oppenau.de\/fussball\/wp-json\/wp\/v2\/posts\/12228\/revisions\/12252"}],"wp:featuredmedia":[{"embeddable":true,"href":"https:\/\/www.tus-oppenau.de\/fussball\/wp-json\/wp\/v2\/media\/12222"}],"wp:attachment":[{"href":"https:\/\/www.tus-oppenau.de\/fussball\/wp-json\/wp\/v2\/media?parent=12228"}],"wp:term":[{"taxonomy":"category","embeddable":true,"href":"https:\/\/www.tus-oppenau.de\/fussball\/wp-json\/wp\/v2\/categories?post=12228"},{"taxonomy":"post_tag","embeddable":true,"href":"https:\/\/www.tus-oppenau.de\/fussball\/wp-json\/wp\/v2\/tags?post=12228"}],"curies":[{"name":"wp","href":"https:\/\/api.w.org\/{rel}","templated":true}]}}