{"id":12280,"date":"2025-08-21T10:45:07","date_gmt":"2025-08-21T08:45:07","guid":{"rendered":"https:\/\/www.tus-oppenau.de\/fussball\/?p=12280"},"modified":"2025-09-23T16:46:56","modified_gmt":"2025-09-23T14:46:56","slug":"tus-oppenau-startet-mit-heimsieg-in-die-bezirksliga-saison","status":"publish","type":"post","link":"https:\/\/www.tus-oppenau.de\/fussball\/2025\/08\/tus-oppenau-startet-mit-heimsieg-in-die-bezirksliga-saison\/","title":{"rendered":"TuS Oppenau startet mit Heimsieg in die Bezirksliga-Saison"},"content":{"rendered":"<p align=\"justify\"><strong>In einem intensiv gef\u00fchrten Spiel erzielte der TuS Oppenau am Ende einen verdienten Heimsieg. Der Grundstein wurde bereits in der ersten Halbzeit gelegt. <\/strong><\/p>\n<p align=\"justify\"><a href=\"https:\/\/i0.wp.com\/www.tus-oppenau.de\/fussball\/wp-content\/uploads\/2025\/08\/IMG_8057.jpg?ssl=1\"><img data-recalc-dims=\"1\" loading=\"lazy\" decoding=\"async\" style=\"background-image: none; padding-top: 0px; padding-left: 0px; display: inline; padding-right: 0px; border: 0px;\" title=\"IMG_8057\" src=\"https:\/\/i0.wp.com\/www.tus-oppenau.de\/fussball\/wp-content\/uploads\/2025\/08\/IMG_8057_thumb.jpg?resize=474%2C405&#038;ssl=1\" alt=\"IMG_8057\" width=\"474\" height=\"405\" border=\"0\" \/><\/a><br \/>\nFoto: Chiara Torzi<\/p>\n<p align=\"justify\">Im Duell der beiden Landesliga-Absteiger entwickelte sich eine zun\u00e4chst ausgeglichene Bewegung ohne nennenswerte Torchancen. Beide Teams waren um Ballbesitz bem\u00fcht. Nach einem \u00f6ffnenden Ball aus dem Mittelfeld auf die rechts Angriffsseite lief TuS-Spielf\u00fchrer Kimmig allein auf Schlussmann Anzaldi zu und schob den Ball zur F\u00fchrung in die Maschen. Nur kurze Zeit lenkte G\u00e4ste-Verteidiger Mateus einen Ball von der linken Seite ins eigene Tor. Nach \u00fcberlegtem Zuspiel von Keller erh\u00f6hte Haas aus zentraler Position auf 3:0.<\/p>\n<p align=\"justify\">In der zweiten Halbzeit hatte Kopf eine erste Torm\u00f6glichkeit f\u00fcr die G\u00e4ste als sein Schuss von der Au\u00dfenseite sich auf die Querlatte senkte. TuS-Torh\u00fcter Fischer konnte kurze Zeit sp\u00e4ter einen Schuss von \u00d6zkan mit einer Glanzparade parieren. Auf der Gegenseite war Anzaldi bei einem Schuss von Maier zur Stelle. Nach einer sehenswerten Vorarbeit des eingewechselten Blust, der sich auf der rechten Seite durchsetzen konnte, erzielte Heiberger von der F\u00fcnfmeterlinie das 4:0.<\/p>\n<p align=\"justify\">Am kommenden Sonntag 15 Uhr gastiert der TuS Oppenau beim SV Oberschopfheim.<\/p>\n<p align=\"justify\"><strong><u>Torfolge:<\/u><\/strong> 1:0 Kimmig (24.), 2:0 Mateus &#8211; Eigentor (28.) , 3:0 Haas (38.), 4:0 Heiberger (84.)<\/p>\n<p align=\"justify\">Schiedsrichter: Sinan Karatas<\/p>\n<p align=\"justify\"><strong><u>Oppenau:<\/u><\/strong> Fischer, Lietz, Bruder, Keller (80. Soaita), Hoch, Heiberger (85. Huber M.), Huber D., Kimmig (69. Blust), Haas (74. Langguth), Vogt, Maier (69. Feger)<\/p>\n<p align=\"justify\"><strong><u>Rammersweier:<\/u><\/strong> Anzaldi, Meier, Rossrucker, R\u00f6sler (78. Oberle), Anzaldi, Mateus (46. End), Giorgadse (63. Riesinger), Kopf, Baudendistel, Huckel, \u00d6zkan<\/p>\n","protected":false},"excerpt":{"rendered":"<p>In einem intensiv gef\u00fchrten Spiel erzielte der TuS Oppenau am Ende einen verdienten Heimsieg. Der Grundstein wurde bereits in der ersten Halbzeit gelegt. Foto: Chiara Torzi Im Duell der beiden Landesliga-Absteiger entwickelte sich eine zun\u00e4chst ausgeglichene Bewegung ohne nennenswerte Torchancen. Beide Teams waren um Ballbesitz bem\u00fcht. Nach einem \u00f6ffnenden Ball aus dem Mittelfeld auf die &hellip; <a href=\"https:\/\/www.tus-oppenau.de\/fussball\/2025\/08\/tus-oppenau-startet-mit-heimsieg-in-die-bezirksliga-saison\/\" class=\"more-link\"><span class=\"screen-reader-text\">TuS Oppenau startet mit Heimsieg in die Bezirksliga-Saison<\/span> weiterlesen <span class=\"meta-nav\">&rarr;<\/span><\/a><\/p>\n","protected":false},"author":47,"featured_media":12278,"comment_status":"closed","ping_status":"open","sticky":false,"template":"","format":"standard","meta":{"_jetpack_memberships_contains_paid_content":false,"footnotes":"","jetpack_publicize_message":"","jetpack_publicize_feature_enabled":true,"jetpack_social_post_already_shared":true,"jetpack_social_options":{"image_generator_settings":{"template":"highway","default_image_id":0,"font":"","enabled":false},"version":2}},"categories":[247],"tags":[],"class_list":["post-12280","post","type-post","status-publish","format-standard","has-post-thumbnail","hentry","category-1-mannschaft"],"jetpack_publicize_connections":[],"jetpack_featured_media_url":"https:\/\/i0.wp.com\/www.tus-oppenau.de\/fussball\/wp-content\/uploads\/2025\/08\/IMG_8057.jpg?fit=899%2C768&ssl=1","jetpack_sharing_enabled":true,"jetpack_likes_enabled":true,"_links":{"self":[{"href":"https:\/\/www.tus-oppenau.de\/fussball\/wp-json\/wp\/v2\/posts\/12280","targetHints":{"allow":["GET"]}}],"collection":[{"href":"https:\/\/www.tus-oppenau.de\/fussball\/wp-json\/wp\/v2\/posts"}],"about":[{"href":"https:\/\/www.tus-oppenau.de\/fussball\/wp-json\/wp\/v2\/types\/post"}],"author":[{"embeddable":true,"href":"https:\/\/www.tus-oppenau.de\/fussball\/wp-json\/wp\/v2\/users\/47"}],"replies":[{"embeddable":true,"href":"https:\/\/www.tus-oppenau.de\/fussball\/wp-json\/wp\/v2\/comments?post=12280"}],"version-history":[{"count":2,"href":"https:\/\/www.tus-oppenau.de\/fussball\/wp-json\/wp\/v2\/posts\/12280\/revisions"}],"predecessor-version":[{"id":12422,"href":"https:\/\/www.tus-oppenau.de\/fussball\/wp-json\/wp\/v2\/posts\/12280\/revisions\/12422"}],"wp:featuredmedia":[{"embeddable":true,"href":"https:\/\/www.tus-oppenau.de\/fussball\/wp-json\/wp\/v2\/media\/12278"}],"wp:attachment":[{"href":"https:\/\/www.tus-oppenau.de\/fussball\/wp-json\/wp\/v2\/media?parent=12280"}],"wp:term":[{"taxonomy":"category","embeddable":true,"href":"https:\/\/www.tus-oppenau.de\/fussball\/wp-json\/wp\/v2\/categories?post=12280"},{"taxonomy":"post_tag","embeddable":true,"href":"https:\/\/www.tus-oppenau.de\/fussball\/wp-json\/wp\/v2\/tags?post=12280"}],"curies":[{"name":"wp","href":"https:\/\/api.w.org\/{rel}","templated":true}]}}