{"id":12284,"date":"2025-08-21T16:49:18","date_gmt":"2025-08-21T14:49:18","guid":{"rendered":"https:\/\/www.tus-oppenau.de\/fussball\/?p=12284"},"modified":"2025-10-05T18:56:00","modified_gmt":"2025-10-05T16:56:00","slug":"rentnersitzbank-offiziell-eingeweiht","status":"publish","type":"post","link":"https:\/\/www.tus-oppenau.de\/fussball\/2025\/08\/rentnersitzbank-offiziell-eingeweiht\/","title":{"rendered":"Rentnersitzbank offiziell eingeweiht"},"content":{"rendered":"<p align=\"justify\"><strong>Am vergangenen Sonntag durften wir unsere neue Rentner-Sitzbank unter der Pergola offiziell einweihen. <\/strong><\/p>\n<p align=\"justify\"><a href=\"https:\/\/i0.wp.com\/www.tus-oppenau.de\/fussball\/wp-content\/uploads\/2025\/08\/IMG_7937.jpg?ssl=1\"><img data-recalc-dims=\"1\" loading=\"lazy\" decoding=\"async\" style=\"background-image: none; padding-top: 0px; padding-left: 0px; display: inline; padding-right: 0px; border: 0px;\" title=\"IMG_7937\" src=\"https:\/\/i0.wp.com\/www.tus-oppenau.de\/fussball\/wp-content\/uploads\/2025\/08\/IMG_7937_thumb.jpg?resize=474%2C271&#038;ssl=1\" alt=\"IMG_7937\" width=\"474\" height=\"271\" border=\"0\" \/><\/a><\/p>\n<p align=\"justify\">Der Initiator der Aktion Klaus \u201cSpiesli\u201d Huber und 1. Vorstand Frank Spinner freuten sich sehr, sowohl den Spender des Holzes <strong>Armin Huber<\/strong> von der <strong>Ludwig Huber II S\u00e4ge- und Hobelwerk Holzhandlung e.K <\/strong>und <strong>Bernhard Huber<\/strong>, der in seiner Werkstatt den massiven Tisch und die beiden B\u00e4nke mit R\u00fcckenlehnen fachm\u00e4nnisch gezimmert hat, begr\u00fc\u00dfen zu d\u00fcrfen. Der Tisch und die B\u00e4nke wurden im Rahmen von Arbeitseins\u00e4tzen noch mehrfach gestrichen. Ebenso wurde das Kassenh\u00e4uschen am Zugang zum Naturrasenplatz neu gestaltet und an Platz-Kassiererin Conny Huber \u201c\u00dcbergeben\u201d. Auch hierf\u00fcr hatte <strong>Armin Huber<\/strong> von der <strong>Ludwig Huber II S\u00e4ge- und Hobelwerk Holzhandlung e.K <\/strong>das Holz gespendet.<\/p>\n<p align=\"justify\">Die Gro\u00dfeltern unseres Spielers Rico Maier und die anderen Personen waren sich einige, dass hier eine tolle handwerkliche Leistung f\u00fcr den TuS erbracht wurde.\u00a0 Als kleines Dankesch\u00f6n gab Freigetr\u00e4nke und jeweils eine Jahreskarte f\u00fcr die Spiele der 1. Mannschaft in der Bezirksliga-Saison 2025\/26.<\/p>\n<p align=\"center\"><strong>Die Fu\u00dfballabteilung bedankt sich ganz herzlich bei Armin Huber und Bernhard Huber f\u00fcr die tolle Unterst\u00fctzung.<\/strong><\/p>\n","protected":false},"excerpt":{"rendered":"<p>Am vergangenen Sonntag durften wir unsere neue Rentner-Sitzbank unter der Pergola offiziell einweihen. Der Initiator der Aktion Klaus \u201cSpiesli\u201d Huber und 1. Vorstand Frank Spinner freuten sich sehr, sowohl den Spender des Holzes Armin Huber von der Ludwig Huber II S\u00e4ge- und Hobelwerk Holzhandlung e.K und Bernhard Huber, der in seiner Werkstatt den massiven Tisch &hellip; <a href=\"https:\/\/www.tus-oppenau.de\/fussball\/2025\/08\/rentnersitzbank-offiziell-eingeweiht\/\" class=\"more-link\"><span class=\"screen-reader-text\">Rentnersitzbank offiziell eingeweiht<\/span> weiterlesen <span class=\"meta-nav\">&rarr;<\/span><\/a><\/p>\n","protected":false},"author":47,"featured_media":12282,"comment_status":"closed","ping_status":"open","sticky":false,"template":"","format":"standard","meta":{"_jetpack_memberships_contains_paid_content":false,"footnotes":"","jetpack_publicize_message":"","jetpack_publicize_feature_enabled":true,"jetpack_social_post_already_shared":true,"jetpack_social_options":{"image_generator_settings":{"template":"highway","default_image_id":0,"font":"","enabled":false},"version":2}},"categories":[281],"tags":[],"class_list":["post-12284","post","type-post","status-publish","format-standard","has-post-thumbnail","hentry","category-sportgelaende"],"jetpack_publicize_connections":[],"jetpack_featured_media_url":"https:\/\/i0.wp.com\/www.tus-oppenau.de\/fussball\/wp-content\/uploads\/2025\/08\/IMG_7937.jpg?fit=1024%2C576&ssl=1","jetpack_sharing_enabled":true,"jetpack_likes_enabled":true,"_links":{"self":[{"href":"https:\/\/www.tus-oppenau.de\/fussball\/wp-json\/wp\/v2\/posts\/12284","targetHints":{"allow":["GET"]}}],"collection":[{"href":"https:\/\/www.tus-oppenau.de\/fussball\/wp-json\/wp\/v2\/posts"}],"about":[{"href":"https:\/\/www.tus-oppenau.de\/fussball\/wp-json\/wp\/v2\/types\/post"}],"author":[{"embeddable":true,"href":"https:\/\/www.tus-oppenau.de\/fussball\/wp-json\/wp\/v2\/users\/47"}],"replies":[{"embeddable":true,"href":"https:\/\/www.tus-oppenau.de\/fussball\/wp-json\/wp\/v2\/comments?post=12284"}],"version-history":[{"count":2,"href":"https:\/\/www.tus-oppenau.de\/fussball\/wp-json\/wp\/v2\/posts\/12284\/revisions"}],"predecessor-version":[{"id":12358,"href":"https:\/\/www.tus-oppenau.de\/fussball\/wp-json\/wp\/v2\/posts\/12284\/revisions\/12358"}],"wp:featuredmedia":[{"embeddable":true,"href":"https:\/\/www.tus-oppenau.de\/fussball\/wp-json\/wp\/v2\/media\/12282"}],"wp:attachment":[{"href":"https:\/\/www.tus-oppenau.de\/fussball\/wp-json\/wp\/v2\/media?parent=12284"}],"wp:term":[{"taxonomy":"category","embeddable":true,"href":"https:\/\/www.tus-oppenau.de\/fussball\/wp-json\/wp\/v2\/categories?post=12284"},{"taxonomy":"post_tag","embeddable":true,"href":"https:\/\/www.tus-oppenau.de\/fussball\/wp-json\/wp\/v2\/tags?post=12284"}],"curies":[{"name":"wp","href":"https:\/\/api.w.org\/{rel}","templated":true}]}}