{"id":12534,"date":"2025-11-01T14:59:20","date_gmt":"2025-11-01T12:59:20","guid":{"rendered":"https:\/\/www.tus-oppenau.de\/fussball\/?p=12534"},"modified":"2026-01-19T22:26:36","modified_gmt":"2026-01-19T20:26:36","slug":"sponsorenstammtisch-2025","status":"publish","type":"post","link":"https:\/\/www.tus-oppenau.de\/fussball\/2025\/11\/sponsorenstammtisch-2025\/","title":{"rendered":"Sponsorenstammtisch 2025"},"content":{"rendered":"<p align=\"justify\"><strong>Ende Oktober fand der 15. TuS Oppenau Sponsorenstammtis<\/strong><strong>ch statt. Gastgeber war in diesem Jahr die <a href=\"https:\/\/www.bergdorf-bader-alm.de\/\">Bader-Alm<\/a> in Ibach.<\/strong><\/p>\n<p><img data-recalc-dims=\"1\" loading=\"lazy\" decoding=\"async\" class=\"alignright\" src=\"https:\/\/i0.wp.com\/www.bergdorf-bader-alm.de\/images\/allgemein\/logo-bergdorf-bader-alm-2.png?resize=134%2C157&#038;ssl=1\" alt=\"Bergdorf Bader Alm\" width=\"134\" height=\"157\" \/><\/p>\n<p align=\"justify\"><a href=\"https:\/\/i0.wp.com\/www.tus-oppenau.de\/fussball\/wp-content\/uploads\/2025\/11\/Sponsorenstammtisch_009.jpg?ssl=1\"><img data-recalc-dims=\"1\" loading=\"lazy\" decoding=\"async\" class=\"alignleft\" style=\"background-image: none; padding-top: 0px; padding-left: 0px; display: inline; padding-right: 0px; border: 0px;\" title=\"Sponsorenstammtisch_009\" src=\"https:\/\/i0.wp.com\/www.tus-oppenau.de\/fussball\/wp-content\/uploads\/2025\/11\/Sponsorenstammtisch_009_thumb.jpg?resize=474%2C294&#038;ssl=1\" alt=\"Sponsorenstammtisch_009\" width=\"474\" height=\"294\" border=\"0\" \/><\/a><\/p>\n<p align=\"justify\">\n<p align=\"justify\">Gastgeber Mariano Bosch und TuS Vorstand Frank Spinner konnten etwa 25 Sponsoren sowie 10 Personen aus den Reihen des TuS Oppenau begr\u00fc\u00dfen.<\/p>\n<p align=\"justify\">Zu Beginn begr\u00fc\u00dfte Markus M\u00fcller vom Sponsoring des TuS die Anwesenden und gab in der Marktscheune einen kurzen Abriss zum geplanten Ablauf. Mariano Bosch und sein Team servierten offenfrische Flammkuchen und Getr\u00e4nke. Danch f\u00fchrte er die Teilnehmer \u00fcber das interessante und mit viel Herzblut entwickelte Gel\u00e4nde der Bader-Alm.<\/p>\n<p align=\"justify\">\u00a0 <a href=\"https:\/\/i0.wp.com\/www.tus-oppenau.de\/fussball\/wp-content\/uploads\/2025\/11\/Sponsorenstammtisch_007.jpg?ssl=1\"><img data-recalc-dims=\"1\" loading=\"lazy\" decoding=\"async\" style=\"background-image: none; padding-top: 0px; padding-left: 0px; display: inline; padding-right: 0px; border: 0px;\" title=\"Sponsorenstammtisch_007\" src=\"https:\/\/i0.wp.com\/www.tus-oppenau.de\/fussball\/wp-content\/uploads\/2025\/11\/Sponsorenstammtisch_007_thumb.jpg?resize=328%2C436&#038;ssl=1\" alt=\"Sponsorenstammtisch_007\" width=\"328\" height=\"436\" border=\"0\" \/><\/a>\u00a0\u00a0 <a href=\"https:\/\/i0.wp.com\/www.tus-oppenau.de\/fussball\/wp-content\/uploads\/2025\/11\/Sponsorenstammtisch_001.jpg?ssl=1\"><img data-recalc-dims=\"1\" loading=\"lazy\" decoding=\"async\" style=\"background-image: none; padding-top: 0px; padding-left: 0px; display: inline; padding-right: 0px; border: 0px;\" title=\"Sponsorenstammtisch_001\" src=\"https:\/\/i0.wp.com\/www.tus-oppenau.de\/fussball\/wp-content\/uploads\/2025\/11\/Sponsorenstammtisch_001_thumb.jpg?resize=246%2C437&#038;ssl=1\" alt=\"Sponsorenstammtisch_001\" width=\"246\" height=\"437\" border=\"0\" \/><\/a><\/p>\n<p align=\"justify\"><a href=\"https:\/\/i0.wp.com\/www.tus-oppenau.de\/fussball\/wp-content\/uploads\/2025\/11\/Sponsorenstammtisch_003.jpg?ssl=1\"><img data-recalc-dims=\"1\" loading=\"lazy\" decoding=\"async\" style=\"background-image: none; padding-top: 0px; padding-left: 0px; display: inline; padding-right: 0px; border: 0px;\" title=\"Sponsorenstammtisch_003\" src=\"https:\/\/i0.wp.com\/www.tus-oppenau.de\/fussball\/wp-content\/uploads\/2025\/11\/Sponsorenstammtisch_003_thumb.jpg?resize=474%2C266&#038;ssl=1\" alt=\"Sponsorenstammtisch_003\" width=\"474\" height=\"266\" border=\"0\" \/><\/a><\/p>\n<p align=\"justify\">Anschlie\u00dfend gab Vorstand Frank Spinner anhand einer Pr\u00e4sentation einen Einblick in die vielf\u00e4ltigen Vereinsaktivit\u00e4ten und Projekte des vergangenen Jahres. Auch der sportliche Bereich im Junioren- und Damen- sowie Seniorenbereich kam dabei nicht zu kurz. Trainer Jochen Fischer erg\u00e4nzte die Ausf\u00fchrungen noch mit Informationen und Einsch\u00e4tzungen zur aktuellen Saison in der Bezirksliga.<\/p>\n<p align=\"justify\"><a href=\"https:\/\/i0.wp.com\/www.tus-oppenau.de\/fussball\/wp-content\/uploads\/2025\/11\/Sponsorenstammtisch_008.jpg?ssl=1\"><img data-recalc-dims=\"1\" loading=\"lazy\" decoding=\"async\" style=\"background-image: none; padding-top: 0px; padding-left: 0px; display: inline; padding-right: 0px; border: 0px;\" title=\"Sponsorenstammtisch_008\" src=\"https:\/\/i0.wp.com\/www.tus-oppenau.de\/fussball\/wp-content\/uploads\/2025\/11\/Sponsorenstammtisch_008_thumb.jpg?resize=289%2C218&#038;ssl=1\" alt=\"Sponsorenstammtisch_008\" width=\"289\" height=\"218\" border=\"0\" \/><\/a>\u00a0<a href=\"https:\/\/i0.wp.com\/www.tus-oppenau.de\/fussball\/wp-content\/uploads\/2025\/11\/Sponsorenstammtisch_006.jpg?ssl=1\"><img data-recalc-dims=\"1\" loading=\"lazy\" decoding=\"async\" style=\"background-image: none; padding-top: 0px; padding-left: 0px; display: inline; padding-right: 0px; border: 0px;\" title=\"Sponsorenstammtisch_006\" src=\"https:\/\/i0.wp.com\/www.tus-oppenau.de\/fussball\/wp-content\/uploads\/2025\/11\/Sponsorenstammtisch_006_thumb.jpg?resize=288%2C217&#038;ssl=1\" alt=\"Sponsorenstammtisch_006\" width=\"288\" height=\"217\" border=\"0\" \/><\/a><\/p>\n<p align=\"justify\">Markus M\u00fcller bedankte sich bei Mariano Bosch f\u00fcr die Ausrichtung und Bewirtung des Sponsorenstammtisches mit einem Jugend T-Shirt der SG Renchtal auf welchem sich die Werbung der Bader-Alm befindet. Ein kleiner Imbiss und interessante Gespr\u00e4che in einer lockeren Atmosph\u00e4re rundeten einen sch\u00f6nen und hochinteressanten Abend ab.<\/p>\n<p align=\"justify\"><a href=\"https:\/\/i0.wp.com\/www.tus-oppenau.de\/fussball\/wp-content\/uploads\/2025\/11\/Prsentation_Sponsorenstammtisch_2025_format_16_9.jpg?ssl=1\"><img data-recalc-dims=\"1\" loading=\"lazy\" decoding=\"async\" style=\"background-image: none; padding-top: 0px; padding-left: 0px; display: inline; padding-right: 0px; border: 0px;\" title=\"Pr\u00e4sentation_Sponsorenstammtisch_2025_format_16_9\" src=\"https:\/\/i0.wp.com\/www.tus-oppenau.de\/fussball\/wp-content\/uploads\/2025\/11\/Prsentation_Sponsorenstammtisch_2025_format_16_9_thumb.jpg?resize=474%2C271&#038;ssl=1\" alt=\"Pr\u00e4sentation_Sponsorenstammtisch_2025_format_16_9\" width=\"474\" height=\"271\" border=\"0\" \/><\/a><\/p>\n","protected":false},"excerpt":{"rendered":"<p>Ende Oktober fand der 15. TuS Oppenau Sponsorenstammtisch statt. Gastgeber war in diesem Jahr die Bader-Alm in Ibach. Gastgeber Mariano Bosch und TuS Vorstand Frank Spinner konnten etwa 25 Sponsoren sowie 10 Personen aus den Reihen des TuS Oppenau begr\u00fc\u00dfen. Zu Beginn begr\u00fc\u00dfte Markus M\u00fcller vom Sponsoring des TuS die Anwesenden und gab in der &hellip; <a href=\"https:\/\/www.tus-oppenau.de\/fussball\/2025\/11\/sponsorenstammtisch-2025\/\" class=\"more-link\"><span class=\"screen-reader-text\">Sponsorenstammtisch 2025<\/span> weiterlesen <span class=\"meta-nav\">&rarr;<\/span><\/a><\/p>\n","protected":false},"author":47,"featured_media":12532,"comment_status":"closed","ping_status":"open","sticky":false,"template":"","format":"standard","meta":{"_jetpack_memberships_contains_paid_content":false,"footnotes":"","jetpack_publicize_message":"","jetpack_publicize_feature_enabled":true,"jetpack_social_post_already_shared":true,"jetpack_social_options":{"image_generator_settings":{"template":"highway","default_image_id":0,"font":"","enabled":false},"version":2}},"categories":[250],"tags":[],"class_list":["post-12534","post","type-post","status-publish","format-standard","has-post-thumbnail","hentry","category-veranstaltungen"],"jetpack_publicize_connections":[],"jetpack_featured_media_url":"https:\/\/i0.wp.com\/www.tus-oppenau.de\/fussball\/wp-content\/uploads\/2025\/11\/Prsentation_Sponsorenstammtisch_2025_format_16_9.jpg?fit=960%2C540&ssl=1","jetpack_sharing_enabled":true,"jetpack_likes_enabled":true,"_links":{"self":[{"href":"https:\/\/www.tus-oppenau.de\/fussball\/wp-json\/wp\/v2\/posts\/12534","targetHints":{"allow":["GET"]}}],"collection":[{"href":"https:\/\/www.tus-oppenau.de\/fussball\/wp-json\/wp\/v2\/posts"}],"about":[{"href":"https:\/\/www.tus-oppenau.de\/fussball\/wp-json\/wp\/v2\/types\/post"}],"author":[{"embeddable":true,"href":"https:\/\/www.tus-oppenau.de\/fussball\/wp-json\/wp\/v2\/users\/47"}],"replies":[{"embeddable":true,"href":"https:\/\/www.tus-oppenau.de\/fussball\/wp-json\/wp\/v2\/comments?post=12534"}],"version-history":[{"count":4,"href":"https:\/\/www.tus-oppenau.de\/fussball\/wp-json\/wp\/v2\/posts\/12534\/revisions"}],"predecessor-version":[{"id":12772,"href":"https:\/\/www.tus-oppenau.de\/fussball\/wp-json\/wp\/v2\/posts\/12534\/revisions\/12772"}],"wp:featuredmedia":[{"embeddable":true,"href":"https:\/\/www.tus-oppenau.de\/fussball\/wp-json\/wp\/v2\/media\/12532"}],"wp:attachment":[{"href":"https:\/\/www.tus-oppenau.de\/fussball\/wp-json\/wp\/v2\/media?parent=12534"}],"wp:term":[{"taxonomy":"category","embeddable":true,"href":"https:\/\/www.tus-oppenau.de\/fussball\/wp-json\/wp\/v2\/categories?post=12534"},{"taxonomy":"post_tag","embeddable":true,"href":"https:\/\/www.tus-oppenau.de\/fussball\/wp-json\/wp\/v2\/tags?post=12534"}],"curies":[{"name":"wp","href":"https:\/\/api.w.org\/{rel}","templated":true}]}}