{"id":12792,"date":"2025-12-06T19:40:11","date_gmt":"2025-12-06T17:40:11","guid":{"rendered":"https:\/\/www.tus-oppenau.de\/fussball\/?p=12792"},"modified":"2025-12-06T19:40:11","modified_gmt":"2025-12-06T17:40:11","slug":"arbeitseinsatz-an-den-kleinfeldtoren","status":"publish","type":"post","link":"https:\/\/www.tus-oppenau.de\/fussball\/2025\/12\/arbeitseinsatz-an-den-kleinfeldtoren\/","title":{"rendered":"Arbeitseinsatz an den Kleinfeldtoren"},"content":{"rendered":"<p align=\"justify\"><strong>Kurz vor der Winterpause wurde nochmals Hand an einen Teil der Kleinfeldtore 5 x 2 m und 3 x 2 m angelegt und die Tornetze erneuert.<\/strong><\/p>\n<p><a href=\"https:\/\/i0.wp.com\/www.tus-oppenau.de\/fussball\/wp-content\/uploads\/2025\/12\/IMG_9432.jpg?ssl=1\"><img data-recalc-dims=\"1\" loading=\"lazy\" decoding=\"async\" title=\"IMG_9432\" style=\"border-top: 0px; border-right: 0px; background-image: none; border-bottom: 0px; padding-top: 0px; padding-left: 0px; border-left: 0px; display: inline; padding-right: 0px\" border=\"0\" alt=\"IMG_9432\" src=\"https:\/\/i0.wp.com\/www.tus-oppenau.de\/fussball\/wp-content\/uploads\/2025\/12\/IMG_9432_thumb.jpg?resize=474%2C286&#038;ssl=1\" width=\"474\" height=\"286\"><\/a><\/p>\n<p align=\"justify\">Insgesamt waren sechs flei\u00dfige TuS\u00b4ler aus den Reihen der Jugendtrainer und der Vorstandschaft ca. 4 Stunden damit besch\u00e4ftigt um an insgesamt sechs Toren die alten Netze zu entfernen und durch Neue zu ersetzen. Zus\u00e4tzlich wurde auch ein Teil der Minitore 1,5 x 1 m \u00fcberpr\u00fcft.<\/p>\n<p align=\"justify\"><a href=\"https:\/\/i0.wp.com\/www.tus-oppenau.de\/fussball\/wp-content\/uploads\/2025\/12\/IMG_9436.jpg?ssl=1\"><img data-recalc-dims=\"1\" loading=\"lazy\" decoding=\"async\" title=\"IMG_9436\" style=\"border-top: 0px; border-right: 0px; background-image: none; border-bottom: 0px; padding-top: 0px; padding-left: 0px; border-left: 0px; display: inline; padding-right: 0px\" border=\"0\" alt=\"IMG_9436\" src=\"https:\/\/i0.wp.com\/www.tus-oppenau.de\/fussball\/wp-content\/uploads\/2025\/12\/IMG_9436_thumb.jpg?resize=474%2C271&#038;ssl=1\" width=\"474\" height=\"271\"><\/a><\/p>\n<p align=\"justify\"><a href=\"https:\/\/i0.wp.com\/www.tus-oppenau.de\/fussball\/wp-content\/uploads\/2025\/12\/IMG_9438.jpg?ssl=1\"><img data-recalc-dims=\"1\" loading=\"lazy\" decoding=\"async\" title=\"IMG_9438\" style=\"border-top: 0px; border-right: 0px; background-image: none; border-bottom: 0px; padding-top: 0px; padding-left: 0px; border-left: 0px; display: inline; padding-right: 0px\" border=\"0\" alt=\"IMG_9438\" src=\"https:\/\/i0.wp.com\/www.tus-oppenau.de\/fussball\/wp-content\/uploads\/2025\/12\/IMG_9438_thumb.jpg?resize=301%2C227&#038;ssl=1\" width=\"301\" height=\"227\"><\/a>&nbsp;<a href=\"https:\/\/i0.wp.com\/www.tus-oppenau.de\/fussball\/wp-content\/uploads\/2025\/12\/IMG_9434.jpg?ssl=1\"><img data-recalc-dims=\"1\" loading=\"lazy\" decoding=\"async\" title=\"IMG_9434\" style=\"border-top: 0px; border-right: 0px; background-image: none; border-bottom: 0px; padding-top: 0px; padding-left: 0px; border-left: 0px; display: inline; padding-right: 0px\" border=\"0\" alt=\"IMG_9434\" src=\"https:\/\/i0.wp.com\/www.tus-oppenau.de\/fussball\/wp-content\/uploads\/2025\/12\/IMG_9434_thumb.jpg?resize=300%2C227&#038;ssl=1\" width=\"300\" height=\"227\"><\/a><\/p>\n<p align=\"justify\"><a href=\"https:\/\/i0.wp.com\/www.tus-oppenau.de\/fussball\/wp-content\/uploads\/2025\/12\/IMG_9439.jpg?ssl=1\"><img data-recalc-dims=\"1\" loading=\"lazy\" decoding=\"async\" title=\"IMG_9439\" style=\"border-top: 0px; border-right: 0px; background-image: none; border-bottom: 0px; padding-top: 0px; padding-left: 0px; border-left: 0px; display: inline; padding-right: 0px\" border=\"0\" alt=\"IMG_9439\" src=\"https:\/\/i0.wp.com\/www.tus-oppenau.de\/fussball\/wp-content\/uploads\/2025\/12\/IMG_9439_thumb.jpg?resize=300%2C226&#038;ssl=1\" width=\"300\" height=\"226\"><\/a>&nbsp;<a href=\"https:\/\/i0.wp.com\/www.tus-oppenau.de\/fussball\/wp-content\/uploads\/2025\/12\/IMG_9433.jpg?ssl=1\"><img data-recalc-dims=\"1\" loading=\"lazy\" decoding=\"async\" title=\"IMG_9433\" style=\"border-top: 0px; border-right: 0px; background-image: none; border-bottom: 0px; padding-top: 0px; padding-left: 0px; border-left: 0px; display: inline; padding-right: 0px\" border=\"0\" alt=\"IMG_9433\" src=\"https:\/\/i0.wp.com\/www.tus-oppenau.de\/fussball\/wp-content\/uploads\/2025\/12\/IMG_9433_thumb.jpg?resize=300%2C226&#038;ssl=1\" width=\"300\" height=\"226\"><\/a><\/p>\n<p align=\"center\"><strong>Das Ergebnis kann sich durchaus sehen lassen.<\/strong> <br \/><a href=\"https:\/\/i0.wp.com\/www.tus-oppenau.de\/fussball\/wp-content\/uploads\/2025\/12\/IMG_9430x.jpg?ssl=1\"><img data-recalc-dims=\"1\" loading=\"lazy\" decoding=\"async\" title=\"IMG_9430x\" style=\"border-top: 0px; border-right: 0px; background-image: none; border-bottom: 0px; padding-top: 0px; padding-left: 0px; border-left: 0px; display: inline; padding-right: 0px\" border=\"0\" alt=\"IMG_9430x\" src=\"https:\/\/i0.wp.com\/www.tus-oppenau.de\/fussball\/wp-content\/uploads\/2025\/12\/IMG_9430x_thumb.jpg?resize=474%2C295&#038;ssl=1\" width=\"474\" height=\"295\"><\/a><\/p>\n<p align=\"justify\"><a href=\"https:\/\/i0.wp.com\/www.tus-oppenau.de\/fussball\/wp-content\/uploads\/2025\/12\/IMG_9442.jpg?ssl=1\"><img data-recalc-dims=\"1\" loading=\"lazy\" decoding=\"async\" title=\"IMG_9442\" style=\"border-top: 0px; border-right: 0px; background-image: none; border-bottom: 0px; padding-top: 0px; padding-left: 0px; border-left: 0px; display: inline; padding-right: 0px\" border=\"0\" alt=\"IMG_9442\" src=\"https:\/\/i0.wp.com\/www.tus-oppenau.de\/fussball\/wp-content\/uploads\/2025\/12\/IMG_9442_thumb.jpg?resize=474%2C271&#038;ssl=1\" width=\"474\" height=\"271\"><\/a><\/p>\n<p align=\"center\"><strong>Herzlichen Dank an alle Helfer f\u00fcr die geleistete Arbeit.<\/strong><\/p>\n<p align=\"justify\"><a href=\"https:\/\/i0.wp.com\/www.tus-oppenau.de\/fussball\/wp-content\/uploads\/2025\/12\/IMG_9436-1.jpg?ssl=1\"><img data-recalc-dims=\"1\" loading=\"lazy\" decoding=\"async\" title=\"IMG_9436\" style=\"border-top: 0px; border-right: 0px; background-image: none; border-bottom: 0px; padding-top: 0px; padding-left: 0px; border-left: 0px; display: inline; padding-right: 0px\" border=\"0\" alt=\"IMG_9436\" src=\"https:\/\/i0.wp.com\/www.tus-oppenau.de\/fussball\/wp-content\/uploads\/2025\/12\/IMG_9436_thumb-1.jpg?resize=474%2C271&#038;ssl=1\" width=\"474\" height=\"271\"><\/a><\/p>\n","protected":false},"excerpt":{"rendered":"<p>Kurz vor der Winterpause wurde nochmals Hand an einen Teil der Kleinfeldtore 5 x 2 m und 3 x 2 m angelegt und die Tornetze erneuert. Insgesamt waren sechs flei\u00dfige TuS\u00b4ler aus den Reihen der Jugendtrainer und der Vorstandschaft ca. 4 Stunden damit besch\u00e4ftigt um an insgesamt sechs Toren die alten Netze zu entfernen und &hellip; <a href=\"https:\/\/www.tus-oppenau.de\/fussball\/2025\/12\/arbeitseinsatz-an-den-kleinfeldtoren\/\" class=\"more-link\"><span class=\"screen-reader-text\">Arbeitseinsatz an den Kleinfeldtoren<\/span> weiterlesen <span class=\"meta-nav\">&rarr;<\/span><\/a><\/p>\n","protected":false},"author":47,"featured_media":0,"comment_status":"closed","ping_status":"open","sticky":false,"template":"","format":"standard","meta":{"_jetpack_memberships_contains_paid_content":false,"footnotes":"","jetpack_publicize_message":"","jetpack_publicize_feature_enabled":true,"jetpack_social_post_already_shared":true,"jetpack_social_options":{"image_generator_settings":{"template":"highway","default_image_id":0,"font":"","enabled":false},"version":2}},"categories":[1,268,281],"tags":[],"class_list":["post-12792","post","type-post","status-publish","format-standard","hentry","category-allgemein","category-jugend","category-sportgelaende"],"jetpack_publicize_connections":[],"jetpack_featured_media_url":"","jetpack_sharing_enabled":true,"jetpack_likes_enabled":true,"_links":{"self":[{"href":"https:\/\/www.tus-oppenau.de\/fussball\/wp-json\/wp\/v2\/posts\/12792","targetHints":{"allow":["GET"]}}],"collection":[{"href":"https:\/\/www.tus-oppenau.de\/fussball\/wp-json\/wp\/v2\/posts"}],"about":[{"href":"https:\/\/www.tus-oppenau.de\/fussball\/wp-json\/wp\/v2\/types\/post"}],"author":[{"embeddable":true,"href":"https:\/\/www.tus-oppenau.de\/fussball\/wp-json\/wp\/v2\/users\/47"}],"replies":[{"embeddable":true,"href":"https:\/\/www.tus-oppenau.de\/fussball\/wp-json\/wp\/v2\/comments?post=12792"}],"version-history":[{"count":1,"href":"https:\/\/www.tus-oppenau.de\/fussball\/wp-json\/wp\/v2\/posts\/12792\/revisions"}],"predecessor-version":[{"id":12793,"href":"https:\/\/www.tus-oppenau.de\/fussball\/wp-json\/wp\/v2\/posts\/12792\/revisions\/12793"}],"wp:attachment":[{"href":"https:\/\/www.tus-oppenau.de\/fussball\/wp-json\/wp\/v2\/media?parent=12792"}],"wp:term":[{"taxonomy":"category","embeddable":true,"href":"https:\/\/www.tus-oppenau.de\/fussball\/wp-json\/wp\/v2\/categories?post=12792"},{"taxonomy":"post_tag","embeddable":true,"href":"https:\/\/www.tus-oppenau.de\/fussball\/wp-json\/wp\/v2\/tags?post=12792"}],"curies":[{"name":"wp","href":"https:\/\/api.w.org\/{rel}","templated":true}]}}