{"id":12915,"date":"2026-01-31T12:05:19","date_gmt":"2026-01-31T10:05:19","guid":{"rendered":"https:\/\/www.tus-oppenau.de\/fussball\/?p=12915"},"modified":"2026-03-17T00:04:00","modified_gmt":"2026-03-16T22:04:00","slug":"jahresabschlussfeier-des-tus-oppenau-5","status":"publish","type":"post","link":"https:\/\/www.tus-oppenau.de\/fussball\/2026\/01\/jahresabschlussfeier-des-tus-oppenau-5\/","title":{"rendered":"Jahresabschlussfeier des TuS Oppenau"},"content":{"rendered":"<p><strong>Am Freitag, 16.01.26 fand in der G\u00fcnter-Bimmerle-Halle die Jahresabschluss-feier der Fu\u00dfballer des TuS Oppenau statt<\/strong>.<\/p>\n<p align=\"justify\">Zu Beginn begr\u00fc\u00dfte der 1. Vorstand <strong>Frank Spinner<\/strong> die anwesenden Mitglieder, Freunde und Sponsoren des Vereins und blickte auf ein sehr ereignisreiches Jahr 2025 zur\u00fcck und gab einen Ausblick auf das Jahr 2026.<\/p>\n<p><a href=\"https:\/\/i0.wp.com\/www.tus-oppenau.de\/fussball\/wp-content\/uploads\/2026\/01\/1_Begruessung.jpg?ssl=1\"><img data-recalc-dims=\"1\" loading=\"lazy\" decoding=\"async\" style=\"background-image: none; padding-top: 0px; padding-left: 0px; display: inline; padding-right: 0px; border: 0px;\" title=\"1_Begruessung\" src=\"https:\/\/i0.wp.com\/www.tus-oppenau.de\/fussball\/wp-content\/uploads\/2026\/01\/1_Begruessung_thumb.jpg?resize=474%2C318&#038;ssl=1\" alt=\"1_Begruessung\" width=\"474\" height=\"318\" border=\"0\" \/><\/a><\/p>\n<p>Nach dem gemeinsamen Abendessen, welches von der Familie Franz vom <strong><a href=\"http:\/\/www.badischerhof-oppenau.de\">Badischen Hof<\/a><\/strong> serviert wurde, wurden langj\u00e4hrige Mitglieder des TuS von Abteilungsleiter Frank Spinner und des Gesamt-TuS-Vorsitzenden <strong>Hans Kimmig<\/strong> und B\u00fcrgermeister <strong>Uwe Gaiser<\/strong> geehrt.<\/p>\n<p><a href=\"https:\/\/i0.wp.com\/www.tus-oppenau.de\/fussball\/wp-content\/uploads\/2026\/01\/MItgliederehrung.jpg?ssl=1\"><img data-recalc-dims=\"1\" loading=\"lazy\" decoding=\"async\" style=\"background-image: none; padding-top: 0px; padding-left: 0px; display: inline; padding-right: 0px; border: 0px;\" title=\"MItgliederehrung\" src=\"https:\/\/i0.wp.com\/www.tus-oppenau.de\/fussball\/wp-content\/uploads\/2026\/01\/MItgliederehrung_thumb.jpg?resize=474%2C318&#038;ssl=1\" alt=\"MItgliederehrung\" width=\"474\" height=\"318\" border=\"0\" \/><\/a><\/p>\n<p align=\"justify\">F\u00fcr 25-j\u00e4hrige Vereinstreue: Es sind dies<strong> Jonas Huber, Martin Roth, Rainer Roth, <\/strong>und<strong> Laura Sch\u00e4uble.\u00a0 <\/strong>F\u00fcr 40-j\u00e4hrige Mitgliedschaft:<strong> Marco Fleck, Markus Roth <\/strong>und<strong> Sebastian Streck. <\/strong>F\u00fcr 50-j\u00e4hrige Mitgliedschaft: <b>Thomas Schmiederer<\/b>. F\u00fcr 60-j\u00e4hrige Mitgliedschaft: <b>Joachim Gerlach.\u00a0 <\/b>F\u00fcr 70-j\u00e4hrige Mitgliedschaft: <b>Otto Streck<\/b>.<\/p>\n<p align=\"justify\">Die Moderatoren des Abend <strong>Magnus Ba\u00dfler <\/strong>und <strong>Philipp Bruder <\/strong>pr\u00e4sentierten im Anschluss die Vorschl\u00e4ge f\u00fcr das \u201cTuS-Tor des Jahres\u201d . Sie stellten die Sch\u00e4tzfrage des Abends vor und rief die Anwesenden auf ihren pers\u00f6nlichen TuS\u00b4ler des Jahres zu w\u00e4hlen.<\/p>\n<p align=\"justify\"><a href=\"https:\/\/i0.wp.com\/www.tus-oppenau.de\/fussball\/wp-content\/uploads\/2026\/01\/2_Moderatoren.jpg?ssl=1\"><img data-recalc-dims=\"1\" loading=\"lazy\" decoding=\"async\" style=\"background-image: none; padding-top: 0px; padding-left: 0px; display: inline; padding-right: 0px; border: 0px;\" title=\"2_Moderatoren\" src=\"https:\/\/i0.wp.com\/www.tus-oppenau.de\/fussball\/wp-content\/uploads\/2026\/01\/2_Moderatoren_thumb.jpg?resize=289%2C194&#038;ssl=1\" alt=\"2_Moderatoren\" width=\"289\" height=\"194\" border=\"0\" \/><\/a>\u00a0<a href=\"https:\/\/i0.wp.com\/www.tus-oppenau.de\/fussball\/wp-content\/uploads\/2026\/01\/3_Schaetzfrage_2.jpg?ssl=1\"><img data-recalc-dims=\"1\" loading=\"lazy\" decoding=\"async\" style=\"background-image: none; padding-top: 0px; padding-left: 0px; display: inline; padding-right: 0px; border: 0px;\" title=\"3_Schaetzfrage_2\" src=\"https:\/\/i0.wp.com\/www.tus-oppenau.de\/fussball\/wp-content\/uploads\/2026\/01\/3_Schaetzfrage_2_thumb.jpg?resize=291%2C195&#038;ssl=1\" alt=\"3_Schaetzfrage_2\" width=\"291\" height=\"195\" border=\"0\" \/><\/a><\/p>\n<p align=\"justify\">In der anschlie\u00dfenden Pause konnten sich die G\u00e4ste am reichhaltigen Dessert-Buffet bedienen und ihre Tipps bei der Sch\u00e4tzfrage, beim TuS-Tor des Jahres sowie bei der Wahl zum TuS\u00b4ler des Jahres abgegeben.<\/p>\n<p align=\"justify\"><a href=\"https:\/\/i0.wp.com\/www.tus-oppenau.de\/fussball\/wp-content\/uploads\/2026\/01\/IMG_E9910.jpg?ssl=1\"><img data-recalc-dims=\"1\" loading=\"lazy\" decoding=\"async\" style=\"background-image: none; padding-top: 0px; padding-left: 0px; display: inline; padding-right: 0px; border: 0px;\" title=\"IMG_E9910\" src=\"https:\/\/i0.wp.com\/www.tus-oppenau.de\/fussball\/wp-content\/uploads\/2026\/01\/IMG_E9910_thumb.jpg?resize=474%2C264&#038;ssl=1\" alt=\"IMG_E9910\" width=\"474\" height=\"264\" border=\"0\" \/><\/a><\/p>\n<p align=\"justify\"><a href=\"https:\/\/i0.wp.com\/www.tus-oppenau.de\/fussball\/wp-content\/uploads\/2026\/01\/RH_0109.jpg?ssl=1\"><img data-recalc-dims=\"1\" loading=\"lazy\" decoding=\"async\" style=\"background-image: none; padding-top: 0px; padding-left: 0px; display: inline; padding-right: 0px; border: 0px;\" title=\"RH_0109\" src=\"https:\/\/i0.wp.com\/www.tus-oppenau.de\/fussball\/wp-content\/uploads\/2026\/01\/RH_0109_thumb.jpg?resize=293%2C197&#038;ssl=1\" alt=\"RH_0109\" width=\"293\" height=\"197\" border=\"0\" \/><\/a>\u00a0<a href=\"https:\/\/i0.wp.com\/www.tus-oppenau.de\/fussball\/wp-content\/uploads\/2026\/01\/RH_0108.jpg?ssl=1\"><img data-recalc-dims=\"1\" loading=\"lazy\" decoding=\"async\" style=\"background-image: none; padding-top: 0px; padding-left: 0px; display: inline; padding-right: 0px; border: 0px;\" title=\"RH_0108\" src=\"https:\/\/i0.wp.com\/www.tus-oppenau.de\/fussball\/wp-content\/uploads\/2026\/01\/RH_0108_thumb.jpg?resize=292%2C196&#038;ssl=1\" alt=\"RH_0108\" width=\"292\" height=\"196\" border=\"0\" \/><\/a><\/p>\n<p align=\"justify\">Bei der Ehrung der zahlreichen ehrenamtlichen Helfern machte Abteilungsleiter Frank Spinner deutlich dass diese das R\u00fcckgrat des Vereins sind. Alleine im Jugendbereich betreuen 49 Trainerinnen und Trainer die 15 Juniorenteams. Dar\u00fcber hinaus engagieren sich noch \u00fcber 30 Personen in den unterschiedlichsten Aufgabenbereichen auf dem Sportgel\u00e4nde Haldenhof. Ihnen allen wurde von Seiten der Vorstandschaft herzlich f\u00fcr ihren Einsatz gedankt und eine kleine Anerkennung \u00fcbergeben.<\/p>\n<p align=\"justify\">Ein besonderes Dankesch\u00f6n wurde dem langj\u00e4hrigen Schiedsrichter <strong>Gerd Krampfert<\/strong> zu teil der nach 21 Jahren aktiver Schiedsrichtert\u00e4tigkeit zuk\u00fcnftig f\u00fcr seinen Heimatverein SV Nu\u00dfbach pfeifen wird. F\u00fcr seine langj\u00e4hrige T\u00e4tigkeit beim TuS Oppenau wurde ihm ein Vereinswappen sowie ein Weinpr\u00e4sent \u00fcberreicht.<\/p>\n<p align=\"justify\"><a href=\"https:\/\/i0.wp.com\/www.tus-oppenau.de\/fussball\/wp-content\/uploads\/2026\/01\/Ehrenamtliche_Helfer.jpg?ssl=1\"><img data-recalc-dims=\"1\" loading=\"lazy\" decoding=\"async\" style=\"background-image: none; padding-top: 0px; padding-left: 0px; display: inline; padding-right: 0px; border: 0px;\" title=\"Ehrenamtliche_Helfer\" src=\"https:\/\/i0.wp.com\/www.tus-oppenau.de\/fussball\/wp-content\/uploads\/2026\/01\/Ehrenamtliche_Helfer_thumb.jpg?resize=474%2C316&#038;ssl=1\" alt=\"Ehrenamtliche_Helfer\" width=\"474\" height=\"316\" border=\"0\" \/><\/a><\/p>\n<p align=\"justify\">In einem kurzweiligen Spiel wurde von zwei Zweier-Teams der Seniorenmannschaften das Fu\u00dfballfachwissen sowie das Erkennen von Tormusiken diverser Bundesligavereine \u00fcberpr\u00fcft.<\/p>\n<p align=\"justify\"><a href=\"https:\/\/i0.wp.com\/www.tus-oppenau.de\/fussball\/wp-content\/uploads\/2026\/01\/RH_0136.jpg?ssl=1\"><img data-recalc-dims=\"1\" loading=\"lazy\" decoding=\"async\" style=\"background-image: none; padding-top: 0px; padding-left: 0px; display: inline; padding-right: 0px; border: 0px;\" title=\"RH_0136\" src=\"https:\/\/i0.wp.com\/www.tus-oppenau.de\/fussball\/wp-content\/uploads\/2026\/01\/RH_0136_thumb.jpg?resize=291%2C195&#038;ssl=1\" alt=\"RH_0136\" width=\"291\" height=\"195\" border=\"0\" \/><\/a>\u00a0\u00a0 <a href=\"https:\/\/i0.wp.com\/www.tus-oppenau.de\/fussball\/wp-content\/uploads\/2026\/01\/RH_0137.jpg?ssl=1\"><img data-recalc-dims=\"1\" loading=\"lazy\" decoding=\"async\" style=\"background-image: none; padding-top: 0px; padding-left: 0px; display: inline; padding-right: 0px; border: 0px;\" title=\"RH_0137\" src=\"https:\/\/i0.wp.com\/www.tus-oppenau.de\/fussball\/wp-content\/uploads\/2026\/01\/RH_0137_thumb.jpg?resize=288%2C192&#038;ssl=1\" alt=\"RH_0137\" width=\"288\" height=\"192\" border=\"0\" \/><\/a><\/p>\n<p align=\"justify\">Mit einem tollen R\u00fcckblick auf das TuS-Jahr 2025 in Form eines Videofilms bog die Jahresabschlussfeier auf die Zielgerade. Der Videofilm wurde erstmals von <strong>Ralf Haas<\/strong> sehr professionell erstellt. Es folgt die Aufl\u00f6sung des TuS-Tor des Jahres sowie die\u00a0 Sch\u00e4tzfrage und die Verteilung der drei Hauptpreise.<\/p>\n<p align=\"justify\"><a href=\"https:\/\/i0.wp.com\/www.tus-oppenau.de\/fussball\/wp-content\/uploads\/2026\/01\/RH_0153.jpg?ssl=1\"><img data-recalc-dims=\"1\" loading=\"lazy\" decoding=\"async\" style=\"background-image: none; padding-top: 0px; padding-left: 0px; display: inline; padding-right: 0px; border: 0px;\" title=\"RH_0153\" src=\"https:\/\/i0.wp.com\/www.tus-oppenau.de\/fussball\/wp-content\/uploads\/2026\/01\/RH_0153_thumb.jpg?resize=474%2C318&#038;ssl=1\" alt=\"RH_0153\" width=\"474\" height=\"318\" border=\"0\" \/><\/a><\/p>\n<p align=\"justify\">Zum TuS-Tor des Jahres wurde mit gro\u00dfem Vorsprung Tor 1, erzielt von Julian Siebler im Vorbereitungsspiel gegen den FV Schutterwald, gew\u00e4hlt.\u00a0 Sein Vater Thorsten Siebler nahm den Preis stellvertretend daf\u00fcr in Empfang ebenso wie Tobias Haas der auf dieses Tor getippt hatte.<\/p>\n<p align=\"justify\"><a href=\"https:\/\/i0.wp.com\/www.tus-oppenau.de\/fussball\/wp-content\/uploads\/2026\/01\/3_Schaetzfrage.jpg?ssl=1\"><img data-recalc-dims=\"1\" loading=\"lazy\" decoding=\"async\" style=\"background-image: none; padding-top: 0px; padding-left: 0px; display: inline; padding-right: 0px; border: 0px;\" title=\"3_Schaetzfrage\" src=\"https:\/\/i0.wp.com\/www.tus-oppenau.de\/fussball\/wp-content\/uploads\/2026\/01\/3_Schaetzfrage_thumb.jpg?resize=474%2C318&#038;ssl=1\" alt=\"3_Schaetzfrage\" width=\"474\" height=\"318\" border=\"0\" \/><\/a><\/p>\n<p align=\"justify\">Bei der Sch\u00e4tzfrage lag Annette Ruggeri am Besten, gefolgt von Thomas Schmiederer sowie Christine Gaiser. Die Preise wurden gespendet von\u00a0 <strong><a href=\"https:\/\/www.getraenkegraf.de\/startseite.573.de.html\">Getr\u00e4nke Graf<\/a> <\/strong>und von\u00a0 <strong>\u00a0 <a href=\"https:\/\/hodapp-schuhe.de\/\">Hodapp | Orthopdie. Schuhe. Sport.<\/a><\/strong><\/p>\n<p align=\"justify\">Zu guter Letzt wurde Co-Trainer <strong>Frank Zimmermann<\/strong> zum TuS\u00b4lerin des Jahres gew\u00e4hlt und ihm vom Abteilungsleiter Frank Spinner das entsprechende Trikot \u00fcberreicht.<\/p>\n<p align=\"justify\"><a href=\"https:\/\/i0.wp.com\/www.tus-oppenau.de\/fussball\/wp-content\/uploads\/2026\/01\/4_TuSler-des-Jahres.jpg?ssl=1\"><img data-recalc-dims=\"1\" loading=\"lazy\" decoding=\"async\" style=\"background-image: none; padding-top: 0px; padding-left: 0px; display: inline; padding-right: 0px; border: 0px;\" title=\"4_TuSler des Jahres\" src=\"https:\/\/i0.wp.com\/www.tus-oppenau.de\/fussball\/wp-content\/uploads\/2026\/01\/4_TuSler-des-Jahres_thumb.jpg?resize=474%2C318&#038;ssl=1\" alt=\"4_TuSler des Jahres\" width=\"474\" height=\"318\" border=\"0\" \/><\/a><\/p>\n<p align=\"justify\">Abschlie\u00dfend bedankte sich Abteilungsleiter Frank Spinner bei allen Beteiligten, Helfern und Organisatoren f\u00fcr einen gelungen und sehr sch\u00f6nen Abend und verabschiedete die G\u00e4ste.<\/p>\n<p align=\"justify\"><strong><u>Berichterstattung in der Mittelbadischer Presse:<\/u><\/strong><\/p>\n<p align=\"justify\"><a href=\"https:\/\/i0.wp.com\/www.tus-oppenau.de\/fussball\/wp-content\/uploads\/2026\/01\/Bericht_ARZ.jpg?ssl=1\"><img data-recalc-dims=\"1\" loading=\"lazy\" decoding=\"async\" style=\"background-image: none; padding-top: 0px; padding-left: 0px; display: inline; padding-right: 0px; border: 0px;\" title=\"Bericht_ARZ\" src=\"https:\/\/i0.wp.com\/www.tus-oppenau.de\/fussball\/wp-content\/uploads\/2026\/01\/Bericht_ARZ_thumb.jpg?resize=346%2C462&#038;ssl=1\" alt=\"Bericht_ARZ\" width=\"346\" height=\"462\" border=\"0\" \/><\/a>\u00a0<a href=\"https:\/\/i0.wp.com\/www.tus-oppenau.de\/fussball\/wp-content\/uploads\/2026\/01\/TuSler_ARZ.jpg?ssl=1\"><img data-recalc-dims=\"1\" loading=\"lazy\" decoding=\"async\" style=\"background-image: none; padding-top: 0px; padding-left: 0px; display: inline; padding-right: 0px; border: 0px;\" title=\"TuS\u00b4ler_ARZ\" src=\"https:\/\/i0.wp.com\/www.tus-oppenau.de\/fussball\/wp-content\/uploads\/2026\/01\/TuSler_ARZ_thumb.jpg?resize=232%2C464&#038;ssl=1\" alt=\"TuS\u00b4ler_ARZ\" width=\"232\" height=\"464\" border=\"0\" \/><\/a><\/p>\n<p align=\"justify\">Vielen Dank an <strong>Christina Schubert<\/strong>.<\/p>\n<p align=\"justify\"><a href=\"https:\/\/i0.wp.com\/www.tus-oppenau.de\/fussball\/wp-content\/uploads\/2026\/01\/Ehrenamtliche_Helfer-1.jpg?ssl=1\"><img data-recalc-dims=\"1\" loading=\"lazy\" decoding=\"async\" style=\"background-image: none; padding-top: 0px; padding-left: 0px; display: inline; padding-right: 0px; border: 0px;\" title=\"Ehrenamtliche_Helfer\" src=\"https:\/\/i0.wp.com\/www.tus-oppenau.de\/fussball\/wp-content\/uploads\/2026\/01\/Ehrenamtliche_Helfer_thumb-1.jpg?resize=474%2C314&#038;ssl=1\" alt=\"Ehrenamtliche_Helfer\" width=\"474\" height=\"314\" border=\"0\" \/><\/a><\/p>\n","protected":false},"excerpt":{"rendered":"<p>Am Freitag, 16.01.26 fand in der G\u00fcnter-Bimmerle-Halle die Jahresabschluss-feier der Fu\u00dfballer des TuS Oppenau statt. Zu Beginn begr\u00fc\u00dfte der 1. Vorstand Frank Spinner die anwesenden Mitglieder, Freunde und Sponsoren des Vereins und blickte auf ein sehr ereignisreiches Jahr 2025 zur\u00fcck und gab einen Ausblick auf das Jahr 2026. Nach dem gemeinsamen Abendessen, welches von der &hellip; <a href=\"https:\/\/www.tus-oppenau.de\/fussball\/2026\/01\/jahresabschlussfeier-des-tus-oppenau-5\/\" class=\"more-link\"><span class=\"screen-reader-text\">Jahresabschlussfeier des TuS Oppenau<\/span> weiterlesen <span class=\"meta-nav\">&rarr;<\/span><\/a><\/p>\n","protected":false},"author":47,"featured_media":12913,"comment_status":"closed","ping_status":"open","sticky":false,"template":"","format":"standard","meta":{"_jetpack_memberships_contains_paid_content":false,"footnotes":"","jetpack_publicize_message":"","jetpack_publicize_feature_enabled":true,"jetpack_social_post_already_shared":true,"jetpack_social_options":{"image_generator_settings":{"template":"highway","default_image_id":0,"font":"","enabled":false},"version":2}},"categories":[250],"tags":[],"class_list":["post-12915","post","type-post","status-publish","format-standard","has-post-thumbnail","hentry","category-veranstaltungen"],"jetpack_publicize_connections":[],"jetpack_featured_media_url":"https:\/\/i0.wp.com\/www.tus-oppenau.de\/fussball\/wp-content\/uploads\/2026\/01\/Ehrenamtliche_Helfer-1.jpg?fit=1024%2C683&ssl=1","jetpack_sharing_enabled":true,"jetpack_likes_enabled":true,"_links":{"self":[{"href":"https:\/\/www.tus-oppenau.de\/fussball\/wp-json\/wp\/v2\/posts\/12915","targetHints":{"allow":["GET"]}}],"collection":[{"href":"https:\/\/www.tus-oppenau.de\/fussball\/wp-json\/wp\/v2\/posts"}],"about":[{"href":"https:\/\/www.tus-oppenau.de\/fussball\/wp-json\/wp\/v2\/types\/post"}],"author":[{"embeddable":true,"href":"https:\/\/www.tus-oppenau.de\/fussball\/wp-json\/wp\/v2\/users\/47"}],"replies":[{"embeddable":true,"href":"https:\/\/www.tus-oppenau.de\/fussball\/wp-json\/wp\/v2\/comments?post=12915"}],"version-history":[{"count":2,"href":"https:\/\/www.tus-oppenau.de\/fussball\/wp-json\/wp\/v2\/posts\/12915\/revisions"}],"predecessor-version":[{"id":13075,"href":"https:\/\/www.tus-oppenau.de\/fussball\/wp-json\/wp\/v2\/posts\/12915\/revisions\/13075"}],"wp:featuredmedia":[{"embeddable":true,"href":"https:\/\/www.tus-oppenau.de\/fussball\/wp-json\/wp\/v2\/media\/12913"}],"wp:attachment":[{"href":"https:\/\/www.tus-oppenau.de\/fussball\/wp-json\/wp\/v2\/media?parent=12915"}],"wp:term":[{"taxonomy":"category","embeddable":true,"href":"https:\/\/www.tus-oppenau.de\/fussball\/wp-json\/wp\/v2\/categories?post=12915"},{"taxonomy":"post_tag","embeddable":true,"href":"https:\/\/www.tus-oppenau.de\/fussball\/wp-json\/wp\/v2\/tags?post=12915"}],"curies":[{"name":"wp","href":"https:\/\/api.w.org\/{rel}","templated":true}]}}