{"id":13002,"date":"2026-03-10T20:57:12","date_gmt":"2026-03-10T18:57:12","guid":{"rendered":"https:\/\/www.tus-oppenau.de\/fussball\/?p=13002"},"modified":"2026-03-14T00:40:57","modified_gmt":"2026-03-13T22:40:57","slug":"bilder-vom-auswrtsspiel-gegen-den-sv-mhlenbach","status":"publish","type":"post","link":"https:\/\/www.tus-oppenau.de\/fussball\/2026\/03\/bilder-vom-auswrtsspiel-gegen-den-sv-mhlenbach\/","title":{"rendered":"Bilder vom Ausw&auml;rtsspiel gegen den SV M&uuml;hlenbach"},"content":{"rendered":"<p><strong>Sonntag, 08.03.2026<br \/>\n<strong><strong>SV M\u00fchlenbach I &#8211; TuS Oppenau\u00a0 I 2:1 (1<\/strong>:1)<\/strong><\/strong><\/p>\n<p><strong><a href=\"https:\/\/i0.wp.com\/www.tus-oppenau.de\/fussball\/wp-content\/uploads\/2026\/03\/svm_tus_001.jpg?ssl=1\"><img data-recalc-dims=\"1\" loading=\"lazy\" decoding=\"async\" style=\"background-image: none; padding-top: 0px; padding-left: 0px; margin: 0px; display: inline; padding-right: 0px; border: 0px;\" title=\"svm_tus_001\" src=\"https:\/\/i0.wp.com\/www.tus-oppenau.de\/fussball\/wp-content\/uploads\/2026\/03\/svm_tus_001_thumb.jpg?resize=244%2C164&#038;ssl=1\" alt=\"svm_tus_001\" width=\"244\" height=\"164\" border=\"0\" \/><\/a><a href=\"https:\/\/i0.wp.com\/www.tus-oppenau.de\/fussball\/wp-content\/uploads\/2026\/03\/svm_tus_002.jpg?ssl=1\"><img data-recalc-dims=\"1\" loading=\"lazy\" decoding=\"async\" style=\"background-image: none; padding-top: 0px; padding-left: 0px; margin: 0px; display: inline; padding-right: 0px; border: 0px;\" title=\"svm_tus_002\" src=\"https:\/\/i0.wp.com\/www.tus-oppenau.de\/fussball\/wp-content\/uploads\/2026\/03\/svm_tus_002_thumb.jpg?resize=244%2C164&#038;ssl=1\" alt=\"svm_tus_002\" width=\"244\" height=\"164\" border=\"0\" \/><\/a><a href=\"https:\/\/i0.wp.com\/www.tus-oppenau.de\/fussball\/wp-content\/uploads\/2026\/03\/svm_tus_003.jpg?ssl=1\"><img data-recalc-dims=\"1\" loading=\"lazy\" decoding=\"async\" style=\"background-image: none; padding-top: 0px; padding-left: 0px; margin: 0px; display: inline; padding-right: 0px; border: 0px;\" title=\"svm_tus_003\" src=\"https:\/\/i0.wp.com\/www.tus-oppenau.de\/fussball\/wp-content\/uploads\/2026\/03\/svm_tus_003_thumb.jpg?resize=244%2C164&#038;ssl=1\" alt=\"svm_tus_003\" width=\"244\" height=\"164\" border=\"0\" \/><\/a><a href=\"https:\/\/i0.wp.com\/www.tus-oppenau.de\/fussball\/wp-content\/uploads\/2026\/03\/svm_tus_004.jpg?ssl=1\"><img data-recalc-dims=\"1\" loading=\"lazy\" decoding=\"async\" style=\"background-image: none; padding-top: 0px; padding-left: 0px; margin: 0px; display: inline; padding-right: 0px; border: 0px;\" title=\"svm_tus_004\" src=\"https:\/\/i0.wp.com\/www.tus-oppenau.de\/fussball\/wp-content\/uploads\/2026\/03\/svm_tus_004_thumb.jpg?resize=244%2C164&#038;ssl=1\" alt=\"svm_tus_004\" width=\"244\" height=\"164\" border=\"0\" \/><\/a><a href=\"https:\/\/i0.wp.com\/www.tus-oppenau.de\/fussball\/wp-content\/uploads\/2026\/03\/svm_tus_005.jpg?ssl=1\"><img data-recalc-dims=\"1\" loading=\"lazy\" decoding=\"async\" style=\"background-image: none; padding-top: 0px; padding-left: 0px; margin: 0px; display: inline; padding-right: 0px; border: 0px;\" title=\"svm_tus_005\" src=\"https:\/\/i0.wp.com\/www.tus-oppenau.de\/fussball\/wp-content\/uploads\/2026\/03\/svm_tus_005_thumb.jpg?resize=244%2C164&#038;ssl=1\" alt=\"svm_tus_005\" width=\"244\" height=\"164\" border=\"0\" \/><\/a><a href=\"https:\/\/i0.wp.com\/www.tus-oppenau.de\/fussball\/wp-content\/uploads\/2026\/03\/svm_tus_007.jpg?ssl=1\"><img data-recalc-dims=\"1\" loading=\"lazy\" decoding=\"async\" style=\"background-image: none; padding-top: 0px; padding-left: 0px; margin: 0px; display: inline; padding-right: 0px; border: 0px;\" title=\"svm_tus_007\" src=\"https:\/\/i0.wp.com\/www.tus-oppenau.de\/fussball\/wp-content\/uploads\/2026\/03\/svm_tus_007_thumb.jpg?resize=244%2C164&#038;ssl=1\" alt=\"svm_tus_007\" width=\"244\" height=\"164\" border=\"0\" \/><\/a><a href=\"https:\/\/i0.wp.com\/www.tus-oppenau.de\/fussball\/wp-content\/uploads\/2026\/03\/svm_tus_008.jpg?ssl=1\"><img data-recalc-dims=\"1\" loading=\"lazy\" decoding=\"async\" style=\"background-image: none; padding-top: 0px; padding-left: 0px; margin: 0px; display: inline; padding-right: 0px; border: 0px;\" title=\"svm_tus_008\" src=\"https:\/\/i0.wp.com\/www.tus-oppenau.de\/fussball\/wp-content\/uploads\/2026\/03\/svm_tus_008_thumb.jpg?resize=244%2C164&#038;ssl=1\" alt=\"svm_tus_008\" width=\"244\" height=\"164\" border=\"0\" \/><\/a><a href=\"https:\/\/i0.wp.com\/www.tus-oppenau.de\/fussball\/wp-content\/uploads\/2026\/03\/svm_tus_009.jpg?ssl=1\"><img data-recalc-dims=\"1\" loading=\"lazy\" decoding=\"async\" style=\"background-image: none; padding-top: 0px; padding-left: 0px; margin: 0px; display: inline; padding-right: 0px; border: 0px;\" title=\"svm_tus_009\" src=\"https:\/\/i0.wp.com\/www.tus-oppenau.de\/fussball\/wp-content\/uploads\/2026\/03\/svm_tus_009_thumb.jpg?resize=244%2C164&#038;ssl=1\" alt=\"svm_tus_009\" width=\"244\" height=\"164\" border=\"0\" \/><\/a><a href=\"https:\/\/i0.wp.com\/www.tus-oppenau.de\/fussball\/wp-content\/uploads\/2026\/03\/svm_tus_011.jpg?ssl=1\"><img data-recalc-dims=\"1\" loading=\"lazy\" decoding=\"async\" style=\"background-image: none; padding-top: 0px; padding-left: 0px; margin: 0px; display: inline; padding-right: 0px; border: 0px;\" title=\"svm_tus_011\" src=\"https:\/\/i0.wp.com\/www.tus-oppenau.de\/fussball\/wp-content\/uploads\/2026\/03\/svm_tus_011_thumb.jpg?resize=244%2C164&#038;ssl=1\" alt=\"svm_tus_011\" width=\"244\" height=\"164\" border=\"0\" \/><\/a><a href=\"https:\/\/i0.wp.com\/www.tus-oppenau.de\/fussball\/wp-content\/uploads\/2026\/03\/svm_tus_012.jpg?ssl=1\"><img data-recalc-dims=\"1\" loading=\"lazy\" decoding=\"async\" style=\"background-image: none; padding-top: 0px; padding-left: 0px; margin: 0px; display: inline; padding-right: 0px; border: 0px;\" title=\"svm_tus_012\" src=\"https:\/\/i0.wp.com\/www.tus-oppenau.de\/fussball\/wp-content\/uploads\/2026\/03\/svm_tus_012_thumb.jpg?resize=244%2C164&#038;ssl=1\" alt=\"svm_tus_012\" width=\"244\" height=\"164\" border=\"0\" \/><\/a><a href=\"https:\/\/i0.wp.com\/www.tus-oppenau.de\/fussball\/wp-content\/uploads\/2026\/03\/svm_tus_013.jpg?ssl=1\"><img data-recalc-dims=\"1\" loading=\"lazy\" decoding=\"async\" style=\"background-image: none; padding-top: 0px; padding-left: 0px; margin: 0px; display: inline; padding-right: 0px; border: 0px;\" title=\"svm_tus_013\" src=\"https:\/\/i0.wp.com\/www.tus-oppenau.de\/fussball\/wp-content\/uploads\/2026\/03\/svm_tus_013_thumb.jpg?resize=244%2C164&#038;ssl=1\" alt=\"svm_tus_013\" width=\"244\" height=\"164\" border=\"0\" \/><\/a><a href=\"https:\/\/i0.wp.com\/www.tus-oppenau.de\/fussball\/wp-content\/uploads\/2026\/03\/svm_tus_014.jpg?ssl=1\"><img data-recalc-dims=\"1\" loading=\"lazy\" decoding=\"async\" style=\"background-image: none; padding-top: 0px; padding-left: 0px; margin: 0px; display: inline; padding-right: 0px; border: 0px;\" title=\"svm_tus_014\" src=\"https:\/\/i0.wp.com\/www.tus-oppenau.de\/fussball\/wp-content\/uploads\/2026\/03\/svm_tus_014_thumb.jpg?resize=244%2C164&#038;ssl=1\" alt=\"svm_tus_014\" width=\"244\" height=\"164\" border=\"0\" \/><\/a><a href=\"https:\/\/i0.wp.com\/www.tus-oppenau.de\/fussball\/wp-content\/uploads\/2026\/03\/svm_tus_015.jpg?ssl=1\"><img data-recalc-dims=\"1\" loading=\"lazy\" decoding=\"async\" style=\"background-image: none; padding-top: 0px; padding-left: 0px; margin: 0px; display: inline; padding-right: 0px; border: 0px;\" title=\"svm_tus_015\" src=\"https:\/\/i0.wp.com\/www.tus-oppenau.de\/fussball\/wp-content\/uploads\/2026\/03\/svm_tus_015_thumb.jpg?resize=244%2C164&#038;ssl=1\" alt=\"svm_tus_015\" width=\"244\" height=\"164\" border=\"0\" \/><\/a><a href=\"https:\/\/i0.wp.com\/www.tus-oppenau.de\/fussball\/wp-content\/uploads\/2026\/03\/svm_tus_016.jpg?ssl=1\"><img data-recalc-dims=\"1\" loading=\"lazy\" decoding=\"async\" style=\"background-image: none; padding-top: 0px; padding-left: 0px; margin: 0px; display: inline; padding-right: 0px; border: 0px;\" title=\"svm_tus_016\" src=\"https:\/\/i0.wp.com\/www.tus-oppenau.de\/fussball\/wp-content\/uploads\/2026\/03\/svm_tus_016_thumb.jpg?resize=244%2C164&#038;ssl=1\" alt=\"svm_tus_016\" width=\"244\" height=\"164\" border=\"0\" \/><\/a><\/strong><\/p>\n<p>Vielen Dank an <strong>Chiara Torzi<\/strong> f\u00fcr die Bilder vom Ausw\u00e4rtsspiel gegen den SV M\u00fchlenbach.<\/p>\n<p><a href=\"https:\/\/i0.wp.com\/www.tus-oppenau.de\/fussball\/wp-content\/uploads\/2026\/03\/svm_tus_008-1.jpg?ssl=1\"><img data-recalc-dims=\"1\" loading=\"lazy\" decoding=\"async\" style=\"background-image: none; padding-top: 0px; padding-left: 0px; display: inline; padding-right: 0px; border: 0px;\" title=\"svm_tus_008\" src=\"https:\/\/i0.wp.com\/www.tus-oppenau.de\/fussball\/wp-content\/uploads\/2026\/03\/svm_tus_008_thumb-1.jpg?resize=474%2C318&#038;ssl=1\" alt=\"svm_tus_008\" width=\"474\" height=\"318\" border=\"0\" \/><\/a><\/p>\n","protected":false},"excerpt":{"rendered":"<p>Sonntag, 08.03.2026 SV M\u00fchlenbach I &#8211; TuS Oppenau\u00a0 I 2:1 (1:1) Vielen Dank an Chiara Torzi f\u00fcr die Bilder vom Ausw\u00e4rtsspiel gegen den SV M\u00fchlenbach.<\/p>\n","protected":false},"author":47,"featured_media":12982,"comment_status":"closed","ping_status":"open","sticky":false,"template":"","format":"gallery","meta":{"_jetpack_memberships_contains_paid_content":false,"footnotes":"","jetpack_publicize_message":"","jetpack_publicize_feature_enabled":true,"jetpack_social_post_already_shared":true,"jetpack_social_options":{"image_generator_settings":{"template":"highway","default_image_id":0,"font":"","enabled":false},"version":2}},"categories":[247],"tags":[],"class_list":["post-13002","post","type-post","status-publish","format-gallery","has-post-thumbnail","hentry","category-1-mannschaft","post_format-post-format-gallery"],"jetpack_publicize_connections":[],"jetpack_featured_media_url":"https:\/\/i0.wp.com\/www.tus-oppenau.de\/fussball\/wp-content\/uploads\/2026\/03\/svm_tus_007.jpg?fit=1024%2C683&ssl=1","jetpack_sharing_enabled":true,"jetpack_likes_enabled":true,"_links":{"self":[{"href":"https:\/\/www.tus-oppenau.de\/fussball\/wp-json\/wp\/v2\/posts\/13002","targetHints":{"allow":["GET"]}}],"collection":[{"href":"https:\/\/www.tus-oppenau.de\/fussball\/wp-json\/wp\/v2\/posts"}],"about":[{"href":"https:\/\/www.tus-oppenau.de\/fussball\/wp-json\/wp\/v2\/types\/post"}],"author":[{"embeddable":true,"href":"https:\/\/www.tus-oppenau.de\/fussball\/wp-json\/wp\/v2\/users\/47"}],"replies":[{"embeddable":true,"href":"https:\/\/www.tus-oppenau.de\/fussball\/wp-json\/wp\/v2\/comments?post=13002"}],"version-history":[{"count":2,"href":"https:\/\/www.tus-oppenau.de\/fussball\/wp-json\/wp\/v2\/posts\/13002\/revisions"}],"predecessor-version":[{"id":13005,"href":"https:\/\/www.tus-oppenau.de\/fussball\/wp-json\/wp\/v2\/posts\/13002\/revisions\/13005"}],"wp:featuredmedia":[{"embeddable":true,"href":"https:\/\/www.tus-oppenau.de\/fussball\/wp-json\/wp\/v2\/media\/12982"}],"wp:attachment":[{"href":"https:\/\/www.tus-oppenau.de\/fussball\/wp-json\/wp\/v2\/media?parent=13002"}],"wp:term":[{"taxonomy":"category","embeddable":true,"href":"https:\/\/www.tus-oppenau.de\/fussball\/wp-json\/wp\/v2\/categories?post=13002"},{"taxonomy":"post_tag","embeddable":true,"href":"https:\/\/www.tus-oppenau.de\/fussball\/wp-json\/wp\/v2\/tags?post=13002"}],"curies":[{"name":"wp","href":"https:\/\/api.w.org\/{rel}","templated":true}]}}