{"id":13244,"date":"2026-04-25T17:08:33","date_gmt":"2026-04-25T15:08:33","guid":{"rendered":"https:\/\/www.tus-oppenau.de\/fussball\/?p=13244"},"modified":"2026-04-25T17:08:33","modified_gmt":"2026-04-25T15:08:33","slug":"hauptversammlung-der-abteilung-fussball-2","status":"publish","type":"post","link":"https:\/\/www.tus-oppenau.de\/fussball\/2026\/04\/hauptversammlung-der-abteilung-fussball-2\/","title":{"rendered":"Hauptversammlung der Abteilung Fussball"},"content":{"rendered":"<p align=\"justify\">Am Montag, den <b>27. April 2026 <\/b>findet um <strong>20:00 Uhr<\/strong> im Sportheim Haldenhoftreff in Oppenau die turnusgem\u00e4\u00dfe Hauptversammlung der Abteilung Fu\u00dfball statt. Neben den T\u00e4tigkeitsberichten der Senioren- und der Jugendabteilung wird der Kassenbericht vorgetragen. Wichtigster Tagesordnungspunkt an diesem Abend ist die Neuwahl der Vorstandschaft.<\/p>\n<p align=\"justify\"><a href=\"https:\/\/i0.wp.com\/www.tus-oppenau.de\/fussball\/wp-content\/uploads\/2026\/04\/Hauptversammlung_2026_Facebook-1.jpg?ssl=1\"><img data-recalc-dims=\"1\" loading=\"lazy\" decoding=\"async\" title=\"Hauptversammlung_2026_Facebook\" style=\"border-top: 0px; border-right: 0px; background-image: none; border-bottom: 0px; padding-top: 0px; padding-left: 0px; border-left: 0px; display: inline; padding-right: 0px\" border=\"0\" alt=\"Hauptversammlung_2026_Facebook\" src=\"https:\/\/i0.wp.com\/www.tus-oppenau.de\/fussball\/wp-content\/uploads\/2026\/04\/Hauptversammlung_2026_Facebook_thumb-1.jpg?resize=474%2C251&#038;ssl=1\" width=\"474\" height=\"251\"><\/a><\/p>\n<p><u>Tagesordnung:<br \/><\/u>1. Begr\u00fc\u00dfung <br \/>2. Totengedenken<br \/>3. T\u00e4tigkeitsbericht Schriftf\u00fchrer<br \/>4. T\u00e4tigkeitsbericht Jugendleiter<br \/>5. Kassenbericht<br \/>6. Entlastung der Vorstandschaft<br \/>7. Neuwahl der Vorstandschaft<br \/>8. W\u00fcnsche und Antr\u00e4ge <\/p>\n<p align=\"justify\"><strong>Die Vorstandschaft l\u00e4dt alle Mitglieder recht herzlich ein und w\u00fcrde sich \u00fcber eine rege Teilnahme sehr freuen.<\/strong><\/p>\n","protected":false},"excerpt":{"rendered":"<p>Am Montag, den 27. April 2026 findet um 20:00 Uhr im Sportheim Haldenhoftreff in Oppenau die turnusgem\u00e4\u00dfe Hauptversammlung der Abteilung Fu\u00dfball statt. Neben den T\u00e4tigkeitsberichten der Senioren- und der Jugendabteilung wird der Kassenbericht vorgetragen. Wichtigster Tagesordnungspunkt an diesem Abend ist die Neuwahl der Vorstandschaft. Tagesordnung:1. Begr\u00fc\u00dfung 2. Totengedenken3. T\u00e4tigkeitsbericht Schriftf\u00fchrer4. T\u00e4tigkeitsbericht Jugendleiter5. Kassenbericht6. Entlastung der &hellip; <a href=\"https:\/\/www.tus-oppenau.de\/fussball\/2026\/04\/hauptversammlung-der-abteilung-fussball-2\/\" class=\"more-link\"><span class=\"screen-reader-text\">Hauptversammlung der Abteilung Fussball<\/span> weiterlesen <span class=\"meta-nav\">&rarr;<\/span><\/a><\/p>\n","protected":false},"author":47,"featured_media":0,"comment_status":"closed","ping_status":"open","sticky":false,"template":"","format":"standard","meta":{"_jetpack_memberships_contains_paid_content":false,"footnotes":"","jetpack_publicize_message":"","jetpack_publicize_feature_enabled":true,"jetpack_social_post_already_shared":true,"jetpack_social_options":{"image_generator_settings":{"template":"highway","default_image_id":0,"font":"","enabled":false},"version":2}},"categories":[1,250],"tags":[],"class_list":["post-13244","post","type-post","status-publish","format-standard","hentry","category-allgemein","category-veranstaltungen"],"jetpack_publicize_connections":[],"jetpack_featured_media_url":"","jetpack_sharing_enabled":true,"jetpack_likes_enabled":true,"_links":{"self":[{"href":"https:\/\/www.tus-oppenau.de\/fussball\/wp-json\/wp\/v2\/posts\/13244","targetHints":{"allow":["GET"]}}],"collection":[{"href":"https:\/\/www.tus-oppenau.de\/fussball\/wp-json\/wp\/v2\/posts"}],"about":[{"href":"https:\/\/www.tus-oppenau.de\/fussball\/wp-json\/wp\/v2\/types\/post"}],"author":[{"embeddable":true,"href":"https:\/\/www.tus-oppenau.de\/fussball\/wp-json\/wp\/v2\/users\/47"}],"replies":[{"embeddable":true,"href":"https:\/\/www.tus-oppenau.de\/fussball\/wp-json\/wp\/v2\/comments?post=13244"}],"version-history":[{"count":1,"href":"https:\/\/www.tus-oppenau.de\/fussball\/wp-json\/wp\/v2\/posts\/13244\/revisions"}],"predecessor-version":[{"id":13245,"href":"https:\/\/www.tus-oppenau.de\/fussball\/wp-json\/wp\/v2\/posts\/13244\/revisions\/13245"}],"wp:attachment":[{"href":"https:\/\/www.tus-oppenau.de\/fussball\/wp-json\/wp\/v2\/media?parent=13244"}],"wp:term":[{"taxonomy":"category","embeddable":true,"href":"https:\/\/www.tus-oppenau.de\/fussball\/wp-json\/wp\/v2\/categories?post=13244"},{"taxonomy":"post_tag","embeddable":true,"href":"https:\/\/www.tus-oppenau.de\/fussball\/wp-json\/wp\/v2\/tags?post=13244"}],"curies":[{"name":"wp","href":"https:\/\/api.w.org\/{rel}","templated":true}]}}