{"id":2101,"date":"2015-09-20T18:28:38","date_gmt":"2015-09-20T16:28:38","guid":{"rendered":"http:\/\/www.tus-oppenau.de\/fussball\/?p=2101"},"modified":"2015-09-28T22:02:29","modified_gmt":"2015-09-28T20:02:29","slug":"b-2-gewinnt-im-derby","status":"publish","type":"post","link":"https:\/\/www.tus-oppenau.de\/fussball\/2015\/09\/b-2-gewinnt-im-derby\/","title":{"rendered":"B 2 gewinnt im Derby"},"content":{"rendered":"<p align=\"justify\">Erfolgreich konnte die B 2 der SG Oberkirch\/Oppenau das Auftaktspiel am Sonntagmorgen gegen die B-Jugend aus Bad-Peterstal gestalten. Auf dem Hauptspielfeld des Renchtalstadions waren wir gleich hellwach und Silas Birk brachte uns nach einem sch\u00f6nen Angriff \u00fcber rechts in der 4. Minute mit \u00fcberlegtem Abschluss in F\u00fchrung. Wir hatten nun mehr vom Spiel und in der 29. Minute konnte wiederum Silas&nbsp; mit einem Kopfball nach einer guten Ecke von Kewin Fritsch die F\u00fchrung ausbauen. Der Jubel war noch nicht ganz verklungen, da klingelte es aber schon im Gegenzug in unserem Kasten zum Anschlusstreffer. Wir vers\u00e4umten es in der ersten Halbzeit leider, die F\u00fchrung auszubauen, wobei auch etwas Pech hinzu kam. So traf Raphael Huber nach starkem Einsatz nur den Pfosten, wobei er zuvor deutlich gefoult worden war. Hier h\u00e4tte auch ein Strafsto\u00df gepfiffen werden k\u00f6nnen. Die zweite H\u00e4lfte verlief ausgeglichener, die schnelle Numer 10 der Peterstaler bereitete uns immer wieder Schwierigkeiten. Peterstal hatte auch&nbsp; die beste M\u00f6glichkeit in der zweiten H\u00e4lfte, Matze Keipert zeigte, was er kann und hielt&nbsp; einen Schuss aus wenigen Metern gl\u00e4nzend. Letztlich reichte es dann zum nicht unverdienten Sieg. Die k\u00e4mpferische Einstellung stimmte, nun gilt es mit einer guten Trainingsbeteiligung an den vorhandenen Schw\u00e4chen zu arbeiten. <\/p>\n<p align=\"justify\">Karl-Hagen Keller<\/p>\n","protected":false},"excerpt":{"rendered":"<p>Erfolgreich konnte die B 2 der SG Oberkirch\/Oppenau das Auftaktspiel am Sonntagmorgen gegen die B-Jugend aus Bad-Peterstal gestalten. Auf dem Hauptspielfeld des Renchtalstadions waren wir gleich hellwach und Silas Birk brachte uns nach einem sch\u00f6nen Angriff \u00fcber rechts in der 4. Minute mit \u00fcberlegtem Abschluss in F\u00fchrung. Wir hatten nun mehr vom Spiel und in &hellip; <a href=\"https:\/\/www.tus-oppenau.de\/fussball\/2015\/09\/b-2-gewinnt-im-derby\/\" class=\"more-link\"><span class=\"screen-reader-text\">B 2 gewinnt im Derby<\/span> weiterlesen <span class=\"meta-nav\">&rarr;<\/span><\/a><\/p>\n","protected":false},"author":47,"featured_media":0,"comment_status":"open","ping_status":"open","sticky":false,"template":"","format":"standard","meta":{"_jetpack_memberships_contains_paid_content":false,"footnotes":"","jetpack_publicize_message":"","jetpack_publicize_feature_enabled":true,"jetpack_social_post_already_shared":true,"jetpack_social_options":{"image_generator_settings":{"template":"highway","default_image_id":0,"font":"","enabled":false},"version":2}},"categories":[269],"tags":[],"class_list":["post-2101","post","type-post","status-publish","format-standard","hentry","category-b-junioren"],"jetpack_publicize_connections":[],"jetpack_featured_media_url":"","jetpack_sharing_enabled":true,"jetpack_likes_enabled":true,"_links":{"self":[{"href":"https:\/\/www.tus-oppenau.de\/fussball\/wp-json\/wp\/v2\/posts\/2101","targetHints":{"allow":["GET"]}}],"collection":[{"href":"https:\/\/www.tus-oppenau.de\/fussball\/wp-json\/wp\/v2\/posts"}],"about":[{"href":"https:\/\/www.tus-oppenau.de\/fussball\/wp-json\/wp\/v2\/types\/post"}],"author":[{"embeddable":true,"href":"https:\/\/www.tus-oppenau.de\/fussball\/wp-json\/wp\/v2\/users\/47"}],"replies":[{"embeddable":true,"href":"https:\/\/www.tus-oppenau.de\/fussball\/wp-json\/wp\/v2\/comments?post=2101"}],"version-history":[{"count":2,"href":"https:\/\/www.tus-oppenau.de\/fussball\/wp-json\/wp\/v2\/posts\/2101\/revisions"}],"predecessor-version":[{"id":2229,"href":"https:\/\/www.tus-oppenau.de\/fussball\/wp-json\/wp\/v2\/posts\/2101\/revisions\/2229"}],"wp:attachment":[{"href":"https:\/\/www.tus-oppenau.de\/fussball\/wp-json\/wp\/v2\/media?parent=2101"}],"wp:term":[{"taxonomy":"category","embeddable":true,"href":"https:\/\/www.tus-oppenau.de\/fussball\/wp-json\/wp\/v2\/categories?post=2101"},{"taxonomy":"post_tag","embeddable":true,"href":"https:\/\/www.tus-oppenau.de\/fussball\/wp-json\/wp\/v2\/tags?post=2101"}],"curies":[{"name":"wp","href":"https:\/\/api.w.org\/{rel}","templated":true}]}}