{"id":2440,"date":"2015-11-22T18:20:47","date_gmt":"2015-11-22T16:20:47","guid":{"rendered":"http:\/\/www.tus-oppenau.de\/fussball\/?p=2440"},"modified":"2015-12-22T20:41:54","modified_gmt":"2015-12-22T18:41:54","slug":"poveda-haelt-sieg-fuer-oppenau-fest-elfmeter-in-der-nachspielzeit-pariert","status":"publish","type":"post","link":"https:\/\/www.tus-oppenau.de\/fussball\/2015\/11\/poveda-haelt-sieg-fuer-oppenau-fest-elfmeter-in-der-nachspielzeit-pariert\/","title":{"rendered":"Poveda h\u00e4lt Sieg f\u00fcr Oppenau fest, Elfmeter in der Nachspielzeit pariert"},"content":{"rendered":"<p>Aufgrund des ersten Schneefalls konnte das Spiel in Oppenau erst mit deutlicher Versp\u00e4tung angepfiffen werden. Oppenau konnte am Ende, dank einer Elfmeterparade von Keeper Poveda in der Nachspielzeit, drei Punkte f\u00fcr sich verbuchen und einen knappen 1:0 Sieg feiern.<\/p>\n<p>Nach einem zun\u00e4chst verhaltenen Beginn beider Mannschaften \u00fcbernahm Oppenau mit zunehmender Spielzeit das Kommando. In der 8. Minute schoss Florian M\u00fcller erstmals auf das Lahrer Tor. In der 21. Minute verpasste Tobias Keller in zentraler Position aus 8 Metern die F\u00fchrung f\u00fcr Oppenau. Kurz darauf dann die verdiente Oppenauer F\u00fchrung. Nach einer sehenswerten Kombination \u00fcber die linke Seite, flankte K\u00fcnstle pr\u00e4zise auf Florian M\u00fcller, der in zentralen Position mit einem Flachschuss in die linke Ecke traf. In der 34. Minute ging erneut ein Schuss von Florian M\u00fcller aus 25 Metern knapp neben das Tor.<\/p>\n<p>Direkt nach der Halbzeitpause k\u00f6pfte Dominik Treyer nach einem Eckball nur knapp \u00fcber das Tor. In der 62. Minute verhinderte Lahrs Keeper Bell mit einer Glanzparade nach einem direkten Freisto\u00df von Florian M\u00fcller das 2:0 f\u00fcr Oppenau. Lahr hielt in der zweiten H\u00e4lfte mit einer engagierten k\u00e4mpferischen Leistung dagegen und hatte insbesondere durch Standardsituationen M\u00f6glichkeiten zum Ausgleich zu kommen. Oppenau verpasste es auf der Gegenseite fr\u00fchzeitig \u201eden Sack zuzumachen\u201c und musste bis zum Ende die knappe F\u00fchrung verteidigen. In der Nachspielzeit zeigte der gut leitende Schiedsrichter Dusch nach einem Foul im Oppenauer Strafraum auf den Elfmeterpunkt. Den f\u00e4lligen Strafsto\u00df fischte Oppenaus Keeper Poveda gegen Kelleci mit einer Glanzparade aus der linken unteren Ecke. Lahr h\u00e4tte sich aufgrund der Leistung in der zweiten Halbzeit durchaus einen Punkt verdient gehabt.<\/p>\n<p>Tore:<br \/>\n1:0 M\u00fcller (25.)<\/p>\n<p><a href=\"https:\/\/i0.wp.com\/www.tus-oppenau.de\/fussball\/wp-content\/uploads\/2015\/11\/spielbogen.jpg?ssl=1\"><img data-recalc-dims=\"1\" loading=\"lazy\" decoding=\"async\" class=\"alignnone size-medium wp-image-2444\" src=\"https:\/\/i0.wp.com\/www.tus-oppenau.de\/fussball\/wp-content\/uploads\/2015\/11\/spielbogen.jpg?resize=474%2C342&#038;ssl=1\" alt=\"spielbogen\" width=\"474\" height=\"342\" srcset=\"https:\/\/i0.wp.com\/www.tus-oppenau.de\/fussball\/wp-content\/uploads\/2015\/11\/spielbogen.jpg?resize=673%2C486&amp;ssl=1 673w, https:\/\/i0.wp.com\/www.tus-oppenau.de\/fussball\/wp-content\/uploads\/2015\/11\/spielbogen.jpg?resize=300%2C217&amp;ssl=1 300w, https:\/\/i0.wp.com\/www.tus-oppenau.de\/fussball\/wp-content\/uploads\/2015\/11\/spielbogen.jpg?resize=150%2C108&amp;ssl=1 150w, https:\/\/i0.wp.com\/www.tus-oppenau.de\/fussball\/wp-content\/uploads\/2015\/11\/spielbogen.jpg?w=964&amp;ssl=1 964w\" sizes=\"auto, (max-width: 474px) 100vw, 474px\" \/><\/a><\/p>\n<figure id=\"attachment_2441\" aria-describedby=\"caption-attachment-2441\" style=\"width: 215px\" class=\"wp-caption alignnone\"><a href=\"https:\/\/i0.wp.com\/www.tus-oppenau.de\/fussball\/wp-content\/uploads\/2015\/11\/Poveda_Jose.jpg?ssl=1\"><img data-recalc-dims=\"1\" loading=\"lazy\" decoding=\"async\" class=\"wp-image-2441 \" src=\"https:\/\/i0.wp.com\/www.tus-oppenau.de\/fussball\/wp-content\/uploads\/2015\/11\/Poveda_Jose.jpg?resize=215%2C286&#038;ssl=1\" alt=\"Poveda_Jose\" width=\"215\" height=\"286\" srcset=\"https:\/\/i0.wp.com\/www.tus-oppenau.de\/fussball\/wp-content\/uploads\/2015\/11\/Poveda_Jose.jpg?resize=505%2C673&amp;ssl=1 505w, https:\/\/i0.wp.com\/www.tus-oppenau.de\/fussball\/wp-content\/uploads\/2015\/11\/Poveda_Jose.jpg?resize=300%2C400&amp;ssl=1 300w, https:\/\/i0.wp.com\/www.tus-oppenau.de\/fussball\/wp-content\/uploads\/2015\/11\/Poveda_Jose.jpg?resize=150%2C200&amp;ssl=1 150w, https:\/\/i0.wp.com\/www.tus-oppenau.de\/fussball\/wp-content\/uploads\/2015\/11\/Poveda_Jose.jpg?w=768&amp;ssl=1 768w\" sizes=\"auto, (max-width: 215px) 100vw, 215px\" \/><\/a><figcaption id=\"caption-attachment-2441\" class=\"wp-caption-text\">Jose Poveda hielt in der Nachspielzeit einen Elfmeter und war somit der Matchwinner f\u00fcr den TuS<\/figcaption><\/figure>\n<figure id=\"attachment_2446\" aria-describedby=\"caption-attachment-2446\" style=\"width: 673px\" class=\"wp-caption alignnone\"><a href=\"https:\/\/i0.wp.com\/www.tus-oppenau.de\/fussball\/wp-content\/uploads\/2015\/11\/paris.jpg?ssl=1\"><img data-recalc-dims=\"1\" loading=\"lazy\" decoding=\"async\" class=\"wp-image-2446 size-medium\" src=\"https:\/\/i0.wp.com\/www.tus-oppenau.de\/fussball\/wp-content\/uploads\/2015\/11\/paris.jpg?resize=474%2C252&#038;ssl=1\" alt=\"paris\" width=\"474\" height=\"252\" srcset=\"https:\/\/i0.wp.com\/www.tus-oppenau.de\/fussball\/wp-content\/uploads\/2015\/11\/paris-scaled.jpg?resize=673%2C358&amp;ssl=1 673w, https:\/\/i0.wp.com\/www.tus-oppenau.de\/fussball\/wp-content\/uploads\/2015\/11\/paris-scaled.jpg?resize=300%2C159&amp;ssl=1 300w, https:\/\/i0.wp.com\/www.tus-oppenau.de\/fussball\/wp-content\/uploads\/2015\/11\/paris-scaled.jpg?resize=150%2C80&amp;ssl=1 150w, https:\/\/i0.wp.com\/www.tus-oppenau.de\/fussball\/wp-content\/uploads\/2015\/11\/paris-scaled.jpg?resize=1260%2C670&amp;ssl=1 1260w, https:\/\/i0.wp.com\/www.tus-oppenau.de\/fussball\/wp-content\/uploads\/2015\/11\/paris-scaled.jpg?w=948&amp;ssl=1 948w, https:\/\/i0.wp.com\/www.tus-oppenau.de\/fussball\/wp-content\/uploads\/2015\/11\/paris-scaled.jpg?w=1422&amp;ssl=1 1422w\" sizes=\"auto, (max-width: 474px) 100vw, 474px\" \/><\/a><figcaption id=\"caption-attachment-2446\" class=\"wp-caption-text\">Vor Spielbeginn zeigten die Zuschauer ihre Solidarit\u00e4t mit den Opfern von Paris mit einem Plakat mit der Aufschrift &#8222;Oppenau in Gedanken in Paris&#8220;<\/figcaption><\/figure>\n<p><a href=\"https:\/\/i0.wp.com\/www.tus-oppenau.de\/fussball\/wp-content\/uploads\/2015\/11\/20151122_151303.jpg?ssl=1\"><img data-recalc-dims=\"1\" loading=\"lazy\" decoding=\"async\" class=\"alignnone wp-image-2456\" src=\"https:\/\/i0.wp.com\/www.tus-oppenau.de\/fussball\/wp-content\/uploads\/2015\/11\/20151122_151303.jpg?resize=474%2C350&#038;ssl=1\" alt=\"20151122_151303\" width=\"474\" height=\"350\" srcset=\"https:\/\/i0.wp.com\/www.tus-oppenau.de\/fussball\/wp-content\/uploads\/2015\/11\/20151122_151303.jpg?resize=673%2C497&amp;ssl=1 673w, https:\/\/i0.wp.com\/www.tus-oppenau.de\/fussball\/wp-content\/uploads\/2015\/11\/20151122_151303.jpg?resize=300%2C222&amp;ssl=1 300w, https:\/\/i0.wp.com\/www.tus-oppenau.de\/fussball\/wp-content\/uploads\/2015\/11\/20151122_151303.jpg?resize=150%2C111&amp;ssl=1 150w, https:\/\/i0.wp.com\/www.tus-oppenau.de\/fussball\/wp-content\/uploads\/2015\/11\/20151122_151303.jpg?resize=1260%2C931&amp;ssl=1 1260w, https:\/\/i0.wp.com\/www.tus-oppenau.de\/fussball\/wp-content\/uploads\/2015\/11\/20151122_151303.jpg?w=1638&amp;ssl=1 1638w, https:\/\/i0.wp.com\/www.tus-oppenau.de\/fussball\/wp-content\/uploads\/2015\/11\/20151122_151303.jpg?w=948&amp;ssl=1 948w, https:\/\/i0.wp.com\/www.tus-oppenau.de\/fussball\/wp-content\/uploads\/2015\/11\/20151122_151303.jpg?w=1422&amp;ssl=1 1422w\" sizes=\"auto, (max-width: 474px) 100vw, 474px\" \/><\/a><\/p>\n<p><a href=\"https:\/\/i0.wp.com\/www.tus-oppenau.de\/fussball\/wp-content\/uploads\/2015\/11\/20151122_150640.jpg?ssl=1\"><img data-recalc-dims=\"1\" loading=\"lazy\" decoding=\"async\" class=\"alignnone wp-image-2455\" src=\"https:\/\/i0.wp.com\/www.tus-oppenau.de\/fussball\/wp-content\/uploads\/2015\/11\/20151122_150640.jpg?resize=474%2C234&#038;ssl=1\" alt=\"20151122_150640\" width=\"474\" height=\"234\" srcset=\"https:\/\/i0.wp.com\/www.tus-oppenau.de\/fussball\/wp-content\/uploads\/2015\/11\/20151122_150640.jpg?resize=673%2C331&amp;ssl=1 673w, https:\/\/i0.wp.com\/www.tus-oppenau.de\/fussball\/wp-content\/uploads\/2015\/11\/20151122_150640.jpg?resize=300%2C148&amp;ssl=1 300w, https:\/\/i0.wp.com\/www.tus-oppenau.de\/fussball\/wp-content\/uploads\/2015\/11\/20151122_150640.jpg?resize=150%2C74&amp;ssl=1 150w, https:\/\/i0.wp.com\/www.tus-oppenau.de\/fussball\/wp-content\/uploads\/2015\/11\/20151122_150640.jpg?resize=1260%2C620&amp;ssl=1 1260w, https:\/\/i0.wp.com\/www.tus-oppenau.de\/fussball\/wp-content\/uploads\/2015\/11\/20151122_150640.jpg?w=948&amp;ssl=1 948w, https:\/\/i0.wp.com\/www.tus-oppenau.de\/fussball\/wp-content\/uploads\/2015\/11\/20151122_150640.jpg?w=1422&amp;ssl=1 1422w\" sizes=\"auto, (max-width: 474px) 100vw, 474px\" \/><\/a><\/p>\n","protected":false},"excerpt":{"rendered":"<p>Aufgrund des ersten Schneefalls konnte das Spiel in Oppenau erst mit deutlicher Versp\u00e4tung angepfiffen werden. Oppenau konnte am Ende, dank einer Elfmeterparade von Keeper Poveda in der Nachspielzeit, drei Punkte f\u00fcr sich verbuchen und einen knappen 1:0 Sieg feiern. Nach einem zun\u00e4chst verhaltenen Beginn beider Mannschaften \u00fcbernahm Oppenau mit zunehmender Spielzeit das Kommando. In der &hellip; <a href=\"https:\/\/www.tus-oppenau.de\/fussball\/2015\/11\/poveda-haelt-sieg-fuer-oppenau-fest-elfmeter-in-der-nachspielzeit-pariert\/\" class=\"more-link\"><span class=\"screen-reader-text\">Poveda h\u00e4lt Sieg f\u00fcr Oppenau fest, Elfmeter in der Nachspielzeit pariert<\/span> weiterlesen <span class=\"meta-nav\">&rarr;<\/span><\/a><\/p>\n","protected":false},"author":93,"featured_media":2446,"comment_status":"open","ping_status":"open","sticky":false,"template":"","format":"standard","meta":{"_jetpack_memberships_contains_paid_content":false,"footnotes":"","jetpack_publicize_message":"","jetpack_publicize_feature_enabled":true,"jetpack_social_post_already_shared":true,"jetpack_social_options":{"image_generator_settings":{"template":"highway","default_image_id":0,"font":"","enabled":false},"version":2}},"categories":[247],"tags":[],"class_list":["post-2440","post","type-post","status-publish","format-standard","has-post-thumbnail","hentry","category-1-mannschaft"],"jetpack_publicize_connections":[],"jetpack_featured_media_url":"https:\/\/i0.wp.com\/www.tus-oppenau.de\/fussball\/wp-content\/uploads\/2015\/11\/paris-scaled.jpg?fit=2560%2C1360&ssl=1","jetpack_sharing_enabled":true,"jetpack_likes_enabled":true,"_links":{"self":[{"href":"https:\/\/www.tus-oppenau.de\/fussball\/wp-json\/wp\/v2\/posts\/2440","targetHints":{"allow":["GET"]}}],"collection":[{"href":"https:\/\/www.tus-oppenau.de\/fussball\/wp-json\/wp\/v2\/posts"}],"about":[{"href":"https:\/\/www.tus-oppenau.de\/fussball\/wp-json\/wp\/v2\/types\/post"}],"author":[{"embeddable":true,"href":"https:\/\/www.tus-oppenau.de\/fussball\/wp-json\/wp\/v2\/users\/93"}],"replies":[{"embeddable":true,"href":"https:\/\/www.tus-oppenau.de\/fussball\/wp-json\/wp\/v2\/comments?post=2440"}],"version-history":[{"count":9,"href":"https:\/\/www.tus-oppenau.de\/fussball\/wp-json\/wp\/v2\/posts\/2440\/revisions"}],"predecessor-version":[{"id":2468,"href":"https:\/\/www.tus-oppenau.de\/fussball\/wp-json\/wp\/v2\/posts\/2440\/revisions\/2468"}],"wp:featuredmedia":[{"embeddable":true,"href":"https:\/\/www.tus-oppenau.de\/fussball\/wp-json\/wp\/v2\/media\/2446"}],"wp:attachment":[{"href":"https:\/\/www.tus-oppenau.de\/fussball\/wp-json\/wp\/v2\/media?parent=2440"}],"wp:term":[{"taxonomy":"category","embeddable":true,"href":"https:\/\/www.tus-oppenau.de\/fussball\/wp-json\/wp\/v2\/categories?post=2440"},{"taxonomy":"post_tag","embeddable":true,"href":"https:\/\/www.tus-oppenau.de\/fussball\/wp-json\/wp\/v2\/tags?post=2440"}],"curies":[{"name":"wp","href":"https:\/\/api.w.org\/{rel}","templated":true}]}}