{"id":2715,"date":"2016-02-24T21:55:14","date_gmt":"2016-02-24T19:55:14","guid":{"rendered":"http:\/\/www.tus-oppenau.de\/fussball\/?p=2715"},"modified":"2016-02-24T21:55:14","modified_gmt":"2016-02-24T19:55:14","slug":"e-junioren-gewinnen-hallenturnier-in-dsbach","status":"publish","type":"post","link":"https:\/\/www.tus-oppenau.de\/fussball\/2016\/02\/e-junioren-gewinnen-hallenturnier-in-dsbach\/","title":{"rendered":"E-Junioren gewinnen Hallenturnier in &Ouml;dsbach"},"content":{"rendered":"<p>Einen weiteren Turniersieg konnten unsere E-Junioren beim Hallenturnier in \u00d6dsbach feiern. <\/p>\n<p><strong><font size=\"4\">5 Spiele, 5 Siege, 10:2 Tore waren die tolle Bilanz !<\/font><\/strong> <\/p>\n<p>Hier die einzelnen Ergebnisse :<br \/>TuS \u2013 \u00d6dsbach 2:0<br \/>TuS \u2013 Bottenau 1:0<br \/>TuS \u2013 Peterstal 2:1<br \/>TuS \u2013 Legelshurst 2:0<br \/>TuS &#8211; Ulm 3:1 <\/p>\n<p>Somit verabschiedeten sich unsere Jungs\/M\u00e4dels eindrucksvoll von der Hallensaison. <\/p>\n<p><a href=\"https:\/\/i0.wp.com\/www.tus-oppenau.de\/fussball\/wp-content\/uploads\/2016\/02\/E-Jugend_dsbach.jpg?ssl=1\"><img data-recalc-dims=\"1\" loading=\"lazy\" decoding=\"async\" title=\"E-Jugend_&Ouml;dsbach\" style=\"border-top: 0px; border-right: 0px; background-image: none; border-bottom: 0px; padding-top: 0px; padding-left: 0px; border-left: 0px; display: inline; padding-right: 0px\" border=\"0\" alt=\"E-Jugend_&Ouml;dsbach\" src=\"https:\/\/i0.wp.com\/www.tus-oppenau.de\/fussball\/wp-content\/uploads\/2016\/02\/E-Jugend_dsbach_thumb.jpg?resize=474%2C351&#038;ssl=1\" width=\"474\" height=\"351\"><\/a> <\/p>\n<p><strong><u>F\u00fcr den TuS spielten:<\/u><\/strong>  <\/p>\n<p><u>stehend von links :<\/u>&nbsp; Malte Wappenschmidt, Jan Huber, Tobias Heidsick, Jonas Kiefer<br \/><u>kniend : <\/u> Mick Hauns<br \/><u>liegend:<\/u> Torwart Moritz Steger <\/p>\n<p align=\"justify\">Seit dieser Woche l\u00e4uft auch schon wieder das Training auf dem Kunstrasen. Durch die letztj\u00e4hrige Vize-Meisterschaft wurde man f\u00fcr die Fr\u00fchjahrs-Runde neu eingeteilt, und trifft nun in der neuen Spielklasse auf hochkar\u00e4tige Gegner (Kehler FV, SC Offenburg, SV Oberkirch &#8230; ) <\/p>\n<p align=\"justify\">Somit steht unseren E-Junioren und ihren Trainern eine spannende und lehrreiche R\u00fcckrunde bevor !<\/p>\n","protected":false},"excerpt":{"rendered":"<p>Einen weiteren Turniersieg konnten unsere E-Junioren beim Hallenturnier in \u00d6dsbach feiern. 5 Spiele, 5 Siege, 10:2 Tore waren die tolle Bilanz ! Hier die einzelnen Ergebnisse :TuS \u2013 \u00d6dsbach 2:0TuS \u2013 Bottenau 1:0TuS \u2013 Peterstal 2:1TuS \u2013 Legelshurst 2:0TuS &#8211; Ulm 3:1 Somit verabschiedeten sich unsere Jungs\/M\u00e4dels eindrucksvoll von der Hallensaison. F\u00fcr den TuS spielten: &hellip; <a href=\"https:\/\/www.tus-oppenau.de\/fussball\/2016\/02\/e-junioren-gewinnen-hallenturnier-in-dsbach\/\" class=\"more-link\"><span class=\"screen-reader-text\">E-Junioren gewinnen Hallenturnier in &Ouml;dsbach<\/span> weiterlesen <span class=\"meta-nav\">&rarr;<\/span><\/a><\/p>\n","protected":false},"author":47,"featured_media":0,"comment_status":"open","ping_status":"open","sticky":false,"template":"","format":"standard","meta":{"_jetpack_memberships_contains_paid_content":false,"footnotes":"","jetpack_publicize_message":"","jetpack_publicize_feature_enabled":true,"jetpack_social_post_already_shared":true,"jetpack_social_options":{"image_generator_settings":{"template":"highway","default_image_id":0,"font":"","enabled":false},"version":2}},"categories":[272],"tags":[],"class_list":["post-2715","post","type-post","status-publish","format-standard","hentry","category-e-junioren"],"jetpack_publicize_connections":[],"jetpack_featured_media_url":"","jetpack_sharing_enabled":true,"jetpack_likes_enabled":true,"_links":{"self":[{"href":"https:\/\/www.tus-oppenau.de\/fussball\/wp-json\/wp\/v2\/posts\/2715","targetHints":{"allow":["GET"]}}],"collection":[{"href":"https:\/\/www.tus-oppenau.de\/fussball\/wp-json\/wp\/v2\/posts"}],"about":[{"href":"https:\/\/www.tus-oppenau.de\/fussball\/wp-json\/wp\/v2\/types\/post"}],"author":[{"embeddable":true,"href":"https:\/\/www.tus-oppenau.de\/fussball\/wp-json\/wp\/v2\/users\/47"}],"replies":[{"embeddable":true,"href":"https:\/\/www.tus-oppenau.de\/fussball\/wp-json\/wp\/v2\/comments?post=2715"}],"version-history":[{"count":1,"href":"https:\/\/www.tus-oppenau.de\/fussball\/wp-json\/wp\/v2\/posts\/2715\/revisions"}],"predecessor-version":[{"id":2716,"href":"https:\/\/www.tus-oppenau.de\/fussball\/wp-json\/wp\/v2\/posts\/2715\/revisions\/2716"}],"wp:attachment":[{"href":"https:\/\/www.tus-oppenau.de\/fussball\/wp-json\/wp\/v2\/media?parent=2715"}],"wp:term":[{"taxonomy":"category","embeddable":true,"href":"https:\/\/www.tus-oppenau.de\/fussball\/wp-json\/wp\/v2\/categories?post=2715"},{"taxonomy":"post_tag","embeddable":true,"href":"https:\/\/www.tus-oppenau.de\/fussball\/wp-json\/wp\/v2\/tags?post=2715"}],"curies":[{"name":"wp","href":"https:\/\/api.w.org\/{rel}","templated":true}]}}