{"id":2744,"date":"2016-03-09T21:54:22","date_gmt":"2016-03-09T19:54:22","guid":{"rendered":"http:\/\/www.tus-oppenau.de\/fussball\/?p=2744"},"modified":"2016-03-10T08:54:59","modified_gmt":"2016-03-10T06:54:59","slug":"neuer-jugendbus-fr-den-tus-oppenau","status":"publish","type":"post","link":"https:\/\/www.tus-oppenau.de\/fussball\/2016\/03\/neuer-jugendbus-fr-den-tus-oppenau\/","title":{"rendered":"Neuer Jugendbus f&uuml;r den TuS Oppenau"},"content":{"rendered":"<p align=\"justify\">Nachdem die Abt. Fu\u00dfball sich im Sp\u00e4tjahr vom ersten TuS-Jugendbus altersbedingt trennen musste ist es mit der tatkr\u00e4ftigen Unterst\u00fctzung treuer Sponsoren gelungen einen neuen Bus anzuschaffen mit dem nun unsere Mannschaften komfortabel und sicher zum Trainings- und Spielbetrieb gefahren werden.<\/p>\n<p align=\"justify\">Die sehr gelungene optische Gestaltung und Folierung \u00fcbernahm unser Vereins-Mitglied Patrick Walz von der <a href=\"http:\/\/www.walz-design.de\/\" target=\"_blank\">Fa. Walz Design<\/a>.<\/p>\n<p align=\"justify\"><a href=\"https:\/\/i0.wp.com\/www.tus-oppenau.de\/fussball\/wp-content\/uploads\/2016\/03\/IMG_6902.jpg?ssl=1\"><img data-recalc-dims=\"1\" loading=\"lazy\" decoding=\"async\" style=\"background-image: none; padding-top: 0px; padding-left: 0px; display: inline; padding-right: 0px; border: 0px;\" title=\"IMG_6902\" src=\"https:\/\/i0.wp.com\/www.tus-oppenau.de\/fussball\/wp-content\/uploads\/2016\/03\/IMG_6902_thumb.jpg?resize=292%2C220&#038;ssl=1\" alt=\"IMG_6902\" width=\"292\" height=\"220\" border=\"0\" \/><\/a><a href=\"https:\/\/i0.wp.com\/www.tus-oppenau.de\/fussball\/wp-content\/uploads\/2016\/03\/IMG_6905.jpg?ssl=1\"><img data-recalc-dims=\"1\" loading=\"lazy\" decoding=\"async\" style=\"background-image: none; padding-top: 0px; padding-left: 0px; display: inline; padding-right: 0px; border: 0px;\" title=\"IMG_6905\" src=\"https:\/\/i0.wp.com\/www.tus-oppenau.de\/fussball\/wp-content\/uploads\/2016\/03\/IMG_6905_thumb.jpg?resize=291%2C219&#038;ssl=1\" alt=\"IMG_6905\" width=\"291\" height=\"219\" border=\"0\" \/><\/a><\/p>\n<p align=\"justify\"><a href=\"https:\/\/i0.wp.com\/www.tus-oppenau.de\/fussball\/wp-content\/uploads\/2016\/03\/IMG_6903.jpg?ssl=1\"><img data-recalc-dims=\"1\" loading=\"lazy\" decoding=\"async\" style=\"background-image: none; padding-top: 0px; padding-left: 0px; display: inline; padding-right: 0px; border: 0px;\" title=\"IMG_6903\" src=\"https:\/\/i0.wp.com\/www.tus-oppenau.de\/fussball\/wp-content\/uploads\/2016\/03\/IMG_6903_thumb.jpg?resize=290%2C218&#038;ssl=1\" alt=\"IMG_6903\" width=\"290\" height=\"218\" border=\"0\" \/><\/a><a href=\"https:\/\/i0.wp.com\/www.tus-oppenau.de\/fussball\/wp-content\/uploads\/2016\/03\/IMG_6907.jpg?ssl=1\"><img data-recalc-dims=\"1\" loading=\"lazy\" decoding=\"async\" style=\"background-image: none; padding-top: 0px; padding-left: 0px; display: inline; padding-right: 0px; border: 0px;\" title=\"IMG_6907\" src=\"https:\/\/i0.wp.com\/www.tus-oppenau.de\/fussball\/wp-content\/uploads\/2016\/03\/IMG_6907_thumb.jpg?resize=293%2C221&#038;ssl=1\" alt=\"IMG_6907\" width=\"293\" height=\"221\" border=\"0\" \/><\/a><\/p>\n<p align=\"justify\">Die Abt. Fu\u00dfball bedankt sich sehr herzlich bei den Sponsoren f\u00fcr die tolle Unterst\u00fctzung.<\/p>\n<p align=\"justify\">Wir w\u00fcnschen dem neuen Jugendbus allzeit gute Fahrt.<\/p>\n","protected":false},"excerpt":{"rendered":"<p>Nachdem die Abt. Fu\u00dfball sich im Sp\u00e4tjahr vom ersten TuS-Jugendbus altersbedingt trennen musste ist es mit der tatkr\u00e4ftigen Unterst\u00fctzung treuer Sponsoren gelungen einen neuen Bus anzuschaffen mit dem nun unsere Mannschaften komfortabel und sicher zum Trainings- und Spielbetrieb gefahren werden. Die sehr gelungene optische Gestaltung und Folierung \u00fcbernahm unser Vereins-Mitglied Patrick Walz von der Fa. &hellip; <a href=\"https:\/\/www.tus-oppenau.de\/fussball\/2016\/03\/neuer-jugendbus-fr-den-tus-oppenau\/\" class=\"more-link\"><span class=\"screen-reader-text\">Neuer Jugendbus f&uuml;r den TuS Oppenau<\/span> weiterlesen <span class=\"meta-nav\">&rarr;<\/span><\/a><\/p>\n","protected":false},"author":47,"featured_media":0,"comment_status":"open","ping_status":"open","sticky":false,"template":"","format":"standard","meta":{"_jetpack_memberships_contains_paid_content":false,"footnotes":"","jetpack_publicize_message":"","jetpack_publicize_feature_enabled":true,"jetpack_social_post_already_shared":true,"jetpack_social_options":{"image_generator_settings":{"template":"highway","default_image_id":0,"font":"","enabled":false},"version":2}},"categories":[1],"tags":[],"class_list":["post-2744","post","type-post","status-publish","format-standard","hentry","category-allgemein"],"jetpack_publicize_connections":[],"jetpack_featured_media_url":"","jetpack_sharing_enabled":true,"jetpack_likes_enabled":true,"_links":{"self":[{"href":"https:\/\/www.tus-oppenau.de\/fussball\/wp-json\/wp\/v2\/posts\/2744","targetHints":{"allow":["GET"]}}],"collection":[{"href":"https:\/\/www.tus-oppenau.de\/fussball\/wp-json\/wp\/v2\/posts"}],"about":[{"href":"https:\/\/www.tus-oppenau.de\/fussball\/wp-json\/wp\/v2\/types\/post"}],"author":[{"embeddable":true,"href":"https:\/\/www.tus-oppenau.de\/fussball\/wp-json\/wp\/v2\/users\/47"}],"replies":[{"embeddable":true,"href":"https:\/\/www.tus-oppenau.de\/fussball\/wp-json\/wp\/v2\/comments?post=2744"}],"version-history":[{"count":2,"href":"https:\/\/www.tus-oppenau.de\/fussball\/wp-json\/wp\/v2\/posts\/2744\/revisions"}],"predecessor-version":[{"id":2747,"href":"https:\/\/www.tus-oppenau.de\/fussball\/wp-json\/wp\/v2\/posts\/2744\/revisions\/2747"}],"wp:attachment":[{"href":"https:\/\/www.tus-oppenau.de\/fussball\/wp-json\/wp\/v2\/media?parent=2744"}],"wp:term":[{"taxonomy":"category","embeddable":true,"href":"https:\/\/www.tus-oppenau.de\/fussball\/wp-json\/wp\/v2\/categories?post=2744"},{"taxonomy":"post_tag","embeddable":true,"href":"https:\/\/www.tus-oppenau.de\/fussball\/wp-json\/wp\/v2\/tags?post=2744"}],"curies":[{"name":"wp","href":"https:\/\/api.w.org\/{rel}","templated":true}]}}