{"id":2856,"date":"2016-04-06T13:41:04","date_gmt":"2016-04-06T11:41:04","guid":{"rendered":"http:\/\/www.tus-oppenau.de\/fussball\/?p=2856"},"modified":"2016-04-07T13:04:04","modified_gmt":"2016-04-07T11:04:04","slug":"samstag-ab-1000-h-e-d-c-jugend-heimspieltag","status":"publish","type":"post","link":"https:\/\/www.tus-oppenau.de\/fussball\/2016\/04\/samstag-ab-1000-h-e-d-c-jugend-heimspieltag\/","title":{"rendered":"Samstag ab 10:00 h E-D-C Jugend Heimspieltag"},"content":{"rendered":"<h4>Am Samstag den 9.4. haben die E, D, C-Jugend Heimspieltag am Haldenhof.<\/h4>\n<p>Los gehts um 10:00 h mit der E2 und um 11:00 h mit der E1. Beide Mannschaften treffen im &#8222;Renchtal Classico&#8220; auf Oberkirch. Bei der E1 geht es um die Tabellenf\u00fchrung, beide Mannschaften haben in der neu zusammengestellen Fr\u00fchjahresstaffel ihre bisherigen beiden Spiele gewonnen.<\/p>\n<p>Weiter geht es dann um 12:00 h bzw. 13:30 h mit der D2 und D1. Beiden Mannschaften sind eine Spielgemeinschaft mit Bad Peterstal. Die D1 trifft in der Bezirksliga auf den Tabellenletzen Freistett. Das Hinspiel endete 0:0.<\/p>\n<p>Um 15:00 h trifft die C Jugend dann in der Landesliga auf B\u00fchl. Die SG Oppenau (mit Oberkirch und Bad Peterstal) liegt mit 15 Punkten auf dem 10. Platz, B\u00fchl ist 6. mit 21 Punkten. Das Hinspiel endete 5:0 f\u00fcr B\u00fchl.<\/p>\n","protected":false},"excerpt":{"rendered":"<p>Am Samstag den 9.4. haben die E, D, C-Jugend Heimspieltag am Haldenhof. Los gehts um 10:00 h mit der E2 und um 11:00 h mit der E1. Beide Mannschaften treffen im &#8222;Renchtal Classico&#8220; auf Oberkirch. Bei der E1 geht es um die Tabellenf\u00fchrung, beide Mannschaften haben in der neu zusammengestellen Fr\u00fchjahresstaffel ihre bisherigen beiden Spiele &hellip; <a href=\"https:\/\/www.tus-oppenau.de\/fussball\/2016\/04\/samstag-ab-1000-h-e-d-c-jugend-heimspieltag\/\" class=\"more-link\"><span class=\"screen-reader-text\">Samstag ab 10:00 h E-D-C Jugend Heimspieltag<\/span> weiterlesen <span class=\"meta-nav\">&rarr;<\/span><\/a><\/p>\n","protected":false},"author":93,"featured_media":2107,"comment_status":"open","ping_status":"open","sticky":false,"template":"","format":"standard","meta":{"_jetpack_memberships_contains_paid_content":false,"footnotes":"","jetpack_publicize_message":"","jetpack_publicize_feature_enabled":true,"jetpack_social_post_already_shared":true,"jetpack_social_options":{"image_generator_settings":{"template":"highway","default_image_id":0,"font":"","enabled":false},"version":2}},"categories":[271,262,272],"tags":[],"class_list":["post-2856","post","type-post","status-publish","format-standard","has-post-thumbnail","hentry","category-c-junioren","category-d-junioren","category-e-junioren"],"jetpack_publicize_connections":[],"jetpack_featured_media_url":"https:\/\/i0.wp.com\/www.tus-oppenau.de\/fussball\/wp-content\/uploads\/2015\/09\/d-jugend-e1459943338885.jpg?fit=2000%2C1178&ssl=1","jetpack_sharing_enabled":true,"jetpack_likes_enabled":true,"_links":{"self":[{"href":"https:\/\/www.tus-oppenau.de\/fussball\/wp-json\/wp\/v2\/posts\/2856","targetHints":{"allow":["GET"]}}],"collection":[{"href":"https:\/\/www.tus-oppenau.de\/fussball\/wp-json\/wp\/v2\/posts"}],"about":[{"href":"https:\/\/www.tus-oppenau.de\/fussball\/wp-json\/wp\/v2\/types\/post"}],"author":[{"embeddable":true,"href":"https:\/\/www.tus-oppenau.de\/fussball\/wp-json\/wp\/v2\/users\/93"}],"replies":[{"embeddable":true,"href":"https:\/\/www.tus-oppenau.de\/fussball\/wp-json\/wp\/v2\/comments?post=2856"}],"version-history":[{"count":6,"href":"https:\/\/www.tus-oppenau.de\/fussball\/wp-json\/wp\/v2\/posts\/2856\/revisions"}],"predecessor-version":[{"id":2862,"href":"https:\/\/www.tus-oppenau.de\/fussball\/wp-json\/wp\/v2\/posts\/2856\/revisions\/2862"}],"wp:featuredmedia":[{"embeddable":true,"href":"https:\/\/www.tus-oppenau.de\/fussball\/wp-json\/wp\/v2\/media\/2107"}],"wp:attachment":[{"href":"https:\/\/www.tus-oppenau.de\/fussball\/wp-json\/wp\/v2\/media?parent=2856"}],"wp:term":[{"taxonomy":"category","embeddable":true,"href":"https:\/\/www.tus-oppenau.de\/fussball\/wp-json\/wp\/v2\/categories?post=2856"},{"taxonomy":"post_tag","embeddable":true,"href":"https:\/\/www.tus-oppenau.de\/fussball\/wp-json\/wp\/v2\/tags?post=2856"}],"curies":[{"name":"wp","href":"https:\/\/api.w.org\/{rel}","templated":true}]}}