{"id":2866,"date":"2016-04-10T11:29:07","date_gmt":"2016-04-10T09:29:07","guid":{"rendered":"http:\/\/www.tus-oppenau.de\/fussball\/?p=2866"},"modified":"2016-05-29T22:25:45","modified_gmt":"2016-05-29T20:25:45","slug":"neues-trikot-fr-e-junioren","status":"publish","type":"post","link":"https:\/\/www.tus-oppenau.de\/fussball\/2016\/04\/neues-trikot-fr-e-junioren\/","title":{"rendered":"Neues Trikot f&uuml;r E-Junioren"},"content":{"rendered":"<p><a href=\"https:\/\/i0.wp.com\/www.tus-oppenau.de\/fussball\/wp-content\/uploads\/2016\/04\/E1-Jugend_2016.jpg?ssl=1\"><img data-recalc-dims=\"1\" loading=\"lazy\" decoding=\"async\" style=\"background-image: none; padding-top: 0px; padding-left: 0px; display: inline; padding-right: 0px; border: 0px;\" title=\"E1-Jugend_2016\" src=\"https:\/\/i0.wp.com\/www.tus-oppenau.de\/fussball\/wp-content\/uploads\/2016\/04\/E1-Jugend_2016_thumb.jpg?resize=474%2C301&#038;ssl=1\" alt=\"E1-Jugend_2016\" width=\"474\" height=\"301\" border=\"0\" \/><\/a><\/p>\n<p>Die E-Junioren des TuS Oppenau k\u00f6nnen sich \u00fcber einen neuen Langarm-Trikotsatz freuen.<\/p>\n<p align=\"justify\">Die Fu\u00dfball Abteilung des TuS Oppenau bedankt sich recht herzlich bei Bernd Federau (Bezirksleiter Immobilien) der <a href=\"http:\/\/www.w\u00fcstenrot-immobilien24.de\/ihre-ansprechpartner\/\" target=\"_blank\">Firma W\u00fcstenrot Immobilien<\/a> und Inhaber der Firma Federau Hausverwaltungen f\u00fcr die gro\u00dfz\u00fcgige Unterst\u00fctzung unserer Jugendarbeit. Wir w\u00fcnschen den E-Junioren viel Erfolg im neuen Trikot.<\/p>\n","protected":false},"excerpt":{"rendered":"<p>Die E-Junioren des TuS Oppenau k\u00f6nnen sich \u00fcber einen neuen Langarm-Trikotsatz freuen. Die Fu\u00dfball Abteilung des TuS Oppenau bedankt sich recht herzlich bei Bernd Federau (Bezirksleiter Immobilien) der Firma W\u00fcstenrot Immobilien und Inhaber der Firma Federau Hausverwaltungen f\u00fcr die gro\u00dfz\u00fcgige Unterst\u00fctzung unserer Jugendarbeit. Wir w\u00fcnschen den E-Junioren viel Erfolg im neuen Trikot.<\/p>\n","protected":false},"author":47,"featured_media":2865,"comment_status":"closed","ping_status":"open","sticky":false,"template":"","format":"standard","meta":{"_jetpack_memberships_contains_paid_content":false,"footnotes":"","jetpack_publicize_message":"","jetpack_publicize_feature_enabled":true,"jetpack_social_post_already_shared":true,"jetpack_social_options":{"image_generator_settings":{"template":"highway","default_image_id":0,"font":"","enabled":false},"version":2}},"categories":[272],"tags":[],"class_list":["post-2866","post","type-post","status-publish","format-standard","has-post-thumbnail","hentry","category-e-junioren"],"jetpack_publicize_connections":[],"jetpack_featured_media_url":"https:\/\/i0.wp.com\/www.tus-oppenau.de\/fussball\/wp-content\/uploads\/2016\/04\/E1-Jugend_2016_thumb.jpg?fit=585%2C371&ssl=1","jetpack_sharing_enabled":true,"jetpack_likes_enabled":true,"_links":{"self":[{"href":"https:\/\/www.tus-oppenau.de\/fussball\/wp-json\/wp\/v2\/posts\/2866","targetHints":{"allow":["GET"]}}],"collection":[{"href":"https:\/\/www.tus-oppenau.de\/fussball\/wp-json\/wp\/v2\/posts"}],"about":[{"href":"https:\/\/www.tus-oppenau.de\/fussball\/wp-json\/wp\/v2\/types\/post"}],"author":[{"embeddable":true,"href":"https:\/\/www.tus-oppenau.de\/fussball\/wp-json\/wp\/v2\/users\/47"}],"replies":[{"embeddable":true,"href":"https:\/\/www.tus-oppenau.de\/fussball\/wp-json\/wp\/v2\/comments?post=2866"}],"version-history":[{"count":2,"href":"https:\/\/www.tus-oppenau.de\/fussball\/wp-json\/wp\/v2\/posts\/2866\/revisions"}],"predecessor-version":[{"id":2873,"href":"https:\/\/www.tus-oppenau.de\/fussball\/wp-json\/wp\/v2\/posts\/2866\/revisions\/2873"}],"wp:featuredmedia":[{"embeddable":true,"href":"https:\/\/www.tus-oppenau.de\/fussball\/wp-json\/wp\/v2\/media\/2865"}],"wp:attachment":[{"href":"https:\/\/www.tus-oppenau.de\/fussball\/wp-json\/wp\/v2\/media?parent=2866"}],"wp:term":[{"taxonomy":"category","embeddable":true,"href":"https:\/\/www.tus-oppenau.de\/fussball\/wp-json\/wp\/v2\/categories?post=2866"},{"taxonomy":"post_tag","embeddable":true,"href":"https:\/\/www.tus-oppenau.de\/fussball\/wp-json\/wp\/v2\/tags?post=2866"}],"curies":[{"name":"wp","href":"https:\/\/api.w.org\/{rel}","templated":true}]}}