{"id":2868,"date":"2016-04-10T13:49:22","date_gmt":"2016-04-10T11:49:22","guid":{"rendered":"http:\/\/www.tus-oppenau.de\/fussball\/?p=2868"},"modified":"2016-05-29T22:27:39","modified_gmt":"2016-05-29T20:27:39","slug":"erste-mannschaft-holt-auswaertssieg-in-sinzheim","status":"publish","type":"post","link":"https:\/\/www.tus-oppenau.de\/fussball\/2016\/04\/erste-mannschaft-holt-auswaertssieg-in-sinzheim\/","title":{"rendered":"Erste Mannschaft holt Ausw\u00e4rtssieg in Sinzheim"},"content":{"rendered":"<p>Oppenau war sofort hellwach und ging engagiert in die Partie. In der 12. Minute hatte Wu\u00dfler nach Flanke von Spiegel die erste M\u00f6glichkeit. In der 13. Minute dann die fr\u00fche F\u00fchrung f\u00fcr den TuS. Erneut war Wu\u00dfler zur Stelle, nach einem langen Ball \u00fcber die linke Seite schlenzte er den Ball sehenswert in das rechte Eck. Oppenau blieb weiter am Dr\u00fccker, in der 35. Minute ging nach eiem Doppelpass mit Gieringer ein Schuss von Wu\u00dfler knapp \u00fcber das Tor. Kurz darauf dann eine M\u00f6glichkeit f\u00fcr Sinzheim, nach einem Solo \u00fcber die linke Seite und Pass in die Mitte schoss Ernst \u00fcber das Oppenauer Tor.<br \/>\nIn der 43. Minute pr\u00fcfte Birnegger aus 12 Metern Poveda, der aber sicher hielt. Insgesamt hatte Oppenau in der ersten H\u00e4lfte mehr Ballbesitz und Spielanteile, Sinzheim kam nur sporadisch zu Angriffen, die Halbzeitf\u00fchrung war verdient.<\/p>\n<p>Nach der Halbzeit ging Sinzheim mit mehr Engagement \u00a0zur Sache. In der 54. Minute ging nach einem Freisto\u00df ein Kopfball von Kolodzick \u00fcber das Oppenauer Tor. In der 59. Minute zeigte Schiedsrichter Fesemeier Sinzheims Birnegger nach wiederholtem Foulspiel die Gelb-Rote Karte. In Unterzahl steigerte sich Sinzheim aber und dr\u00e4ngte auf den Ausgleich. In der 75. Minute hatte Merkel den Ausgleich auf dem Fu\u00df, sein Schuss ging knapp neben den Pfosten. In der 89. Minute fuhr Oppenau \u00fcber Wu\u00dfler und Falk einen Konter, Keeper Hermann konnte aber die Entscheidung noch verhindern. In der Nachspielzeit dann aber das 2:0 f\u00fcr Oppenau. Florian M\u00fcller traf nach Vorlage des eingewechselten Vogt.<\/p>\n<figure id=\"attachment_1935\" aria-describedby=\"caption-attachment-1935\" style=\"width: 350px\" class=\"wp-caption alignnone\"><a href=\"https:\/\/i0.wp.com\/www.tus-oppenau.de\/fussball\/wp-content\/uploads\/2015\/08\/Patrick_Wussler.jpg?ssl=1\" rel=\"attachment wp-att-1935\"><img data-recalc-dims=\"1\" loading=\"lazy\" decoding=\"async\" class=\"wp-image-1935 \" src=\"https:\/\/i0.wp.com\/www.tus-oppenau.de\/fussball\/wp-content\/uploads\/2015\/08\/Patrick_Wussler.jpg?resize=350%2C467&#038;ssl=1\" alt=\"Patrick_Wussler\" width=\"350\" height=\"467\" srcset=\"https:\/\/i0.wp.com\/www.tus-oppenau.de\/fussball\/wp-content\/uploads\/2015\/08\/Patrick_Wussler.jpg?resize=505%2C673&amp;ssl=1 505w, https:\/\/i0.wp.com\/www.tus-oppenau.de\/fussball\/wp-content\/uploads\/2015\/08\/Patrick_Wussler.jpg?resize=300%2C400&amp;ssl=1 300w, https:\/\/i0.wp.com\/www.tus-oppenau.de\/fussball\/wp-content\/uploads\/2015\/08\/Patrick_Wussler.jpg?resize=150%2C200&amp;ssl=1 150w, https:\/\/i0.wp.com\/www.tus-oppenau.de\/fussball\/wp-content\/uploads\/2015\/08\/Patrick_Wussler.jpg?resize=946%2C1260&amp;ssl=1 946w, https:\/\/i0.wp.com\/www.tus-oppenau.de\/fussball\/wp-content\/uploads\/2015\/08\/Patrick_Wussler.jpg?w=1305&amp;ssl=1 1305w\" sizes=\"auto, (max-width: 350px) 100vw, 350px\" \/><\/a><figcaption id=\"caption-attachment-1935\" class=\"wp-caption-text\">Patrick Wu\u00dfler traf in der 13. Minute zum 1:0<\/figcaption><\/figure>\n<figure id=\"attachment_2869\" aria-describedby=\"caption-attachment-2869\" style=\"width: 673px\" class=\"wp-caption alignnone\"><a href=\"https:\/\/i0.wp.com\/www.tus-oppenau.de\/fussball\/wp-content\/uploads\/2016\/04\/pressekon.jpg?ssl=1\" rel=\"attachment wp-att-2869\"><img data-recalc-dims=\"1\" loading=\"lazy\" decoding=\"async\" class=\"wp-image-2869 size-medium\" src=\"https:\/\/i0.wp.com\/www.tus-oppenau.de\/fussball\/wp-content\/uploads\/2016\/04\/pressekon.jpg?resize=474%2C356&#038;ssl=1\" alt=\"pressekon\" width=\"474\" height=\"356\" srcset=\"https:\/\/i0.wp.com\/www.tus-oppenau.de\/fussball\/wp-content\/uploads\/2016\/04\/pressekon.jpg?resize=673%2C505&amp;ssl=1 673w, https:\/\/i0.wp.com\/www.tus-oppenau.de\/fussball\/wp-content\/uploads\/2016\/04\/pressekon.jpg?resize=300%2C225&amp;ssl=1 300w, https:\/\/i0.wp.com\/www.tus-oppenau.de\/fussball\/wp-content\/uploads\/2016\/04\/pressekon.jpg?resize=150%2C113&amp;ssl=1 150w, https:\/\/i0.wp.com\/www.tus-oppenau.de\/fussball\/wp-content\/uploads\/2016\/04\/pressekon.jpg?resize=768%2C576&amp;ssl=1 768w, https:\/\/i0.wp.com\/www.tus-oppenau.de\/fussball\/wp-content\/uploads\/2016\/04\/pressekon.jpg?resize=1260%2C945&amp;ssl=1 1260w, https:\/\/i0.wp.com\/www.tus-oppenau.de\/fussball\/wp-content\/uploads\/2016\/04\/pressekon.jpg?w=1600&amp;ssl=1 1600w, https:\/\/i0.wp.com\/www.tus-oppenau.de\/fussball\/wp-content\/uploads\/2016\/04\/pressekon.jpg?w=948&amp;ssl=1 948w, https:\/\/i0.wp.com\/www.tus-oppenau.de\/fussball\/wp-content\/uploads\/2016\/04\/pressekon.jpg?w=1422&amp;ssl=1 1422w\" sizes=\"auto, (max-width: 474px) 100vw, 474px\" \/><\/a><figcaption id=\"caption-attachment-2869\" class=\"wp-caption-text\">Davor Sikanja bei der Pressekonferenz<\/figcaption><\/figure>\n<p><a href=\"https:\/\/i0.wp.com\/www.tus-oppenau.de\/fussball\/wp-content\/uploads\/2016\/04\/sinz.jpg?ssl=1\" rel=\"attachment wp-att-2870\"><img data-recalc-dims=\"1\" loading=\"lazy\" decoding=\"async\" class=\"alignnone size-medium wp-image-2870\" src=\"https:\/\/i0.wp.com\/www.tus-oppenau.de\/fussball\/wp-content\/uploads\/2016\/04\/sinz.jpg?resize=474%2C233&#038;ssl=1\" alt=\"sinz\" width=\"474\" height=\"233\" srcset=\"https:\/\/i0.wp.com\/www.tus-oppenau.de\/fussball\/wp-content\/uploads\/2016\/04\/sinz.jpg?resize=673%2C331&amp;ssl=1 673w, https:\/\/i0.wp.com\/www.tus-oppenau.de\/fussball\/wp-content\/uploads\/2016\/04\/sinz.jpg?resize=300%2C147&amp;ssl=1 300w, https:\/\/i0.wp.com\/www.tus-oppenau.de\/fussball\/wp-content\/uploads\/2016\/04\/sinz.jpg?resize=150%2C74&amp;ssl=1 150w, https:\/\/i0.wp.com\/www.tus-oppenau.de\/fussball\/wp-content\/uploads\/2016\/04\/sinz.jpg?resize=768%2C377&amp;ssl=1 768w, https:\/\/i0.wp.com\/www.tus-oppenau.de\/fussball\/wp-content\/uploads\/2016\/04\/sinz.jpg?resize=1260%2C619&amp;ssl=1 1260w, https:\/\/i0.wp.com\/www.tus-oppenau.de\/fussball\/wp-content\/uploads\/2016\/04\/sinz.jpg?w=1286&amp;ssl=1 1286w, https:\/\/i0.wp.com\/www.tus-oppenau.de\/fussball\/wp-content\/uploads\/2016\/04\/sinz.jpg?w=948&amp;ssl=1 948w\" sizes=\"auto, (max-width: 474px) 100vw, 474px\" \/><\/a><\/p>\n<p><a href=\"https:\/\/i0.wp.com\/www.tus-oppenau.de\/fussball\/wp-content\/uploads\/2016\/04\/sinzheim.jpg?ssl=1\" rel=\"attachment wp-att-2871\"><img data-recalc-dims=\"1\" loading=\"lazy\" decoding=\"async\" class=\"alignnone size-medium wp-image-2871\" src=\"https:\/\/i0.wp.com\/www.tus-oppenau.de\/fussball\/wp-content\/uploads\/2016\/04\/sinzheim.jpg?resize=474%2C390&#038;ssl=1\" alt=\"sinzheim\" width=\"474\" height=\"390\" srcset=\"https:\/\/i0.wp.com\/www.tus-oppenau.de\/fussball\/wp-content\/uploads\/2016\/04\/sinzheim.jpg?resize=673%2C554&amp;ssl=1 673w, https:\/\/i0.wp.com\/www.tus-oppenau.de\/fussball\/wp-content\/uploads\/2016\/04\/sinzheim.jpg?resize=300%2C247&amp;ssl=1 300w, https:\/\/i0.wp.com\/www.tus-oppenau.de\/fussball\/wp-content\/uploads\/2016\/04\/sinzheim.jpg?resize=150%2C124&amp;ssl=1 150w, https:\/\/i0.wp.com\/www.tus-oppenau.de\/fussball\/wp-content\/uploads\/2016\/04\/sinzheim.jpg?w=742&amp;ssl=1 742w\" sizes=\"auto, (max-width: 474px) 100vw, 474px\" \/><\/a><\/p>\n","protected":false},"excerpt":{"rendered":"<p>Oppenau war sofort hellwach und ging engagiert in die Partie. In der 12. Minute hatte Wu\u00dfler nach Flanke von Spiegel die erste M\u00f6glichkeit. In der 13. Minute dann die fr\u00fche F\u00fchrung f\u00fcr den TuS. Erneut war Wu\u00dfler zur Stelle, nach einem langen Ball \u00fcber die linke Seite schlenzte er den Ball sehenswert in das rechte &hellip; <a href=\"https:\/\/www.tus-oppenau.de\/fussball\/2016\/04\/erste-mannschaft-holt-auswaertssieg-in-sinzheim\/\" class=\"more-link\"><span class=\"screen-reader-text\">Erste Mannschaft holt Ausw\u00e4rtssieg in Sinzheim<\/span> weiterlesen <span class=\"meta-nav\">&rarr;<\/span><\/a><\/p>\n","protected":false},"author":93,"featured_media":2870,"comment_status":"closed","ping_status":"open","sticky":false,"template":"","format":"standard","meta":{"_jetpack_memberships_contains_paid_content":false,"footnotes":"","jetpack_publicize_message":"","jetpack_publicize_feature_enabled":true,"jetpack_social_post_already_shared":true,"jetpack_social_options":{"image_generator_settings":{"template":"highway","default_image_id":0,"font":"","enabled":false},"version":2}},"categories":[247],"tags":[],"class_list":["post-2868","post","type-post","status-publish","format-standard","has-post-thumbnail","hentry","category-1-mannschaft"],"jetpack_publicize_connections":[],"jetpack_featured_media_url":"https:\/\/i0.wp.com\/www.tus-oppenau.de\/fussball\/wp-content\/uploads\/2016\/04\/sinz.jpg?fit=1286%2C632&ssl=1","jetpack_sharing_enabled":true,"jetpack_likes_enabled":true,"_links":{"self":[{"href":"https:\/\/www.tus-oppenau.de\/fussball\/wp-json\/wp\/v2\/posts\/2868","targetHints":{"allow":["GET"]}}],"collection":[{"href":"https:\/\/www.tus-oppenau.de\/fussball\/wp-json\/wp\/v2\/posts"}],"about":[{"href":"https:\/\/www.tus-oppenau.de\/fussball\/wp-json\/wp\/v2\/types\/post"}],"author":[{"embeddable":true,"href":"https:\/\/www.tus-oppenau.de\/fussball\/wp-json\/wp\/v2\/users\/93"}],"replies":[{"embeddable":true,"href":"https:\/\/www.tus-oppenau.de\/fussball\/wp-json\/wp\/v2\/comments?post=2868"}],"version-history":[{"count":2,"href":"https:\/\/www.tus-oppenau.de\/fussball\/wp-json\/wp\/v2\/posts\/2868\/revisions"}],"predecessor-version":[{"id":2874,"href":"https:\/\/www.tus-oppenau.de\/fussball\/wp-json\/wp\/v2\/posts\/2868\/revisions\/2874"}],"wp:featuredmedia":[{"embeddable":true,"href":"https:\/\/www.tus-oppenau.de\/fussball\/wp-json\/wp\/v2\/media\/2870"}],"wp:attachment":[{"href":"https:\/\/www.tus-oppenau.de\/fussball\/wp-json\/wp\/v2\/media?parent=2868"}],"wp:term":[{"taxonomy":"category","embeddable":true,"href":"https:\/\/www.tus-oppenau.de\/fussball\/wp-json\/wp\/v2\/categories?post=2868"},{"taxonomy":"post_tag","embeddable":true,"href":"https:\/\/www.tus-oppenau.de\/fussball\/wp-json\/wp\/v2\/tags?post=2868"}],"curies":[{"name":"wp","href":"https:\/\/api.w.org\/{rel}","templated":true}]}}