{"id":3091,"date":"2016-06-24T08:54:07","date_gmt":"2016-06-24T06:54:07","guid":{"rendered":"http:\/\/www.tus-oppenau.de\/fussball\/?p=3091"},"modified":"2016-07-29T06:13:30","modified_gmt":"2016-07-29T04:13:30","slug":"sportfest-2016-familentag","status":"publish","type":"post","link":"https:\/\/www.tus-oppenau.de\/fussball\/2016\/06\/sportfest-2016-familentag\/","title":{"rendered":"Sportfest 2016: Familientag"},"content":{"rendered":"<p>Am Sonntag stand von 10:00 \u2013 18:00 h der Familientag auf dem Programm des Sportfestes. 28 Mannschaften der Bambini-, F-, und E-Jugend zeigten ihr K\u00f6nnen und hatten viel Spa\u00df. Zus\u00e4tzlich wurde im Rahmenprogramm Torwandschie\u00dfen und Basteln angeboten.<\/p>\n<p><img data-recalc-dims=\"1\" loading=\"lazy\" decoding=\"async\" class=\"alignnone size-medium wp-image-3101\" src=\"https:\/\/i0.wp.com\/www.tus-oppenau.de\/fussball\/wp-content\/uploads\/2016\/06\/Hodapp_Baelle.jpg?resize=474%2C316&#038;ssl=1\" alt=\"Hodapp_Baelle\" width=\"474\" height=\"316\" srcset=\"https:\/\/i0.wp.com\/www.tus-oppenau.de\/fussball\/wp-content\/uploads\/2016\/06\/Hodapp_Baelle.jpg?resize=673%2C449&amp;ssl=1 673w, https:\/\/i0.wp.com\/www.tus-oppenau.de\/fussball\/wp-content\/uploads\/2016\/06\/Hodapp_Baelle.jpg?resize=300%2C200&amp;ssl=1 300w, https:\/\/i0.wp.com\/www.tus-oppenau.de\/fussball\/wp-content\/uploads\/2016\/06\/Hodapp_Baelle.jpg?resize=150%2C100&amp;ssl=1 150w, https:\/\/i0.wp.com\/www.tus-oppenau.de\/fussball\/wp-content\/uploads\/2016\/06\/Hodapp_Baelle.jpg?resize=768%2C512&amp;ssl=1 768w, https:\/\/i0.wp.com\/www.tus-oppenau.de\/fussball\/wp-content\/uploads\/2016\/06\/Hodapp_Baelle.jpg?resize=1260%2C840&amp;ssl=1 1260w, https:\/\/i0.wp.com\/www.tus-oppenau.de\/fussball\/wp-content\/uploads\/2016\/06\/Hodapp_Baelle.jpg?w=2000&amp;ssl=1 2000w, https:\/\/i0.wp.com\/www.tus-oppenau.de\/fussball\/wp-content\/uploads\/2016\/06\/Hodapp_Baelle.jpg?w=948&amp;ssl=1 948w, https:\/\/i0.wp.com\/www.tus-oppenau.de\/fussball\/wp-content\/uploads\/2016\/06\/Hodapp_Baelle.jpg?w=1422&amp;ssl=1 1422w\" sizes=\"auto, (max-width: 474px) 100vw, 474px\" \/><br \/>\n<a href=\"http:\/\/www.hodapp-schuhe.de\/\" target=\"_blank\">Hodapp, Orthop\u00e4die Schuhe Sport<\/a> unterst\u00fctzte auch in diesem Jahr wieder den Familientag des TuS\u00a0mit &#8222;Deutschlandb\u00e4llen&#8220; die bei den Kindern hei\u00df begehrt waren.<\/p>\n<div id='gallery-1' class='gallery galleryid-3091 gallery-columns-3 gallery-size-thumbnail'><figure class='gallery-item'>\n\t\t\t<div class='gallery-icon landscape'>\n\t\t\t\t<a href='https:\/\/www.tus-oppenau.de\/fussball\/2016\/06\/sportfest-2016-familentag\/bambinie\/'><img loading=\"lazy\" decoding=\"async\" width=\"150\" height=\"60\" src=\"https:\/\/i0.wp.com\/www.tus-oppenau.de\/fussball\/wp-content\/uploads\/2016\/06\/bambinie.jpg?fit=150%2C60&amp;ssl=1\" class=\"attachment-thumbnail size-thumbnail\" alt=\"\" aria-describedby=\"gallery-1-3097\" srcset=\"https:\/\/i0.wp.com\/www.tus-oppenau.de\/fussball\/wp-content\/uploads\/2016\/06\/bambinie.jpg?w=2000&amp;ssl=1 2000w, https:\/\/i0.wp.com\/www.tus-oppenau.de\/fussball\/wp-content\/uploads\/2016\/06\/bambinie.jpg?resize=300%2C121&amp;ssl=1 300w, https:\/\/i0.wp.com\/www.tus-oppenau.de\/fussball\/wp-content\/uploads\/2016\/06\/bambinie.jpg?resize=150%2C60&amp;ssl=1 150w, https:\/\/i0.wp.com\/www.tus-oppenau.de\/fussball\/wp-content\/uploads\/2016\/06\/bambinie.jpg?resize=673%2C271&amp;ssl=1 673w, https:\/\/i0.wp.com\/www.tus-oppenau.de\/fussball\/wp-content\/uploads\/2016\/06\/bambinie.jpg?resize=768%2C309&amp;ssl=1 768w, https:\/\/i0.wp.com\/www.tus-oppenau.de\/fussball\/wp-content\/uploads\/2016\/06\/bambinie.jpg?resize=1260%2C507&amp;ssl=1 1260w, https:\/\/i0.wp.com\/www.tus-oppenau.de\/fussball\/wp-content\/uploads\/2016\/06\/bambinie.jpg?w=948&amp;ssl=1 948w, https:\/\/i0.wp.com\/www.tus-oppenau.de\/fussball\/wp-content\/uploads\/2016\/06\/bambinie.jpg?w=1422&amp;ssl=1 1422w\" sizes=\"auto, (max-width: 150px) 100vw, 150px\" \/><\/a>\n\t\t\t<\/div>\n\t\t\t\t<figcaption class='wp-caption-text gallery-caption' id='gallery-1-3097'>\n\t\t\t\tDie Bambinis nach der Siegerehrung\n\t\t\t\t<\/figcaption><\/figure><figure class='gallery-item'>\n\t\t\t<div class='gallery-icon landscape'>\n\t\t\t\t<a href='https:\/\/www.tus-oppenau.de\/fussball\/2016\/06\/sportfest-2016-familentag\/e-jugend-2\/'><img loading=\"lazy\" decoding=\"async\" width=\"150\" height=\"80\" src=\"https:\/\/i0.wp.com\/www.tus-oppenau.de\/fussball\/wp-content\/uploads\/2016\/06\/e-jugend-e1475088372531.jpg?fit=150%2C80&amp;ssl=1\" class=\"attachment-thumbnail size-thumbnail\" alt=\"\" aria-describedby=\"gallery-1-3099\" srcset=\"https:\/\/i0.wp.com\/www.tus-oppenau.de\/fussball\/wp-content\/uploads\/2016\/06\/e-jugend-e1475088372531.jpg?w=1200&amp;ssl=1 1200w, https:\/\/i0.wp.com\/www.tus-oppenau.de\/fussball\/wp-content\/uploads\/2016\/06\/e-jugend-e1475088372531.jpg?resize=300%2C160&amp;ssl=1 300w, https:\/\/i0.wp.com\/www.tus-oppenau.de\/fussball\/wp-content\/uploads\/2016\/06\/e-jugend-e1475088372531.jpg?w=948&amp;ssl=1 948w\" sizes=\"auto, (max-width: 150px) 100vw, 150px\" \/><\/a>\n\t\t\t<\/div>\n\t\t\t\t<figcaption class='wp-caption-text gallery-caption' id='gallery-1-3099'>\n\t\t\t\tDie TuS E-Jugend gewann das Turnier\n\t\t\t\t<\/figcaption><\/figure><figure class='gallery-item'>\n\t\t\t<div class='gallery-icon landscape'>\n\t\t\t\t<a href='https:\/\/www.tus-oppenau.de\/fussball\/2016\/06\/sportfest-2016-familentag\/basteln\/'><img loading=\"lazy\" decoding=\"async\" width=\"150\" height=\"110\" src=\"https:\/\/i0.wp.com\/www.tus-oppenau.de\/fussball\/wp-content\/uploads\/2016\/06\/basteln.jpg?fit=150%2C110&amp;ssl=1\" class=\"attachment-thumbnail size-thumbnail\" alt=\"\" aria-describedby=\"gallery-1-3098\" srcset=\"https:\/\/i0.wp.com\/www.tus-oppenau.de\/fussball\/wp-content\/uploads\/2016\/06\/basteln.jpg?w=2000&amp;ssl=1 2000w, https:\/\/i0.wp.com\/www.tus-oppenau.de\/fussball\/wp-content\/uploads\/2016\/06\/basteln.jpg?resize=300%2C219&amp;ssl=1 300w, https:\/\/i0.wp.com\/www.tus-oppenau.de\/fussball\/wp-content\/uploads\/2016\/06\/basteln.jpg?resize=150%2C110&amp;ssl=1 150w, https:\/\/i0.wp.com\/www.tus-oppenau.de\/fussball\/wp-content\/uploads\/2016\/06\/basteln.jpg?resize=673%2C492&amp;ssl=1 673w, https:\/\/i0.wp.com\/www.tus-oppenau.de\/fussball\/wp-content\/uploads\/2016\/06\/basteln.jpg?resize=768%2C562&amp;ssl=1 768w, https:\/\/i0.wp.com\/www.tus-oppenau.de\/fussball\/wp-content\/uploads\/2016\/06\/basteln.jpg?resize=1260%2C922&amp;ssl=1 1260w, https:\/\/i0.wp.com\/www.tus-oppenau.de\/fussball\/wp-content\/uploads\/2016\/06\/basteln.jpg?w=948&amp;ssl=1 948w, https:\/\/i0.wp.com\/www.tus-oppenau.de\/fussball\/wp-content\/uploads\/2016\/06\/basteln.jpg?w=1422&amp;ssl=1 1422w\" sizes=\"auto, (max-width: 150px) 100vw, 150px\" \/><\/a>\n\t\t\t<\/div>\n\t\t\t\t<figcaption class='wp-caption-text gallery-caption' id='gallery-1-3098'>\n\t\t\t\tDie Bastelecke von Sabine Huber war gut besucht\n\t\t\t\t<\/figcaption><\/figure><figure class='gallery-item'>\n\t\t\t<div class='gallery-icon landscape'>\n\t\t\t\t<a href='https:\/\/www.tus-oppenau.de\/fussball\/2016\/06\/sportfest-2016-familentag\/20160615_205744\/'><img loading=\"lazy\" decoding=\"async\" width=\"150\" height=\"92\" src=\"https:\/\/i0.wp.com\/www.tus-oppenau.de\/fussball\/wp-content\/uploads\/2016\/06\/20160615_205744.jpg?fit=150%2C92&amp;ssl=1\" class=\"attachment-thumbnail size-thumbnail\" alt=\"\" aria-describedby=\"gallery-1-3094\" srcset=\"https:\/\/i0.wp.com\/www.tus-oppenau.de\/fussball\/wp-content\/uploads\/2016\/06\/20160615_205744.jpg?w=1434&amp;ssl=1 1434w, https:\/\/i0.wp.com\/www.tus-oppenau.de\/fussball\/wp-content\/uploads\/2016\/06\/20160615_205744.jpg?resize=300%2C184&amp;ssl=1 300w, https:\/\/i0.wp.com\/www.tus-oppenau.de\/fussball\/wp-content\/uploads\/2016\/06\/20160615_205744.jpg?resize=150%2C92&amp;ssl=1 150w, https:\/\/i0.wp.com\/www.tus-oppenau.de\/fussball\/wp-content\/uploads\/2016\/06\/20160615_205744.jpg?resize=673%2C412&amp;ssl=1 673w, https:\/\/i0.wp.com\/www.tus-oppenau.de\/fussball\/wp-content\/uploads\/2016\/06\/20160615_205744.jpg?resize=768%2C470&amp;ssl=1 768w, https:\/\/i0.wp.com\/www.tus-oppenau.de\/fussball\/wp-content\/uploads\/2016\/06\/20160615_205744.jpg?resize=1260%2C771&amp;ssl=1 1260w, https:\/\/i0.wp.com\/www.tus-oppenau.de\/fussball\/wp-content\/uploads\/2016\/06\/20160615_205744.jpg?w=948&amp;ssl=1 948w\" sizes=\"auto, (max-width: 150px) 100vw, 150px\" \/><\/a>\n\t\t\t<\/div>\n\t\t\t\t<figcaption class='wp-caption-text gallery-caption' id='gallery-1-3094'>\n\t\t\t\tDie Bambinis in Aktion\n\t\t\t\t<\/figcaption><\/figure><figure class='gallery-item'>\n\t\t\t<div class='gallery-icon landscape'>\n\t\t\t\t<a href='https:\/\/www.tus-oppenau.de\/fussball\/2016\/06\/sportfest-2016-familentag\/f-jugend\/'><img loading=\"lazy\" decoding=\"async\" width=\"150\" height=\"98\" src=\"https:\/\/i0.wp.com\/www.tus-oppenau.de\/fussball\/wp-content\/uploads\/2016\/06\/f-jugend.jpg?fit=150%2C98&amp;ssl=1\" class=\"attachment-thumbnail size-thumbnail\" alt=\"\" aria-describedby=\"gallery-1-3100\" srcset=\"https:\/\/i0.wp.com\/www.tus-oppenau.de\/fussball\/wp-content\/uploads\/2016\/06\/f-jugend.jpg?w=2000&amp;ssl=1 2000w, https:\/\/i0.wp.com\/www.tus-oppenau.de\/fussball\/wp-content\/uploads\/2016\/06\/f-jugend.jpg?resize=300%2C196&amp;ssl=1 300w, https:\/\/i0.wp.com\/www.tus-oppenau.de\/fussball\/wp-content\/uploads\/2016\/06\/f-jugend.jpg?resize=150%2C98&amp;ssl=1 150w, https:\/\/i0.wp.com\/www.tus-oppenau.de\/fussball\/wp-content\/uploads\/2016\/06\/f-jugend.jpg?resize=673%2C440&amp;ssl=1 673w, https:\/\/i0.wp.com\/www.tus-oppenau.de\/fussball\/wp-content\/uploads\/2016\/06\/f-jugend.jpg?resize=768%2C502&amp;ssl=1 768w, https:\/\/i0.wp.com\/www.tus-oppenau.de\/fussball\/wp-content\/uploads\/2016\/06\/f-jugend.jpg?resize=1260%2C823&amp;ssl=1 1260w, https:\/\/i0.wp.com\/www.tus-oppenau.de\/fussball\/wp-content\/uploads\/2016\/06\/f-jugend.jpg?w=948&amp;ssl=1 948w, https:\/\/i0.wp.com\/www.tus-oppenau.de\/fussball\/wp-content\/uploads\/2016\/06\/f-jugend.jpg?w=1422&amp;ssl=1 1422w\" sizes=\"auto, (max-width: 150px) 100vw, 150px\" \/><\/a>\n\t\t\t<\/div>\n\t\t\t\t<figcaption class='wp-caption-text gallery-caption' id='gallery-1-3100'>\n\t\t\t\tDie F-Jugend in Aktion\n\t\t\t\t<\/figcaption><\/figure><figure class='gallery-item'>\n\t\t\t<div class='gallery-icon landscape'>\n\t\t\t\t<a href='https:\/\/www.tus-oppenau.de\/fussball\/2016\/06\/sportfest-2016-familentag\/20160615_210103\/'><img loading=\"lazy\" decoding=\"async\" width=\"150\" height=\"127\" src=\"https:\/\/i0.wp.com\/www.tus-oppenau.de\/fussball\/wp-content\/uploads\/2016\/06\/20160615_210103.jpg?fit=150%2C127&amp;ssl=1\" class=\"attachment-thumbnail size-thumbnail\" alt=\"\" aria-describedby=\"gallery-1-3096\" srcset=\"https:\/\/i0.wp.com\/www.tus-oppenau.de\/fussball\/wp-content\/uploads\/2016\/06\/20160615_210103.jpg?w=1667&amp;ssl=1 1667w, https:\/\/i0.wp.com\/www.tus-oppenau.de\/fussball\/wp-content\/uploads\/2016\/06\/20160615_210103.jpg?resize=300%2C254&amp;ssl=1 300w, https:\/\/i0.wp.com\/www.tus-oppenau.de\/fussball\/wp-content\/uploads\/2016\/06\/20160615_210103.jpg?resize=150%2C127&amp;ssl=1 150w, https:\/\/i0.wp.com\/www.tus-oppenau.de\/fussball\/wp-content\/uploads\/2016\/06\/20160615_210103.jpg?resize=673%2C569&amp;ssl=1 673w, https:\/\/i0.wp.com\/www.tus-oppenau.de\/fussball\/wp-content\/uploads\/2016\/06\/20160615_210103.jpg?resize=768%2C649&amp;ssl=1 768w, https:\/\/i0.wp.com\/www.tus-oppenau.de\/fussball\/wp-content\/uploads\/2016\/06\/20160615_210103.jpg?resize=1260%2C1065&amp;ssl=1 1260w, https:\/\/i0.wp.com\/www.tus-oppenau.de\/fussball\/wp-content\/uploads\/2016\/06\/20160615_210103.jpg?w=948&amp;ssl=1 948w, https:\/\/i0.wp.com\/www.tus-oppenau.de\/fussball\/wp-content\/uploads\/2016\/06\/20160615_210103.jpg?w=1422&amp;ssl=1 1422w\" sizes=\"auto, (max-width: 150px) 100vw, 150px\" \/><\/a>\n\t\t\t<\/div>\n\t\t\t\t<figcaption class='wp-caption-text gallery-caption' id='gallery-1-3096'>\n\t\t\t\tDie E-Jugend in Aktion\n\t\t\t\t<\/figcaption><\/figure><figure class='gallery-item'>\n\t\t\t<div class='gallery-icon landscape'>\n\t\t\t\t<a href='https:\/\/www.tus-oppenau.de\/fussball\/2016\/06\/sportfest-2016-familentag\/20160615_205627\/'><img loading=\"lazy\" decoding=\"async\" width=\"150\" height=\"91\" src=\"https:\/\/i0.wp.com\/www.tus-oppenau.de\/fussball\/wp-content\/uploads\/2016\/06\/20160615_205627.jpg?fit=150%2C91&amp;ssl=1\" class=\"attachment-thumbnail size-thumbnail\" alt=\"\" aria-describedby=\"gallery-1-3093\" srcset=\"https:\/\/i0.wp.com\/www.tus-oppenau.de\/fussball\/wp-content\/uploads\/2016\/06\/20160615_205627.jpg?w=2000&amp;ssl=1 2000w, https:\/\/i0.wp.com\/www.tus-oppenau.de\/fussball\/wp-content\/uploads\/2016\/06\/20160615_205627.jpg?resize=300%2C181&amp;ssl=1 300w, https:\/\/i0.wp.com\/www.tus-oppenau.de\/fussball\/wp-content\/uploads\/2016\/06\/20160615_205627.jpg?resize=150%2C91&amp;ssl=1 150w, https:\/\/i0.wp.com\/www.tus-oppenau.de\/fussball\/wp-content\/uploads\/2016\/06\/20160615_205627.jpg?resize=673%2C407&amp;ssl=1 673w, https:\/\/i0.wp.com\/www.tus-oppenau.de\/fussball\/wp-content\/uploads\/2016\/06\/20160615_205627.jpg?resize=768%2C464&amp;ssl=1 768w, https:\/\/i0.wp.com\/www.tus-oppenau.de\/fussball\/wp-content\/uploads\/2016\/06\/20160615_205627.jpg?resize=1260%2C762&amp;ssl=1 1260w, https:\/\/i0.wp.com\/www.tus-oppenau.de\/fussball\/wp-content\/uploads\/2016\/06\/20160615_205627.jpg?w=948&amp;ssl=1 948w, https:\/\/i0.wp.com\/www.tus-oppenau.de\/fussball\/wp-content\/uploads\/2016\/06\/20160615_205627.jpg?w=1422&amp;ssl=1 1422w\" sizes=\"auto, (max-width: 150px) 100vw, 150px\" \/><\/a>\n\t\t\t<\/div>\n\t\t\t\t<figcaption class='wp-caption-text gallery-caption' id='gallery-1-3093'>\n\t\t\t\tAuch die Eltern pr\u00fcften ihr K\u00f6nnen an der Torwand\n\t\t\t\t<\/figcaption><\/figure><figure class='gallery-item'>\n\t\t\t<div class='gallery-icon landscape'>\n\t\t\t\t<a href='https:\/\/www.tus-oppenau.de\/fussball\/2016\/06\/sportfest-2016-familentag\/20160615_205844\/'><img loading=\"lazy\" decoding=\"async\" width=\"150\" height=\"75\" src=\"https:\/\/i0.wp.com\/www.tus-oppenau.de\/fussball\/wp-content\/uploads\/2016\/06\/20160615_205844.jpg?fit=150%2C75&amp;ssl=1\" class=\"attachment-thumbnail size-thumbnail\" alt=\"\" aria-describedby=\"gallery-1-3095\" srcset=\"https:\/\/i0.wp.com\/www.tus-oppenau.de\/fussball\/wp-content\/uploads\/2016\/06\/20160615_205844.jpg?w=2000&amp;ssl=1 2000w, https:\/\/i0.wp.com\/www.tus-oppenau.de\/fussball\/wp-content\/uploads\/2016\/06\/20160615_205844.jpg?resize=300%2C149&amp;ssl=1 300w, https:\/\/i0.wp.com\/www.tus-oppenau.de\/fussball\/wp-content\/uploads\/2016\/06\/20160615_205844.jpg?resize=150%2C75&amp;ssl=1 150w, https:\/\/i0.wp.com\/www.tus-oppenau.de\/fussball\/wp-content\/uploads\/2016\/06\/20160615_205844.jpg?resize=673%2C335&amp;ssl=1 673w, https:\/\/i0.wp.com\/www.tus-oppenau.de\/fussball\/wp-content\/uploads\/2016\/06\/20160615_205844.jpg?resize=768%2C382&amp;ssl=1 768w, https:\/\/i0.wp.com\/www.tus-oppenau.de\/fussball\/wp-content\/uploads\/2016\/06\/20160615_205844.jpg?resize=1260%2C627&amp;ssl=1 1260w, https:\/\/i0.wp.com\/www.tus-oppenau.de\/fussball\/wp-content\/uploads\/2016\/06\/20160615_205844.jpg?w=948&amp;ssl=1 948w, https:\/\/i0.wp.com\/www.tus-oppenau.de\/fussball\/wp-content\/uploads\/2016\/06\/20160615_205844.jpg?w=1422&amp;ssl=1 1422w\" sizes=\"auto, (max-width: 150px) 100vw, 150px\" \/><\/a>\n\t\t\t<\/div>\n\t\t\t\t<figcaption class='wp-caption-text gallery-caption' id='gallery-1-3095'>\n\t\t\t\tAuch bei Regen wurde geschossen\n\t\t\t\t<\/figcaption><\/figure><figure class='gallery-item'>\n\t\t\t<div class='gallery-icon landscape'>\n\t\t\t\t<a href='https:\/\/www.tus-oppenau.de\/fussball\/2016\/06\/sportfest-2016-familentag\/20160612_181930\/'><img loading=\"lazy\" decoding=\"async\" width=\"150\" height=\"113\" src=\"https:\/\/i0.wp.com\/www.tus-oppenau.de\/fussball\/wp-content\/uploads\/2016\/06\/20160612_181930.jpg?fit=150%2C113&amp;ssl=1\" class=\"attachment-thumbnail size-thumbnail\" alt=\"\" srcset=\"https:\/\/i0.wp.com\/www.tus-oppenau.de\/fussball\/wp-content\/uploads\/2016\/06\/20160612_181930.jpg?w=1200&amp;ssl=1 1200w, https:\/\/i0.wp.com\/www.tus-oppenau.de\/fussball\/wp-content\/uploads\/2016\/06\/20160612_181930.jpg?resize=300%2C225&amp;ssl=1 300w, https:\/\/i0.wp.com\/www.tus-oppenau.de\/fussball\/wp-content\/uploads\/2016\/06\/20160612_181930.jpg?resize=150%2C113&amp;ssl=1 150w, https:\/\/i0.wp.com\/www.tus-oppenau.de\/fussball\/wp-content\/uploads\/2016\/06\/20160612_181930.jpg?resize=673%2C505&amp;ssl=1 673w, https:\/\/i0.wp.com\/www.tus-oppenau.de\/fussball\/wp-content\/uploads\/2016\/06\/20160612_181930.jpg?resize=768%2C576&amp;ssl=1 768w, https:\/\/i0.wp.com\/www.tus-oppenau.de\/fussball\/wp-content\/uploads\/2016\/06\/20160612_181930.jpg?w=948&amp;ssl=1 948w\" sizes=\"auto, (max-width: 150px) 100vw, 150px\" \/><\/a>\n\t\t\t<\/div><\/figure>\n\t\t<\/div>\n\n","protected":false},"excerpt":{"rendered":"<p>Am Sonntag stand von 10:00 \u2013 18:00 h der Familientag auf dem Programm des Sportfestes. 28 Mannschaften der Bambini-, F-, und E-Jugend zeigten ihr K\u00f6nnen und hatten viel Spa\u00df. Zus\u00e4tzlich wurde im Rahmenprogramm Torwandschie\u00dfen und Basteln angeboten. Hodapp, Orthop\u00e4die Schuhe Sport unterst\u00fctzte auch in diesem Jahr wieder den Familientag des TuS\u00a0mit &#8222;Deutschlandb\u00e4llen&#8220; die bei den &hellip; <a href=\"https:\/\/www.tus-oppenau.de\/fussball\/2016\/06\/sportfest-2016-familentag\/\" class=\"more-link\"><span class=\"screen-reader-text\">Sportfest 2016: Familientag<\/span> weiterlesen <span class=\"meta-nav\">&rarr;<\/span><\/a><\/p>\n","protected":false},"author":93,"featured_media":3097,"comment_status":"closed","ping_status":"open","sticky":false,"template":"","format":"gallery","meta":{"_jetpack_memberships_contains_paid_content":false,"footnotes":"","jetpack_publicize_message":"","jetpack_publicize_feature_enabled":true,"jetpack_social_post_already_shared":true,"jetpack_social_options":{"image_generator_settings":{"template":"highway","default_image_id":0,"font":"","enabled":false},"version":2}},"categories":[250],"tags":[],"class_list":["post-3091","post","type-post","status-publish","format-gallery","has-post-thumbnail","hentry","category-veranstaltungen","post_format-post-format-gallery"],"jetpack_publicize_connections":[],"jetpack_featured_media_url":"https:\/\/i0.wp.com\/www.tus-oppenau.de\/fussball\/wp-content\/uploads\/2016\/06\/bambinie.jpg?fit=2000%2C804&ssl=1","jetpack_sharing_enabled":true,"jetpack_likes_enabled":true,"_links":{"self":[{"href":"https:\/\/www.tus-oppenau.de\/fussball\/wp-json\/wp\/v2\/posts\/3091","targetHints":{"allow":["GET"]}}],"collection":[{"href":"https:\/\/www.tus-oppenau.de\/fussball\/wp-json\/wp\/v2\/posts"}],"about":[{"href":"https:\/\/www.tus-oppenau.de\/fussball\/wp-json\/wp\/v2\/types\/post"}],"author":[{"embeddable":true,"href":"https:\/\/www.tus-oppenau.de\/fussball\/wp-json\/wp\/v2\/users\/93"}],"replies":[{"embeddable":true,"href":"https:\/\/www.tus-oppenau.de\/fussball\/wp-json\/wp\/v2\/comments?post=3091"}],"version-history":[{"count":3,"href":"https:\/\/www.tus-oppenau.de\/fussball\/wp-json\/wp\/v2\/posts\/3091\/revisions"}],"predecessor-version":[{"id":3104,"href":"https:\/\/www.tus-oppenau.de\/fussball\/wp-json\/wp\/v2\/posts\/3091\/revisions\/3104"}],"wp:featuredmedia":[{"embeddable":true,"href":"https:\/\/www.tus-oppenau.de\/fussball\/wp-json\/wp\/v2\/media\/3097"}],"wp:attachment":[{"href":"https:\/\/www.tus-oppenau.de\/fussball\/wp-json\/wp\/v2\/media?parent=3091"}],"wp:term":[{"taxonomy":"category","embeddable":true,"href":"https:\/\/www.tus-oppenau.de\/fussball\/wp-json\/wp\/v2\/categories?post=3091"},{"taxonomy":"post_tag","embeddable":true,"href":"https:\/\/www.tus-oppenau.de\/fussball\/wp-json\/wp\/v2\/tags?post=3091"}],"curies":[{"name":"wp","href":"https:\/\/api.w.org\/{rel}","templated":true}]}}