{"id":3161,"date":"2016-07-25T10:18:07","date_gmt":"2016-07-25T08:18:07","guid":{"rendered":"http:\/\/www.tus-oppenau.de\/fussball\/?p=3161"},"modified":"2016-07-25T10:18:45","modified_gmt":"2016-07-25T08:18:45","slug":"vorbereitungsspiele-pokalspiel-gegen-sc-offenburg","status":"publish","type":"post","link":"https:\/\/www.tus-oppenau.de\/fussball\/2016\/07\/vorbereitungsspiele-pokalspiel-gegen-sc-offenburg\/","title":{"rendered":"Vorbereitungsspiele &#8211; Pokalspiel gegen SC Offenburg"},"content":{"rendered":"<p>Am Sonntag gewann die Erste Mannschaft gegen den FV Rammersweier mit 3:1 (2:0). Die fr\u00fche F\u00fchrung besorgte Florian M\u00fcller in der 5. Minute per Foulelfmeter. \u00a0Nach einer sehenswerten Kombination erh\u00f6hte erneut Florian M\u00fcller in der 38. Minute auf 2:0. In der zweiten H\u00e4lfte hatte der TuS noch zahlreiche weitere M\u00f6glichkeiten. Dominik Huber erh\u00f6hte auf 3:0. In der Schlussminute gelang Rammersweier noch der Anschlusstreffer durch einen direkten Freisto\u00df. Nun steht auch der Gegner f\u00fcr das erste Pflichtspiel der Runde fest. In der ersten Hauptrunde des SBFV Rothhauspokals trifft der TuS am n\u00e4chsten Samstag 17:00 h zu Hause auf den Ligakonkurrenten SC Offenburg. Der SCO gewann in der Qualifikationsrunde gestern gegen den VfR Elgersweier mit 6:1.<\/p>\n<p>Am Mittwoch trifft man in einem weiteren Vorbereitungspsspiel auf den Verbandsligisten SC Lahr. Am Montag den 1.8. spielt der TuS um 19:15 h<strong> in Nussbach<\/strong> gegen den Oberligisten SV Oberachern.<\/p>\n<table class=\"table table-striped table-full-width\">\n<thead>\n<tr class=\"thead\" style=\"height: 18px;\">\n<th style=\"height: 18px;\"><\/th>\n<th style=\"height: 18px;\"><\/th>\n<th style=\"height: 18px;\"><\/th>\n<th style=\"height: 18px;\"><\/th>\n<\/tr>\n<\/thead>\n<tbody>\n<tr class=\"odd row-headline\" style=\"height: 18px;\">\n<td class=\"xinline_matchplantable_6561\" style=\"height: 18px;\" colspan=\"4\"><\/td>\n<\/tr>\n<tr class=\"row-headline\" style=\"height: 18px;\">\n<td class=\"xinline_matchplantable_6561\" style=\"height: 18px;\" colspan=\"4\">Mittwoch, 27.07.2016 &#8211; 19:30 Uhr | Herren | Landesfreundschaftsspiele<\/td>\n<\/tr>\n<tr style=\"height: 62px;\">\n<td class=\"column-club\" style=\"height: 62px;\">\n<div class=\"club-logo xinline_clubwrapper_1531\"><span class=\"ng-scope replaced\" data-responsive-image=\"http:\/\/www.fussball.de\/export.media\/-\/action\/getLogo\/format\/3\/id\/00ES8GN9F000000OVV0AG08LVUPGND5I\"><img decoding=\"async\" src=\"http:\/\/www.fussball.de\/export.media\/-\/action\/getLogo\/format\/3\/id\/00ES8GN9F000000OVV0AG08LVUPGND5I\" \/><\/span><\/div>\n<div class=\"club-name\">TuS Oppenau<\/div>\n<\/td>\n<td class=\"column-score\" style=\"height: 62px;\"><a href=\"http:\/\/www.fussball.de\/spiel\/tus-oppenau-sc-lahr\/-\/spiel\/01SLUREFDK000000VS54898DVV2J9QR4\" target=\"_blank\"><span class=\"score-left results-c-d4zd26ae\" data-obfuscation=\"d4zd26ae\">\ue652<\/span><span class=\"colon\">:<\/span><span class=\"score-right results-c-d4zd26ae\" data-obfuscation=\"d4zd26ae\">\ue684<\/span><\/a><\/td>\n<td class=\"column-club no-border\" style=\"height: 62px;\">\n<div class=\"club-logo xinline_clubwrapper_1531\"><span class=\"ng-scope replaced\" data-responsive-image=\"http:\/\/www.fussball.de\/export.media\/-\/action\/getLogo\/format\/3\/id\/01O09NL7O0000000VV0AG80NVTRP1E2U\"><img decoding=\"async\" src=\"http:\/\/www.fussball.de\/export.media\/-\/action\/getLogo\/format\/3\/id\/01O09NL7O0000000VV0AG80NVTRP1E2U\" \/><\/span><\/div>\n<div class=\"club-name\">SC Lahr<\/div>\n<\/td>\n<td class=\"column-detail\" style=\"height: 62px;\"><\/td>\n<\/tr>\n<tr class=\"odd row-headline\" style=\"height: 18px;\">\n<td class=\"xinline_matchplantable_6561\" style=\"height: 18px;\" colspan=\"4\">Samstag, 30.07.2016 &#8211; 17:00 Uhr | Herren | Verbands-Pokal<\/td>\n<\/tr>\n<tr class=\"odd\" style=\"height: 62px;\">\n<td class=\"column-club\" style=\"height: 62px;\">\n<div class=\"club-logo xinline_clubwrapper_1531\"><span class=\"ng-scope replaced\" data-responsive-image=\"http:\/\/www.fussball.de\/export.media\/-\/action\/getLogo\/format\/3\/id\/00ES8GN9F000000OVV0AG08LVUPGND5I\"><img decoding=\"async\" src=\"http:\/\/www.fussball.de\/export.media\/-\/action\/getLogo\/format\/3\/id\/00ES8GN9F000000OVV0AG08LVUPGND5I\" \/><\/span><\/div>\n<div class=\"club-name\">TuS Oppenau<\/div>\n<\/td>\n<td class=\"column-score\" style=\"height: 62px;\"><a href=\"http:\/\/www.fussball.de\/spiel\/tus-oppenau\/-\/spiel\/01SF8QHRR0000000VS54898DVVGA4426\" target=\"_blank\"><span class=\"score-left results-c-d4zd26ae\" data-obfuscation=\"d4zd26ae\">\ue684<\/span><span class=\"colon\">:<\/span><span class=\"score-right results-c-d4zd26ae\" data-obfuscation=\"d4zd26ae\">\ue654<\/span><\/a><\/td>\n<td class=\"column-club no-border\" style=\"height: 62px;\">\n<div class=\"club-name\">SC Offenburg<\/div>\n<\/td>\n<td class=\"column-detail\" style=\"height: 62px;\"><\/td>\n<\/tr>\n<tr class=\"row-headline\" style=\"height: 18px;\">\n<td class=\"xinline_matchplantable_6561\" style=\"height: 18px;\" colspan=\"4\">Montag, 01.08.2016 &#8211; 19:15 Uhr | Herren | regionale Freundschaftsspiele<\/td>\n<\/tr>\n<tr style=\"height: 62px;\">\n<td class=\"column-club\" style=\"height: 62px;\">\n<div class=\"club-logo xinline_clubwrapper_1531\"><span class=\"ng-scope replaced\" data-responsive-image=\"http:\/\/www.fussball.de\/export.media\/-\/action\/getLogo\/format\/3\/id\/00ES8GN9DO00009SVV0AG08LVUPGND5I\"><img decoding=\"async\" src=\"http:\/\/www.fussball.de\/export.media\/-\/action\/getLogo\/format\/3\/id\/00ES8GN9DO00009SVV0AG08LVUPGND5I\" \/><\/span><\/div>\n<div class=\"club-name\">SV Oberachern<\/div>\n<\/td>\n<td class=\"column-score\" style=\"height: 62px;\"><a href=\"http:\/\/www.fussball.de\/spiel\/sv-oberachern-tus-oppenau\/-\/spiel\/01SPF4UUI4000000VS54898EVU1JFIGL\" target=\"_blank\"><span class=\"score-left results-c-d4zd26ae\" data-obfuscation=\"d4zd26ae\">\ue651<\/span><span class=\"colon\">:<\/span><span class=\"score-right results-c-d4zd26ae\" data-obfuscation=\"d4zd26ae\">\ue6b6<\/span><\/a><\/td>\n<td class=\"column-club no-border\" style=\"height: 62px;\">\n<div class=\"club-logo xinline_clubwrapper_1531\"><span class=\"ng-scope replaced\" data-responsive-image=\"http:\/\/www.fussball.de\/export.media\/-\/action\/getLogo\/format\/3\/id\/00ES8GN9F000000OVV0AG08LVUPGND5I\"><img decoding=\"async\" src=\"http:\/\/www.fussball.de\/export.media\/-\/action\/getLogo\/format\/3\/id\/00ES8GN9F000000OVV0AG08LVUPGND5I\" \/><\/span><\/div>\n<div class=\"club-name\">TuS Oppenau<\/div>\n<\/td>\n<\/tr>\n<\/tbody>\n<\/table>\n","protected":false},"excerpt":{"rendered":"<p>Am Sonntag gewann die Erste Mannschaft gegen den FV Rammersweier mit 3:1 (2:0). Die fr\u00fche F\u00fchrung besorgte Florian M\u00fcller in der 5. Minute per Foulelfmeter. \u00a0Nach einer sehenswerten Kombination erh\u00f6hte erneut Florian M\u00fcller in der 38. Minute auf 2:0. In der zweiten H\u00e4lfte hatte der TuS noch zahlreiche weitere M\u00f6glichkeiten. Dominik Huber erh\u00f6hte auf 3:0. &hellip; <a href=\"https:\/\/www.tus-oppenau.de\/fussball\/2016\/07\/vorbereitungsspiele-pokalspiel-gegen-sc-offenburg\/\" class=\"more-link\"><span class=\"screen-reader-text\">Vorbereitungsspiele &#8211; Pokalspiel gegen SC Offenburg<\/span> weiterlesen <span class=\"meta-nav\">&rarr;<\/span><\/a><\/p>\n","protected":false},"author":93,"featured_media":0,"comment_status":"closed","ping_status":"open","sticky":false,"template":"","format":"standard","meta":{"_jetpack_memberships_contains_paid_content":false,"footnotes":"","jetpack_publicize_message":"","jetpack_publicize_feature_enabled":true,"jetpack_social_post_already_shared":true,"jetpack_social_options":{"image_generator_settings":{"template":"highway","default_image_id":0,"font":"","enabled":false},"version":2}},"categories":[247],"tags":[],"class_list":["post-3161","post","type-post","status-publish","format-standard","hentry","category-1-mannschaft"],"jetpack_publicize_connections":[],"jetpack_featured_media_url":"","jetpack_sharing_enabled":true,"jetpack_likes_enabled":true,"_links":{"self":[{"href":"https:\/\/www.tus-oppenau.de\/fussball\/wp-json\/wp\/v2\/posts\/3161","targetHints":{"allow":["GET"]}}],"collection":[{"href":"https:\/\/www.tus-oppenau.de\/fussball\/wp-json\/wp\/v2\/posts"}],"about":[{"href":"https:\/\/www.tus-oppenau.de\/fussball\/wp-json\/wp\/v2\/types\/post"}],"author":[{"embeddable":true,"href":"https:\/\/www.tus-oppenau.de\/fussball\/wp-json\/wp\/v2\/users\/93"}],"replies":[{"embeddable":true,"href":"https:\/\/www.tus-oppenau.de\/fussball\/wp-json\/wp\/v2\/comments?post=3161"}],"version-history":[{"count":2,"href":"https:\/\/www.tus-oppenau.de\/fussball\/wp-json\/wp\/v2\/posts\/3161\/revisions"}],"predecessor-version":[{"id":3163,"href":"https:\/\/www.tus-oppenau.de\/fussball\/wp-json\/wp\/v2\/posts\/3161\/revisions\/3163"}],"wp:attachment":[{"href":"https:\/\/www.tus-oppenau.de\/fussball\/wp-json\/wp\/v2\/media?parent=3161"}],"wp:term":[{"taxonomy":"category","embeddable":true,"href":"https:\/\/www.tus-oppenau.de\/fussball\/wp-json\/wp\/v2\/categories?post=3161"},{"taxonomy":"post_tag","embeddable":true,"href":"https:\/\/www.tus-oppenau.de\/fussball\/wp-json\/wp\/v2\/tags?post=3161"}],"curies":[{"name":"wp","href":"https:\/\/api.w.org\/{rel}","templated":true}]}}