{"id":3516,"date":"2016-11-01T19:45:05","date_gmt":"2016-11-01T17:45:05","guid":{"rendered":"http:\/\/www.tus-oppenau.de\/fussball\/?p=3516"},"modified":"2016-11-03T12:01:22","modified_gmt":"2016-11-03T10:01:22","slug":"endingen-zieht-ins-viertelfinale-des-verbandspokals-ein","status":"publish","type":"post","link":"https:\/\/www.tus-oppenau.de\/fussball\/2016\/11\/endingen-zieht-ins-viertelfinale-des-verbandspokals-ein\/","title":{"rendered":"Endingen zieht ins Viertelfinale des Verbandspokals ein \u00a0"},"content":{"rendered":"<h6><strong>Der SV Endingen steht dank eines verdienten 3:1 Ausw\u00e4rtssiegs beim TuS Oppenau unter den letzten acht Mannschaften des Verbandspokals. Insbesondere in der ersten Halbzeit war der Verbandsligist b\u00e4renstark und lag bereits mit 2:0 vorne. <\/strong><\/h6>\n<p>Endingen begann das Spiel sofort druckvoll und machte klar das man unbedingt in die n\u00e4chste Pokalrunde einziehen wollte. Oppenau hielt mit einer defensiven Grundordnung dagegen und versuchte sein Gl\u00fcck \u00fcber Konter. In der 11. Minute ging ein erster Schuss von Dell knapp neben das Tor. In der 20. Minute dann die F\u00fchrung f\u00fcr Endingen. Nach einer sehenswerten Kombination \u00fcber die rechte Seite flankte Schwarz punktgenau auf Fischer, der mit einem pr\u00e4zisen Kopfball aus 8 Metern in die lange Ecke traf. Endingen blieb weiterhin am Dr\u00fccker und erh\u00f6hte in der 30. Minute auf 2:0. Nach einem Freisto\u00df von links und einem Abpraller, war Gleichauf am schnellsten zur Stelle und schob den Ball \u00fcberlegt in die lange Ecke. Ab der 35. Minute hatte Oppenau etwas mehr vorm Spiel. Nach einer guten Kombination legte Braun den Ball quer in den Endinger Strafraum, Hermann verpasste nur knapp den Anschlusstreffer. Im direkten Gegenzug zeigte Schiedsrichter Pacher nach Foul im Strafraum auf den Elfmeterpunkt, Pies scheiterte aber an Oppenaus Keeper Poveda.<\/p>\n<p>Zu Beginn der zweiten H\u00e4lfte vergab zun\u00e4chst Endingens Fischer eine gute M\u00f6glichkeit auf 3:0 zu erh\u00f6hen. Im direkten Gegenzug bediente Oppenaus Huber Mischall der mit einem Volleyschuss aus 10 Metern die Unterkante der Latte traf, der Ball sprang hinter der Torlinie auf und somit konnte Oppenau auf 2:1 verk\u00fcrzen. In der 53. Minute musste erneute Poveda gegen Fischer aus kurzer Distanz retten. In der 67. Minute dann die Vorentscheidung f\u00fcr Endingen. Der starke Schwarz lupfte den Ball aus halb rechter Position \u00fcberlegt zum 3:1 ins Oppenauer Tor. Auf der Gegenseite k\u00f6pfte Bruder nach einem Eckball nur knapp \u00fcber das Tor. Oppenau versuchte in der Schlussphase zum Anschlusstreffer zu kommen kam aber zu selten durch die Endinger Abwehr zum Abschluss.<\/p>\n<p><a href=\"https:\/\/i0.wp.com\/www.tus-oppenau.de\/fussball\/wp-content\/uploads\/2016\/11\/endingen.jpg?ssl=1\"><img data-recalc-dims=\"1\" loading=\"lazy\" decoding=\"async\" class=\"alignnone size-medium wp-image-3517\" src=\"https:\/\/i0.wp.com\/www.tus-oppenau.de\/fussball\/wp-content\/uploads\/2016\/11\/endingen.jpg?resize=474%2C409&#038;ssl=1\" alt=\"endingen\" width=\"474\" height=\"409\" srcset=\"https:\/\/i0.wp.com\/www.tus-oppenau.de\/fussball\/wp-content\/uploads\/2016\/11\/endingen.jpg?resize=673%2C581&amp;ssl=1 673w, https:\/\/i0.wp.com\/www.tus-oppenau.de\/fussball\/wp-content\/uploads\/2016\/11\/endingen.jpg?resize=300%2C259&amp;ssl=1 300w, https:\/\/i0.wp.com\/www.tus-oppenau.de\/fussball\/wp-content\/uploads\/2016\/11\/endingen.jpg?resize=150%2C129&amp;ssl=1 150w, https:\/\/i0.wp.com\/www.tus-oppenau.de\/fussball\/wp-content\/uploads\/2016\/11\/endingen.jpg?w=739&amp;ssl=1 739w\" sizes=\"auto, (max-width: 474px) 100vw, 474px\" \/><\/a><\/p>\n<div id='gallery-1' class='gallery galleryid-3516 gallery-columns-3 gallery-size-thumbnail'><figure class='gallery-item'>\n\t\t\t<div class='gallery-icon landscape'>\n\t\t\t\t<a href='https:\/\/www.tus-oppenau.de\/fussball\/2016\/11\/endingen-zieht-ins-viertelfinale-des-verbandspokals-ein\/img_0005\/'><img loading=\"lazy\" decoding=\"async\" width=\"150\" height=\"143\" src=\"https:\/\/i0.wp.com\/www.tus-oppenau.de\/fussball\/wp-content\/uploads\/2016\/11\/IMG_0005.jpg?fit=150%2C143&amp;ssl=1\" class=\"attachment-thumbnail size-thumbnail\" alt=\"\" aria-describedby=\"gallery-1-3520\" srcset=\"https:\/\/i0.wp.com\/www.tus-oppenau.de\/fussball\/wp-content\/uploads\/2016\/11\/IMG_0005.jpg?w=1733&amp;ssl=1 1733w, https:\/\/i0.wp.com\/www.tus-oppenau.de\/fussball\/wp-content\/uploads\/2016\/11\/IMG_0005.jpg?resize=300%2C287&amp;ssl=1 300w, https:\/\/i0.wp.com\/www.tus-oppenau.de\/fussball\/wp-content\/uploads\/2016\/11\/IMG_0005.jpg?resize=150%2C143&amp;ssl=1 150w, https:\/\/i0.wp.com\/www.tus-oppenau.de\/fussball\/wp-content\/uploads\/2016\/11\/IMG_0005.jpg?resize=673%2C643&amp;ssl=1 673w, https:\/\/i0.wp.com\/www.tus-oppenau.de\/fussball\/wp-content\/uploads\/2016\/11\/IMG_0005.jpg?resize=768%2C734&amp;ssl=1 768w, https:\/\/i0.wp.com\/www.tus-oppenau.de\/fussball\/wp-content\/uploads\/2016\/11\/IMG_0005.jpg?resize=1260%2C1204&amp;ssl=1 1260w, https:\/\/i0.wp.com\/www.tus-oppenau.de\/fussball\/wp-content\/uploads\/2016\/11\/IMG_0005.jpg?w=948&amp;ssl=1 948w, https:\/\/i0.wp.com\/www.tus-oppenau.de\/fussball\/wp-content\/uploads\/2016\/11\/IMG_0005.jpg?w=1422&amp;ssl=1 1422w\" sizes=\"auto, (max-width: 150px) 100vw, 150px\" \/><\/a>\n\t\t\t<\/div>\n\t\t\t\t<figcaption class='wp-caption-text gallery-caption' id='gallery-1-3520'>\n\t\t\t\tJose Poveda kl\u00e4rt\n\t\t\t\t<\/figcaption><\/figure><figure class='gallery-item'>\n\t\t\t<div class='gallery-icon landscape'>\n\t\t\t\t<a href='https:\/\/www.tus-oppenau.de\/fussball\/2016\/11\/endingen-zieht-ins-viertelfinale-des-verbandspokals-ein\/img_0011\/'><img loading=\"lazy\" decoding=\"async\" width=\"150\" height=\"108\" src=\"https:\/\/i0.wp.com\/www.tus-oppenau.de\/fussball\/wp-content\/uploads\/2016\/11\/IMG_0011.jpg?fit=150%2C108&amp;ssl=1\" class=\"attachment-thumbnail size-thumbnail\" alt=\"\" aria-describedby=\"gallery-1-3521\" srcset=\"https:\/\/i0.wp.com\/www.tus-oppenau.de\/fussball\/wp-content\/uploads\/2016\/11\/IMG_0011.jpg?w=2000&amp;ssl=1 2000w, https:\/\/i0.wp.com\/www.tus-oppenau.de\/fussball\/wp-content\/uploads\/2016\/11\/IMG_0011.jpg?resize=300%2C215&amp;ssl=1 300w, https:\/\/i0.wp.com\/www.tus-oppenau.de\/fussball\/wp-content\/uploads\/2016\/11\/IMG_0011.jpg?resize=150%2C108&amp;ssl=1 150w, https:\/\/i0.wp.com\/www.tus-oppenau.de\/fussball\/wp-content\/uploads\/2016\/11\/IMG_0011.jpg?resize=673%2C483&amp;ssl=1 673w, https:\/\/i0.wp.com\/www.tus-oppenau.de\/fussball\/wp-content\/uploads\/2016\/11\/IMG_0011.jpg?resize=768%2C551&amp;ssl=1 768w, https:\/\/i0.wp.com\/www.tus-oppenau.de\/fussball\/wp-content\/uploads\/2016\/11\/IMG_0011.jpg?resize=1260%2C904&amp;ssl=1 1260w, https:\/\/i0.wp.com\/www.tus-oppenau.de\/fussball\/wp-content\/uploads\/2016\/11\/IMG_0011.jpg?w=948&amp;ssl=1 948w, https:\/\/i0.wp.com\/www.tus-oppenau.de\/fussball\/wp-content\/uploads\/2016\/11\/IMG_0011.jpg?w=1422&amp;ssl=1 1422w\" sizes=\"auto, (max-width: 150px) 100vw, 150px\" \/><\/a>\n\t\t\t<\/div>\n\t\t\t\t<figcaption class='wp-caption-text gallery-caption' id='gallery-1-3521'>\n\t\t\t\tPatrick M\u00fcller\n\t\t\t\t<\/figcaption><\/figure><figure class='gallery-item'>\n\t\t\t<div class='gallery-icon landscape'>\n\t\t\t\t<a href='https:\/\/www.tus-oppenau.de\/fussball\/2016\/11\/endingen-zieht-ins-viertelfinale-des-verbandspokals-ein\/img_0014\/'><img loading=\"lazy\" decoding=\"async\" width=\"150\" height=\"120\" src=\"https:\/\/i0.wp.com\/www.tus-oppenau.de\/fussball\/wp-content\/uploads\/2016\/11\/IMG_0014.jpg?fit=150%2C120&amp;ssl=1\" class=\"attachment-thumbnail size-thumbnail\" alt=\"\" srcset=\"https:\/\/i0.wp.com\/www.tus-oppenau.de\/fussball\/wp-content\/uploads\/2016\/11\/IMG_0014.jpg?w=2000&amp;ssl=1 2000w, https:\/\/i0.wp.com\/www.tus-oppenau.de\/fussball\/wp-content\/uploads\/2016\/11\/IMG_0014.jpg?resize=300%2C240&amp;ssl=1 300w, https:\/\/i0.wp.com\/www.tus-oppenau.de\/fussball\/wp-content\/uploads\/2016\/11\/IMG_0014.jpg?resize=150%2C120&amp;ssl=1 150w, https:\/\/i0.wp.com\/www.tus-oppenau.de\/fussball\/wp-content\/uploads\/2016\/11\/IMG_0014.jpg?resize=673%2C537&amp;ssl=1 673w, https:\/\/i0.wp.com\/www.tus-oppenau.de\/fussball\/wp-content\/uploads\/2016\/11\/IMG_0014.jpg?resize=768%2C613&amp;ssl=1 768w, https:\/\/i0.wp.com\/www.tus-oppenau.de\/fussball\/wp-content\/uploads\/2016\/11\/IMG_0014.jpg?resize=1260%2C1006&amp;ssl=1 1260w, https:\/\/i0.wp.com\/www.tus-oppenau.de\/fussball\/wp-content\/uploads\/2016\/11\/IMG_0014.jpg?w=948&amp;ssl=1 948w, https:\/\/i0.wp.com\/www.tus-oppenau.de\/fussball\/wp-content\/uploads\/2016\/11\/IMG_0014.jpg?w=1422&amp;ssl=1 1422w\" sizes=\"auto, (max-width: 150px) 100vw, 150px\" \/><\/a>\n\t\t\t<\/div><\/figure><figure class='gallery-item'>\n\t\t\t<div class='gallery-icon landscape'>\n\t\t\t\t<a href='https:\/\/www.tus-oppenau.de\/fussball\/2016\/11\/endingen-zieht-ins-viertelfinale-des-verbandspokals-ein\/img_0024\/'><img loading=\"lazy\" decoding=\"async\" width=\"150\" height=\"39\" src=\"https:\/\/i0.wp.com\/www.tus-oppenau.de\/fussball\/wp-content\/uploads\/2016\/11\/IMG_0024.jpg?fit=150%2C39&amp;ssl=1\" class=\"attachment-thumbnail size-thumbnail\" alt=\"\" srcset=\"https:\/\/i0.wp.com\/www.tus-oppenau.de\/fussball\/wp-content\/uploads\/2016\/11\/IMG_0024.jpg?w=2000&amp;ssl=1 2000w, https:\/\/i0.wp.com\/www.tus-oppenau.de\/fussball\/wp-content\/uploads\/2016\/11\/IMG_0024.jpg?resize=300%2C78&amp;ssl=1 300w, https:\/\/i0.wp.com\/www.tus-oppenau.de\/fussball\/wp-content\/uploads\/2016\/11\/IMG_0024.jpg?resize=150%2C39&amp;ssl=1 150w, https:\/\/i0.wp.com\/www.tus-oppenau.de\/fussball\/wp-content\/uploads\/2016\/11\/IMG_0024.jpg?resize=673%2C175&amp;ssl=1 673w, https:\/\/i0.wp.com\/www.tus-oppenau.de\/fussball\/wp-content\/uploads\/2016\/11\/IMG_0024.jpg?resize=768%2C199&amp;ssl=1 768w, https:\/\/i0.wp.com\/www.tus-oppenau.de\/fussball\/wp-content\/uploads\/2016\/11\/IMG_0024.jpg?resize=1260%2C327&amp;ssl=1 1260w, https:\/\/i0.wp.com\/www.tus-oppenau.de\/fussball\/wp-content\/uploads\/2016\/11\/IMG_0024.jpg?w=948&amp;ssl=1 948w, https:\/\/i0.wp.com\/www.tus-oppenau.de\/fussball\/wp-content\/uploads\/2016\/11\/IMG_0024.jpg?w=1422&amp;ssl=1 1422w\" sizes=\"auto, (max-width: 150px) 100vw, 150px\" \/><\/a>\n\t\t\t<\/div><\/figure><figure class='gallery-item'>\n\t\t\t<div class='gallery-icon landscape'>\n\t\t\t\t<a href='https:\/\/www.tus-oppenau.de\/fussball\/2016\/11\/endingen-zieht-ins-viertelfinale-des-verbandspokals-ein\/img_0025\/'><img loading=\"lazy\" decoding=\"async\" width=\"150\" height=\"42\" src=\"https:\/\/i0.wp.com\/www.tus-oppenau.de\/fussball\/wp-content\/uploads\/2016\/11\/IMG_0025.jpg?fit=150%2C42&amp;ssl=1\" class=\"attachment-thumbnail size-thumbnail\" alt=\"\" srcset=\"https:\/\/i0.wp.com\/www.tus-oppenau.de\/fussball\/wp-content\/uploads\/2016\/11\/IMG_0025.jpg?w=2000&amp;ssl=1 2000w, https:\/\/i0.wp.com\/www.tus-oppenau.de\/fussball\/wp-content\/uploads\/2016\/11\/IMG_0025.jpg?resize=300%2C84&amp;ssl=1 300w, https:\/\/i0.wp.com\/www.tus-oppenau.de\/fussball\/wp-content\/uploads\/2016\/11\/IMG_0025.jpg?resize=150%2C42&amp;ssl=1 150w, https:\/\/i0.wp.com\/www.tus-oppenau.de\/fussball\/wp-content\/uploads\/2016\/11\/IMG_0025.jpg?resize=673%2C189&amp;ssl=1 673w, https:\/\/i0.wp.com\/www.tus-oppenau.de\/fussball\/wp-content\/uploads\/2016\/11\/IMG_0025.jpg?resize=768%2C216&amp;ssl=1 768w, https:\/\/i0.wp.com\/www.tus-oppenau.de\/fussball\/wp-content\/uploads\/2016\/11\/IMG_0025.jpg?resize=1260%2C354&amp;ssl=1 1260w, https:\/\/i0.wp.com\/www.tus-oppenau.de\/fussball\/wp-content\/uploads\/2016\/11\/IMG_0025.jpg?w=948&amp;ssl=1 948w, https:\/\/i0.wp.com\/www.tus-oppenau.de\/fussball\/wp-content\/uploads\/2016\/11\/IMG_0025.jpg?w=1422&amp;ssl=1 1422w\" sizes=\"auto, (max-width: 150px) 100vw, 150px\" \/><\/a>\n\t\t\t<\/div><\/figure><figure class='gallery-item'>\n\t\t\t<div class='gallery-icon landscape'>\n\t\t\t\t<a href='https:\/\/www.tus-oppenau.de\/fussball\/2016\/11\/endingen-zieht-ins-viertelfinale-des-verbandspokals-ein\/img_0043\/'><img loading=\"lazy\" decoding=\"async\" width=\"150\" height=\"83\" src=\"https:\/\/i0.wp.com\/www.tus-oppenau.de\/fussball\/wp-content\/uploads\/2016\/11\/IMG_0043.jpg?fit=150%2C83&amp;ssl=1\" class=\"attachment-thumbnail size-thumbnail\" alt=\"\" srcset=\"https:\/\/i0.wp.com\/www.tus-oppenau.de\/fussball\/wp-content\/uploads\/2016\/11\/IMG_0043.jpg?w=2000&amp;ssl=1 2000w, https:\/\/i0.wp.com\/www.tus-oppenau.de\/fussball\/wp-content\/uploads\/2016\/11\/IMG_0043.jpg?resize=300%2C166&amp;ssl=1 300w, https:\/\/i0.wp.com\/www.tus-oppenau.de\/fussball\/wp-content\/uploads\/2016\/11\/IMG_0043.jpg?resize=150%2C83&amp;ssl=1 150w, https:\/\/i0.wp.com\/www.tus-oppenau.de\/fussball\/wp-content\/uploads\/2016\/11\/IMG_0043.jpg?resize=673%2C373&amp;ssl=1 673w, https:\/\/i0.wp.com\/www.tus-oppenau.de\/fussball\/wp-content\/uploads\/2016\/11\/IMG_0043.jpg?resize=768%2C426&amp;ssl=1 768w, https:\/\/i0.wp.com\/www.tus-oppenau.de\/fussball\/wp-content\/uploads\/2016\/11\/IMG_0043.jpg?resize=1260%2C699&amp;ssl=1 1260w, https:\/\/i0.wp.com\/www.tus-oppenau.de\/fussball\/wp-content\/uploads\/2016\/11\/IMG_0043.jpg?resize=672%2C372&amp;ssl=1 672w, https:\/\/i0.wp.com\/www.tus-oppenau.de\/fussball\/wp-content\/uploads\/2016\/11\/IMG_0043.jpg?resize=1038%2C576&amp;ssl=1 1038w, https:\/\/i0.wp.com\/www.tus-oppenau.de\/fussball\/wp-content\/uploads\/2016\/11\/IMG_0043.jpg?w=948&amp;ssl=1 948w, https:\/\/i0.wp.com\/www.tus-oppenau.de\/fussball\/wp-content\/uploads\/2016\/11\/IMG_0043.jpg?w=1422&amp;ssl=1 1422w\" sizes=\"auto, (max-width: 150px) 100vw, 150px\" \/><\/a>\n\t\t\t<\/div><\/figure><figure class='gallery-item'>\n\t\t\t<div class='gallery-icon landscape'>\n\t\t\t\t<a href='https:\/\/www.tus-oppenau.de\/fussball\/2016\/11\/endingen-zieht-ins-viertelfinale-des-verbandspokals-ein\/img_0045\/'><img loading=\"lazy\" decoding=\"async\" width=\"150\" height=\"142\" src=\"https:\/\/i0.wp.com\/www.tus-oppenau.de\/fussball\/wp-content\/uploads\/2016\/11\/IMG_0045.jpg?fit=150%2C142&amp;ssl=1\" class=\"attachment-thumbnail size-thumbnail\" alt=\"\" aria-describedby=\"gallery-1-3526\" srcset=\"https:\/\/i0.wp.com\/www.tus-oppenau.de\/fussball\/wp-content\/uploads\/2016\/11\/IMG_0045.jpg?w=1729&amp;ssl=1 1729w, https:\/\/i0.wp.com\/www.tus-oppenau.de\/fussball\/wp-content\/uploads\/2016\/11\/IMG_0045.jpg?resize=300%2C285&amp;ssl=1 300w, https:\/\/i0.wp.com\/www.tus-oppenau.de\/fussball\/wp-content\/uploads\/2016\/11\/IMG_0045.jpg?resize=150%2C142&amp;ssl=1 150w, https:\/\/i0.wp.com\/www.tus-oppenau.de\/fussball\/wp-content\/uploads\/2016\/11\/IMG_0045.jpg?resize=673%2C639&amp;ssl=1 673w, https:\/\/i0.wp.com\/www.tus-oppenau.de\/fussball\/wp-content\/uploads\/2016\/11\/IMG_0045.jpg?resize=768%2C729&amp;ssl=1 768w, https:\/\/i0.wp.com\/www.tus-oppenau.de\/fussball\/wp-content\/uploads\/2016\/11\/IMG_0045.jpg?resize=1260%2C1196&amp;ssl=1 1260w, https:\/\/i0.wp.com\/www.tus-oppenau.de\/fussball\/wp-content\/uploads\/2016\/11\/IMG_0045.jpg?w=948&amp;ssl=1 948w, https:\/\/i0.wp.com\/www.tus-oppenau.de\/fussball\/wp-content\/uploads\/2016\/11\/IMG_0045.jpg?w=1422&amp;ssl=1 1422w\" sizes=\"auto, (max-width: 150px) 100vw, 150px\" \/><\/a>\n\t\t\t<\/div>\n\t\t\t\t<figcaption class='wp-caption-text gallery-caption' id='gallery-1-3526'>\n\t\t\t\tDominic Huber\n\t\t\t\t<\/figcaption><\/figure><figure class='gallery-item'>\n\t\t\t<div class='gallery-icon landscape'>\n\t\t\t\t<a href='https:\/\/www.tus-oppenau.de\/fussball\/2016\/11\/endingen-zieht-ins-viertelfinale-des-verbandspokals-ein\/img_0060\/'><img loading=\"lazy\" decoding=\"async\" width=\"150\" height=\"78\" src=\"https:\/\/i0.wp.com\/www.tus-oppenau.de\/fussball\/wp-content\/uploads\/2016\/11\/IMG_0060.jpg?fit=150%2C78&amp;ssl=1\" class=\"attachment-thumbnail size-thumbnail\" alt=\"\" aria-describedby=\"gallery-1-3527\" srcset=\"https:\/\/i0.wp.com\/www.tus-oppenau.de\/fussball\/wp-content\/uploads\/2016\/11\/IMG_0060.jpg?w=2000&amp;ssl=1 2000w, https:\/\/i0.wp.com\/www.tus-oppenau.de\/fussball\/wp-content\/uploads\/2016\/11\/IMG_0060.jpg?resize=300%2C157&amp;ssl=1 300w, https:\/\/i0.wp.com\/www.tus-oppenau.de\/fussball\/wp-content\/uploads\/2016\/11\/IMG_0060.jpg?resize=150%2C78&amp;ssl=1 150w, https:\/\/i0.wp.com\/www.tus-oppenau.de\/fussball\/wp-content\/uploads\/2016\/11\/IMG_0060.jpg?resize=673%2C352&amp;ssl=1 673w, https:\/\/i0.wp.com\/www.tus-oppenau.de\/fussball\/wp-content\/uploads\/2016\/11\/IMG_0060.jpg?resize=768%2C401&amp;ssl=1 768w, https:\/\/i0.wp.com\/www.tus-oppenau.de\/fussball\/wp-content\/uploads\/2016\/11\/IMG_0060.jpg?resize=1260%2C658&amp;ssl=1 1260w, https:\/\/i0.wp.com\/www.tus-oppenau.de\/fussball\/wp-content\/uploads\/2016\/11\/IMG_0060.jpg?w=948&amp;ssl=1 948w, https:\/\/i0.wp.com\/www.tus-oppenau.de\/fussball\/wp-content\/uploads\/2016\/11\/IMG_0060.jpg?w=1422&amp;ssl=1 1422w\" sizes=\"auto, (max-width: 150px) 100vw, 150px\" \/><\/a>\n\t\t\t<\/div>\n\t\t\t\t<figcaption class='wp-caption-text gallery-caption' id='gallery-1-3527'>\n\t\t\t\tPatrick Braun\n\t\t\t\t<\/figcaption><\/figure><figure class='gallery-item'>\n\t\t\t<div class='gallery-icon landscape'>\n\t\t\t\t<a href='https:\/\/www.tus-oppenau.de\/fussball\/2016\/11\/endingen-zieht-ins-viertelfinale-des-verbandspokals-ein\/img_0067\/'><img loading=\"lazy\" decoding=\"async\" width=\"150\" height=\"63\" src=\"https:\/\/i0.wp.com\/www.tus-oppenau.de\/fussball\/wp-content\/uploads\/2016\/11\/IMG_0067.jpg?fit=150%2C63&amp;ssl=1\" class=\"attachment-thumbnail size-thumbnail\" alt=\"\" aria-describedby=\"gallery-1-3528\" srcset=\"https:\/\/i0.wp.com\/www.tus-oppenau.de\/fussball\/wp-content\/uploads\/2016\/11\/IMG_0067.jpg?w=1231&amp;ssl=1 1231w, https:\/\/i0.wp.com\/www.tus-oppenau.de\/fussball\/wp-content\/uploads\/2016\/11\/IMG_0067.jpg?resize=300%2C125&amp;ssl=1 300w, https:\/\/i0.wp.com\/www.tus-oppenau.de\/fussball\/wp-content\/uploads\/2016\/11\/IMG_0067.jpg?resize=150%2C63&amp;ssl=1 150w, https:\/\/i0.wp.com\/www.tus-oppenau.de\/fussball\/wp-content\/uploads\/2016\/11\/IMG_0067.jpg?resize=673%2C281&amp;ssl=1 673w, https:\/\/i0.wp.com\/www.tus-oppenau.de\/fussball\/wp-content\/uploads\/2016\/11\/IMG_0067.jpg?resize=768%2C321&amp;ssl=1 768w, https:\/\/i0.wp.com\/www.tus-oppenau.de\/fussball\/wp-content\/uploads\/2016\/11\/IMG_0067.jpg?w=948&amp;ssl=1 948w\" sizes=\"auto, (max-width: 150px) 100vw, 150px\" \/><\/a>\n\t\t\t<\/div>\n\t\t\t\t<figcaption class='wp-caption-text gallery-caption' id='gallery-1-3528'>\n\t\t\t\tJose Poveda h\u00e4lt den Elfmeter\n\t\t\t\t<\/figcaption><\/figure><figure class='gallery-item'>\n\t\t\t<div class='gallery-icon landscape'>\n\t\t\t\t<a href='https:\/\/www.tus-oppenau.de\/fussball\/2016\/11\/endingen-zieht-ins-viertelfinale-des-verbandspokals-ein\/img_0085\/'><img loading=\"lazy\" decoding=\"async\" width=\"150\" height=\"118\" src=\"https:\/\/i0.wp.com\/www.tus-oppenau.de\/fussball\/wp-content\/uploads\/2016\/11\/IMG_0085.jpg?fit=150%2C118&amp;ssl=1\" class=\"attachment-thumbnail size-thumbnail\" alt=\"\" aria-describedby=\"gallery-1-3529\" srcset=\"https:\/\/i0.wp.com\/www.tus-oppenau.de\/fussball\/wp-content\/uploads\/2016\/11\/IMG_0085.jpg?w=2000&amp;ssl=1 2000w, https:\/\/i0.wp.com\/www.tus-oppenau.de\/fussball\/wp-content\/uploads\/2016\/11\/IMG_0085.jpg?resize=300%2C236&amp;ssl=1 300w, https:\/\/i0.wp.com\/www.tus-oppenau.de\/fussball\/wp-content\/uploads\/2016\/11\/IMG_0085.jpg?resize=150%2C118&amp;ssl=1 150w, https:\/\/i0.wp.com\/www.tus-oppenau.de\/fussball\/wp-content\/uploads\/2016\/11\/IMG_0085.jpg?resize=673%2C529&amp;ssl=1 673w, https:\/\/i0.wp.com\/www.tus-oppenau.de\/fussball\/wp-content\/uploads\/2016\/11\/IMG_0085.jpg?resize=768%2C603&amp;ssl=1 768w, https:\/\/i0.wp.com\/www.tus-oppenau.de\/fussball\/wp-content\/uploads\/2016\/11\/IMG_0085.jpg?resize=1260%2C990&amp;ssl=1 1260w, https:\/\/i0.wp.com\/www.tus-oppenau.de\/fussball\/wp-content\/uploads\/2016\/11\/IMG_0085.jpg?w=948&amp;ssl=1 948w, https:\/\/i0.wp.com\/www.tus-oppenau.de\/fussball\/wp-content\/uploads\/2016\/11\/IMG_0085.jpg?w=1422&amp;ssl=1 1422w\" sizes=\"auto, (max-width: 150px) 100vw, 150px\" \/><\/a>\n\t\t\t<\/div>\n\t\t\t\t<figcaption class='wp-caption-text gallery-caption' id='gallery-1-3529'>\n\t\t\t\tMoritz Mischall\n\t\t\t\t<\/figcaption><\/figure><figure class='gallery-item'>\n\t\t\t<div class='gallery-icon landscape'>\n\t\t\t\t<a href='https:\/\/www.tus-oppenau.de\/fussball\/2016\/11\/endingen-zieht-ins-viertelfinale-des-verbandspokals-ein\/img_0124\/'><img loading=\"lazy\" decoding=\"async\" width=\"150\" height=\"147\" src=\"https:\/\/i0.wp.com\/www.tus-oppenau.de\/fussball\/wp-content\/uploads\/2016\/11\/IMG_0124.jpg?fit=150%2C147&amp;ssl=1\" class=\"attachment-thumbnail size-thumbnail\" alt=\"\" aria-describedby=\"gallery-1-3531\" srcset=\"https:\/\/i0.wp.com\/www.tus-oppenau.de\/fussball\/wp-content\/uploads\/2016\/11\/IMG_0124.jpg?w=2000&amp;ssl=1 2000w, https:\/\/i0.wp.com\/www.tus-oppenau.de\/fussball\/wp-content\/uploads\/2016\/11\/IMG_0124.jpg?resize=300%2C294&amp;ssl=1 300w, https:\/\/i0.wp.com\/www.tus-oppenau.de\/fussball\/wp-content\/uploads\/2016\/11\/IMG_0124.jpg?resize=150%2C147&amp;ssl=1 150w, https:\/\/i0.wp.com\/www.tus-oppenau.de\/fussball\/wp-content\/uploads\/2016\/11\/IMG_0124.jpg?resize=673%2C660&amp;ssl=1 673w, https:\/\/i0.wp.com\/www.tus-oppenau.de\/fussball\/wp-content\/uploads\/2016\/11\/IMG_0124.jpg?resize=768%2C753&amp;ssl=1 768w, https:\/\/i0.wp.com\/www.tus-oppenau.de\/fussball\/wp-content\/uploads\/2016\/11\/IMG_0124.jpg?resize=1260%2C1236&amp;ssl=1 1260w, https:\/\/i0.wp.com\/www.tus-oppenau.de\/fussball\/wp-content\/uploads\/2016\/11\/IMG_0124.jpg?resize=50%2C50&amp;ssl=1 50w, https:\/\/i0.wp.com\/www.tus-oppenau.de\/fussball\/wp-content\/uploads\/2016\/11\/IMG_0124.jpg?w=948&amp;ssl=1 948w, https:\/\/i0.wp.com\/www.tus-oppenau.de\/fussball\/wp-content\/uploads\/2016\/11\/IMG_0124.jpg?w=1422&amp;ssl=1 1422w\" sizes=\"auto, (max-width: 150px) 100vw, 150px\" \/><\/a>\n\t\t\t<\/div>\n\t\t\t\t<figcaption class='wp-caption-text gallery-caption' id='gallery-1-3531'>\n\t\t\t\tSteffen Schmeier\n\t\t\t\t<\/figcaption><\/figure><figure class='gallery-item'>\n\t\t\t<div class='gallery-icon landscape'>\n\t\t\t\t<a href='https:\/\/www.tus-oppenau.de\/fussball\/2016\/11\/endingen-zieht-ins-viertelfinale-des-verbandspokals-ein\/img_0116\/'><img loading=\"lazy\" decoding=\"async\" width=\"150\" height=\"111\" src=\"https:\/\/i0.wp.com\/www.tus-oppenau.de\/fussball\/wp-content\/uploads\/2016\/11\/IMG_0116.jpg?fit=150%2C111&amp;ssl=1\" class=\"attachment-thumbnail size-thumbnail\" alt=\"\" aria-describedby=\"gallery-1-3530\" srcset=\"https:\/\/i0.wp.com\/www.tus-oppenau.de\/fussball\/wp-content\/uploads\/2016\/11\/IMG_0116.jpg?w=2000&amp;ssl=1 2000w, https:\/\/i0.wp.com\/www.tus-oppenau.de\/fussball\/wp-content\/uploads\/2016\/11\/IMG_0116.jpg?resize=300%2C221&amp;ssl=1 300w, https:\/\/i0.wp.com\/www.tus-oppenau.de\/fussball\/wp-content\/uploads\/2016\/11\/IMG_0116.jpg?resize=150%2C111&amp;ssl=1 150w, https:\/\/i0.wp.com\/www.tus-oppenau.de\/fussball\/wp-content\/uploads\/2016\/11\/IMG_0116.jpg?resize=673%2C497&amp;ssl=1 673w, https:\/\/i0.wp.com\/www.tus-oppenau.de\/fussball\/wp-content\/uploads\/2016\/11\/IMG_0116.jpg?resize=768%2C567&amp;ssl=1 768w, https:\/\/i0.wp.com\/www.tus-oppenau.de\/fussball\/wp-content\/uploads\/2016\/11\/IMG_0116.jpg?resize=1260%2C930&amp;ssl=1 1260w, https:\/\/i0.wp.com\/www.tus-oppenau.de\/fussball\/wp-content\/uploads\/2016\/11\/IMG_0116.jpg?w=948&amp;ssl=1 948w, https:\/\/i0.wp.com\/www.tus-oppenau.de\/fussball\/wp-content\/uploads\/2016\/11\/IMG_0116.jpg?w=1422&amp;ssl=1 1422w\" sizes=\"auto, (max-width: 150px) 100vw, 150px\" \/><\/a>\n\t\t\t<\/div>\n\t\t\t\t<figcaption class='wp-caption-text gallery-caption' id='gallery-1-3530'>\n\t\t\t\tAli Abdalla\n\t\t\t\t<\/figcaption><\/figure>\n\t\t<\/div>\n\n<p>&nbsp;<\/p>\n","protected":false},"excerpt":{"rendered":"<p>Der SV Endingen steht dank eines verdienten 3:1 Ausw\u00e4rtssiegs beim TuS Oppenau unter den letzten acht Mannschaften des Verbandspokals. Insbesondere in der ersten Halbzeit war der Verbandsligist b\u00e4renstark und lag bereits mit 2:0 vorne. Endingen begann das Spiel sofort druckvoll und machte klar das man unbedingt in die n\u00e4chste Pokalrunde einziehen wollte. Oppenau hielt mit &hellip; <a href=\"https:\/\/www.tus-oppenau.de\/fussball\/2016\/11\/endingen-zieht-ins-viertelfinale-des-verbandspokals-ein\/\" class=\"more-link\"><span class=\"screen-reader-text\">Endingen zieht ins Viertelfinale des Verbandspokals ein \u00a0<\/span> weiterlesen <span class=\"meta-nav\">&rarr;<\/span><\/a><\/p>\n","protected":false},"author":93,"featured_media":3519,"comment_status":"closed","ping_status":"open","sticky":false,"template":"","format":"gallery","meta":{"_jetpack_memberships_contains_paid_content":false,"footnotes":"","jetpack_publicize_message":"","jetpack_publicize_feature_enabled":true,"jetpack_social_post_already_shared":true,"jetpack_social_options":{"image_generator_settings":{"template":"highway","default_image_id":0,"font":"","enabled":false},"version":2}},"categories":[247],"tags":[],"class_list":["post-3516","post","type-post","status-publish","format-gallery","has-post-thumbnail","hentry","category-1-mannschaft","post_format-post-format-gallery"],"jetpack_publicize_connections":[],"jetpack_featured_media_url":"https:\/\/i0.wp.com\/www.tus-oppenau.de\/fussball\/wp-content\/uploads\/2016\/11\/ali_1200.jpg?fit=1200%2C886&ssl=1","jetpack_sharing_enabled":true,"jetpack_likes_enabled":true,"_links":{"self":[{"href":"https:\/\/www.tus-oppenau.de\/fussball\/wp-json\/wp\/v2\/posts\/3516","targetHints":{"allow":["GET"]}}],"collection":[{"href":"https:\/\/www.tus-oppenau.de\/fussball\/wp-json\/wp\/v2\/posts"}],"about":[{"href":"https:\/\/www.tus-oppenau.de\/fussball\/wp-json\/wp\/v2\/types\/post"}],"author":[{"embeddable":true,"href":"https:\/\/www.tus-oppenau.de\/fussball\/wp-json\/wp\/v2\/users\/93"}],"replies":[{"embeddable":true,"href":"https:\/\/www.tus-oppenau.de\/fussball\/wp-json\/wp\/v2\/comments?post=3516"}],"version-history":[{"count":2,"href":"https:\/\/www.tus-oppenau.de\/fussball\/wp-json\/wp\/v2\/posts\/3516\/revisions"}],"predecessor-version":[{"id":3532,"href":"https:\/\/www.tus-oppenau.de\/fussball\/wp-json\/wp\/v2\/posts\/3516\/revisions\/3532"}],"wp:featuredmedia":[{"embeddable":true,"href":"https:\/\/www.tus-oppenau.de\/fussball\/wp-json\/wp\/v2\/media\/3519"}],"wp:attachment":[{"href":"https:\/\/www.tus-oppenau.de\/fussball\/wp-json\/wp\/v2\/media?parent=3516"}],"wp:term":[{"taxonomy":"category","embeddable":true,"href":"https:\/\/www.tus-oppenau.de\/fussball\/wp-json\/wp\/v2\/categories?post=3516"},{"taxonomy":"post_tag","embeddable":true,"href":"https:\/\/www.tus-oppenau.de\/fussball\/wp-json\/wp\/v2\/tags?post=3516"}],"curies":[{"name":"wp","href":"https:\/\/api.w.org\/{rel}","templated":true}]}}