{"id":3846,"date":"2017-02-12T22:13:57","date_gmt":"2017-02-12T20:13:57","guid":{"rendered":"http:\/\/www.tus-oppenau.de\/fussball\/?p=3846"},"modified":"2017-04-10T09:17:03","modified_gmt":"2017-04-10T07:17:03","slug":"haus-der-ingenieure-cup-2017-finaltag-2","status":"publish","type":"post","link":"https:\/\/www.tus-oppenau.de\/fussball\/2017\/02\/haus-der-ingenieure-cup-2017-finaltag-2\/","title":{"rendered":"Haus der Ingenieure Cup 2017&ndash;Finaltag"},"content":{"rendered":"<p align=\"justify\">Am heutigen Sonntag fanden bei guten \u00e4u\u00dferen Bedingungen die beiden Finalspiele um den <strong>Haus der Ingenieure Cup 2017<\/strong> auf der G\u00fcnter-Bimmerle-Sportst\u00e4tte statt.<\/p>\n<p align=\"justify\">Zun\u00e4chst wurde das Spiel um Platz 3 zwischen dem TuS Oppenau und dem SC Lahr ausgetragen.<\/p>\n<p><a href=\"https:\/\/i0.wp.com\/www.tus-oppenau.de\/fussball\/wp-content\/uploads\/2017\/02\/clip_image001.jpg?ssl=1\"><img data-recalc-dims=\"1\" loading=\"lazy\" decoding=\"async\" style=\"background-image: none; padding-top: 0px; padding-left: 0px; display: inline; padding-right: 0px; border: 0px;\" title=\"clip_image001\" src=\"https:\/\/i0.wp.com\/www.tus-oppenau.de\/fussball\/wp-content\/uploads\/2017\/02\/clip_image001_thumb.jpg?resize=474%2C162&#038;ssl=1\" alt=\"clip_image001\" width=\"474\" height=\"162\" border=\"0\" \/><\/a><\/p>\n<p><u>Spiel um Platz 3:<br \/>\n<\/u><strong>SC Lahr \u2013 TuS Oppenau 3:0 (1:0)<\/strong><br \/>\n1:0 Dennis H\u00e4ussermann (42.)<br \/>\n2:0 Ilhan Hakan (80.)<br \/>\n3:0 Ilhan Hakan (88.)<\/p>\n<p align=\"justify\">Unser Team vom TuS Oppenau zeigte zwar gro\u00dfes Engagement musste sich letztendlich aber dem Verbandsligisten SC Lahr geschlagen geben weil man eigene Gro\u00dfchancen nicht nutzen konnte. Nach der F\u00fchrung durch Denis H\u00e4usermann kurz vor dem Halbzeitpfiff hatte man mehrere gute Chancen zum Ausgleich. Dominic Huber vergab freistehend und Simon Vogt scheiterte per Elfmeter, nachdem Dominik Huber im Strafraum gefoult wurde, am Lahrer Schlu\u00dfmann. Hakan Ilhan sorgte in der Schlussphase mit zwei Treffern f\u00fcr den standesgem\u00e4\u00dfen Sieg des SC Lahr.<\/p>\n<p><a href=\"https:\/\/i0.wp.com\/www.tus-oppenau.de\/fussball\/wp-content\/uploads\/2017\/02\/clip_image002.jpg?ssl=1\"><img data-recalc-dims=\"1\" loading=\"lazy\" decoding=\"async\" style=\"background-image: none; padding-top: 0px; padding-left: 0px; display: inline; padding-right: 0px; border: 0px;\" title=\"clip_image002\" src=\"https:\/\/i0.wp.com\/www.tus-oppenau.de\/fussball\/wp-content\/uploads\/2017\/02\/clip_image002_thumb.jpg?resize=303%2C229&#038;ssl=1\" alt=\"clip_image002\" width=\"303\" height=\"229\" border=\"0\" \/><\/a> <a href=\"https:\/\/i0.wp.com\/www.tus-oppenau.de\/fussball\/wp-content\/uploads\/2017\/02\/clip_image003.jpg?ssl=1\"><img data-recalc-dims=\"1\" loading=\"lazy\" decoding=\"async\" style=\"background-image: none; padding-top: 0px; padding-left: 0px; display: inline; padding-right: 0px; border: 0px;\" title=\"clip_image003\" src=\"https:\/\/i0.wp.com\/www.tus-oppenau.de\/fussball\/wp-content\/uploads\/2017\/02\/clip_image003_thumb.jpg?resize=304%2C228&#038;ssl=1\" alt=\"clip_image003\" width=\"304\" height=\"228\" border=\"0\" \/><\/a><\/p>\n<p><a href=\"https:\/\/i0.wp.com\/www.tus-oppenau.de\/fussball\/wp-content\/uploads\/2017\/02\/clip_image004.jpg?ssl=1\"><img data-recalc-dims=\"1\" loading=\"lazy\" decoding=\"async\" style=\"background-image: none; padding-top: 0px; padding-left: 0px; display: inline; padding-right: 0px; border: 0px;\" title=\"clip_image004\" src=\"https:\/\/i0.wp.com\/www.tus-oppenau.de\/fussball\/wp-content\/uploads\/2017\/02\/clip_image004_thumb.jpg?resize=302%2C229&#038;ssl=1\" alt=\"clip_image004\" width=\"302\" height=\"229\" border=\"0\" \/><\/a> <a href=\"https:\/\/i0.wp.com\/www.tus-oppenau.de\/fussball\/wp-content\/uploads\/2017\/02\/clip_image005.jpg?ssl=1\"><img data-recalc-dims=\"1\" loading=\"lazy\" decoding=\"async\" style=\"background-image: none; padding-top: 0px; padding-left: 0px; display: inline; padding-right: 0px; border: 0px;\" title=\"clip_image005\" src=\"https:\/\/i0.wp.com\/www.tus-oppenau.de\/fussball\/wp-content\/uploads\/2017\/02\/clip_image005_thumb.jpg?resize=306%2C232&#038;ssl=1\" alt=\"clip_image005\" width=\"306\" height=\"232\" border=\"0\" \/><\/a><\/p>\n<p>Im Endspiel um den Haus der Ingenieure Cup 2017 standen sich danach der Oberligist SV Oberachern und der Verbandsligist SV Linx gegen\u00fcber.<\/p>\n<p><a href=\"https:\/\/i0.wp.com\/www.tus-oppenau.de\/fussball\/wp-content\/uploads\/2017\/02\/clip_image0016.jpg?ssl=1\"><img data-recalc-dims=\"1\" loading=\"lazy\" decoding=\"async\" style=\"background-image: none; padding-top: 0px; padding-left: 0px; display: inline; padding-right: 0px; border: 0px;\" title=\"clip_image001[6]\" src=\"https:\/\/i0.wp.com\/www.tus-oppenau.de\/fussball\/wp-content\/uploads\/2017\/02\/clip_image0016_thumb.jpg?resize=474%2C154&#038;ssl=1\" alt=\"clip_image001[6]\" width=\"474\" height=\"154\" border=\"0\" \/><\/a><\/p>\n<p><u>Finale:<br \/>\n<\/u><strong>SV Oberachern &#8211; SV Linx\u00a0 1:0 (0:0)<\/strong><br \/>\n1:0 Gregor D\u00f6rflinger (58.)<\/p>\n<p align=\"justify\">Die erste Halbzeit verlief recht ereignisarm. Beiden Mannschaften gelang es nicht sich vielversprechende Torchancen zu erarbeiten. Gr\u00f6\u00dftenteils neutralisierte man sich im Mittelfeld. In der zweiten Halbzeit konnte der Oberligist zun\u00e4chst zulegen und durch einen Treffer Gregor D\u00f6rflinger in der 58. Spielminute in F\u00fchrung gehen. In der Schlussphase versuchte der SV Linx mit mehr Druck nach vorne den Ausgleich zu erzielen und Tonio Bayer hatten den Ausgleich auf dem Fu\u00df.\u00a0 Am Ende blieb es dann beim 1:0 Erfolg des favorisierten SV Oberachern.<\/p>\n<p><a href=\"https:\/\/i0.wp.com\/www.tus-oppenau.de\/fussball\/wp-content\/uploads\/2017\/02\/clip_image0018.jpg?ssl=1\"><img data-recalc-dims=\"1\" loading=\"lazy\" decoding=\"async\" style=\"background-image: none; padding-top: 0px; padding-left: 0px; display: inline; padding-right: 0px; border: 0px;\" title=\"clip_image001[8]\" src=\"https:\/\/i0.wp.com\/www.tus-oppenau.de\/fussball\/wp-content\/uploads\/2017\/02\/clip_image0018_thumb.jpg?resize=300%2C227&#038;ssl=1\" alt=\"clip_image001[8]\" width=\"300\" height=\"227\" border=\"0\" \/><\/a> <a href=\"https:\/\/i0.wp.com\/www.tus-oppenau.de\/fussball\/wp-content\/uploads\/2017\/02\/clip_image0027.jpg?ssl=1\"><img data-recalc-dims=\"1\" loading=\"lazy\" decoding=\"async\" style=\"background-image: none; padding-top: 0px; padding-left: 0px; display: inline; padding-right: 0px; border: 0px;\" title=\"clip_image002[7]\" src=\"https:\/\/i0.wp.com\/www.tus-oppenau.de\/fussball\/wp-content\/uploads\/2017\/02\/clip_image0027_thumb.jpg?resize=303%2C230&#038;ssl=1\" alt=\"clip_image002[7]\" width=\"303\" height=\"230\" border=\"0\" \/><\/a><\/p>\n<p><a href=\"https:\/\/i0.wp.com\/www.tus-oppenau.de\/fussball\/wp-content\/uploads\/2017\/02\/clip_image0036.jpg?ssl=1\"><img data-recalc-dims=\"1\" loading=\"lazy\" decoding=\"async\" style=\"background-image: none; padding-top: 0px; padding-left: 0px; display: inline; padding-right: 0px; border: 0px;\" title=\"clip_image003[6]\" src=\"https:\/\/i0.wp.com\/www.tus-oppenau.de\/fussball\/wp-content\/uploads\/2017\/02\/clip_image0036_thumb.jpg?resize=303%2C230&#038;ssl=1\" alt=\"clip_image003[6]\" width=\"303\" height=\"230\" border=\"0\" \/><\/a> <a href=\"https:\/\/i0.wp.com\/www.tus-oppenau.de\/fussball\/wp-content\/uploads\/2017\/02\/clip_image0046.jpg?ssl=1\"><img data-recalc-dims=\"1\" loading=\"lazy\" decoding=\"async\" style=\"background-image: none; padding-top: 0px; padding-left: 0px; display: inline; padding-right: 0px; border: 0px;\" title=\"clip_image004[6]\" src=\"https:\/\/i0.wp.com\/www.tus-oppenau.de\/fussball\/wp-content\/uploads\/2017\/02\/clip_image0046_thumb.jpg?resize=302%2C229&#038;ssl=1\" alt=\"clip_image004[6]\" width=\"302\" height=\"229\" border=\"0\" \/><\/a><\/p>\n<p align=\"justify\">Bei der abschlie\u00dfenden Siegerehrung konnte der Kapit\u00e4n des SV Oberachern Sinan G\u00fclsoy den Wanderpokal des <strong>Haus der Ingenieure Cup 2017<\/strong> in Empfang nehmen.<\/p>\n<p><a href=\"https:\/\/i0.wp.com\/www.tus-oppenau.de\/fussball\/wp-content\/uploads\/2017\/02\/clip_image00110.jpg?ssl=1\"><img data-recalc-dims=\"1\" loading=\"lazy\" decoding=\"async\" style=\"background-image: none; padding-top: 0px; padding-left: 0px; display: inline; padding-right: 0px; border: 0px;\" title=\"clip_image001[10]\" src=\"https:\/\/i0.wp.com\/www.tus-oppenau.de\/fussball\/wp-content\/uploads\/2017\/02\/clip_image00110_thumb.jpg?resize=474%2C280&#038;ssl=1\" alt=\"clip_image001[10]\" width=\"474\" height=\"280\" border=\"0\" \/><\/a><\/p>\n<p align=\"justify\">Herzlichen Gl\u00fcckwunsch dem SV Oberachern und vielen Dank an alle teilnehmenden Mannschaften f\u00fcr die Teilnahme und die faire Spielweise beim Haus der Ingenieure Cup 2017.<\/p>\n<p align=\"justify\">Vielen herzlichen Dank an das Haus der Ingenieure in Oberkirch f\u00fcr die Unterst\u00fctzung bei der Austragung des Turniers.<\/p>\n","protected":false},"excerpt":{"rendered":"<p>Am heutigen Sonntag fanden bei guten \u00e4u\u00dferen Bedingungen die beiden Finalspiele um den Haus der Ingenieure Cup 2017 auf der G\u00fcnter-Bimmerle-Sportst\u00e4tte statt. Zun\u00e4chst wurde das Spiel um Platz 3 zwischen dem TuS Oppenau und dem SC Lahr ausgetragen. Spiel um Platz 3: SC Lahr \u2013 TuS Oppenau 3:0 (1:0) 1:0 Dennis H\u00e4ussermann (42.) 2:0 Ilhan &hellip; <a href=\"https:\/\/www.tus-oppenau.de\/fussball\/2017\/02\/haus-der-ingenieure-cup-2017-finaltag-2\/\" class=\"more-link\"><span class=\"screen-reader-text\">Haus der Ingenieure Cup 2017&ndash;Finaltag<\/span> weiterlesen <span class=\"meta-nav\">&rarr;<\/span><\/a><\/p>\n","protected":false},"author":47,"featured_media":3758,"comment_status":"closed","ping_status":"open","sticky":false,"template":"","format":"standard","meta":{"_jetpack_memberships_contains_paid_content":false,"footnotes":"","jetpack_publicize_message":"","jetpack_publicize_feature_enabled":true,"jetpack_social_post_already_shared":true,"jetpack_social_options":{"image_generator_settings":{"template":"highway","default_image_id":0,"font":"","enabled":false},"version":2}},"categories":[247,250],"tags":[],"class_list":["post-3846","post","type-post","status-publish","format-standard","has-post-thumbnail","hentry","category-1-mannschaft","category-veranstaltungen"],"jetpack_publicize_connections":[],"jetpack_featured_media_url":"https:\/\/i0.wp.com\/www.tus-oppenau.de\/fussball\/wp-content\/uploads\/2017\/02\/tus_hdi_cup_2017_plakat_thumb.jpg?fit=516%2C722&ssl=1","jetpack_sharing_enabled":true,"jetpack_likes_enabled":true,"_links":{"self":[{"href":"https:\/\/www.tus-oppenau.de\/fussball\/wp-json\/wp\/v2\/posts\/3846","targetHints":{"allow":["GET"]}}],"collection":[{"href":"https:\/\/www.tus-oppenau.de\/fussball\/wp-json\/wp\/v2\/posts"}],"about":[{"href":"https:\/\/www.tus-oppenau.de\/fussball\/wp-json\/wp\/v2\/types\/post"}],"author":[{"embeddable":true,"href":"https:\/\/www.tus-oppenau.de\/fussball\/wp-json\/wp\/v2\/users\/47"}],"replies":[{"embeddable":true,"href":"https:\/\/www.tus-oppenau.de\/fussball\/wp-json\/wp\/v2\/comments?post=3846"}],"version-history":[{"count":7,"href":"https:\/\/www.tus-oppenau.de\/fussball\/wp-json\/wp\/v2\/posts\/3846\/revisions"}],"predecessor-version":[{"id":3865,"href":"https:\/\/www.tus-oppenau.de\/fussball\/wp-json\/wp\/v2\/posts\/3846\/revisions\/3865"}],"wp:featuredmedia":[{"embeddable":true,"href":"https:\/\/www.tus-oppenau.de\/fussball\/wp-json\/wp\/v2\/media\/3758"}],"wp:attachment":[{"href":"https:\/\/www.tus-oppenau.de\/fussball\/wp-json\/wp\/v2\/media?parent=3846"}],"wp:term":[{"taxonomy":"category","embeddable":true,"href":"https:\/\/www.tus-oppenau.de\/fussball\/wp-json\/wp\/v2\/categories?post=3846"},{"taxonomy":"post_tag","embeddable":true,"href":"https:\/\/www.tus-oppenau.de\/fussball\/wp-json\/wp\/v2\/tags?post=3846"}],"curies":[{"name":"wp","href":"https:\/\/api.w.org\/{rel}","templated":true}]}}