{"id":3867,"date":"2017-03-05T19:42:33","date_gmt":"2017-03-05T17:42:33","guid":{"rendered":"http:\/\/www.tus-oppenau.de\/fussball\/?p=3867"},"modified":"2017-04-16T12:35:29","modified_gmt":"2017-04-16T10:35:29","slug":"7-tore-beim-derby-in-oppenau-durbach-verteidigt-tabellenfuehrung","status":"publish","type":"post","link":"https:\/\/www.tus-oppenau.de\/fussball\/2017\/03\/7-tore-beim-derby-in-oppenau-durbach-verteidigt-tabellenfuehrung\/","title":{"rendered":"7 Tore beim Derby in Oppenau, Durbach verteidigt Tabellenf\u00fchrung"},"content":{"rendered":"<p><strong>Ein rassiges Derby bekamen die zahlreichen Zuschauer am Oppenauer Haldenhof zum Auftakt nach der Winterpause geboten. In diesem Spiel war alles geboten was die Faszination Fu\u00dfball ausmacht: 7 Tore, 2 mal Aluminium, eine Gelb-Rote Karte, ein verschossener Elfmeter, Zahlreiche Chancen auf beiden Seiten und zwei Treffer in der Nachspielzeit. Am Ende hatte der Tabellenf\u00fchrer TuS Durbach nach einer fulminanten Aufholjagt in der Schlussphase das bessere Ende f\u00fcr sich und siegte gl\u00fccklich mit 4:3 nach 1:3 R\u00fcckstand.\u00a0 <\/strong><\/p>\n<p>Es waren noch nicht alle Zuschauer am Haldenhof eingetroffen da ging Oppenau bereits in F\u00fchrung. Einen langen Diagonalball von Nicola Herrmann nahm Dominic Huber an der Strafraumgrenze an, fackelte nicht lange und donnerte den Ball per Volleyschu\u00df unter die Querlatte. Oppenau erh\u00f6hte dann bereits in der 11. Minute auf 2:0. Nach einem Eckball von Simon Vogt setzte sich Dominik Treyer im F\u00fcnfmeterraum durch und traf per Kopfballaufsetzer. In diesem Tempo ging es weiter, Schiedsrichter Schmidt entschied in der 15. Minute auf Freisto\u00df f\u00fcr Durbach an der Oppenauer Strafraumgrenze. Jan Philipowski nahm aus zentraler Position genau Ma\u00df und traf in den rechten oberen Winkel zum 2:1 Anschlusstreffer f\u00fcr den Tabellenf\u00fchrer. In der Folge versuchte Durbach zum Ausgleich zu kommen, hatte mehr Ballbesitz, kam aber nicht entscheidend durch die Oppenauer Abwehrreihen. In der 35. Minute brachte Oppenaus Keeper Jose Poveda Durbachs Mittelst\u00fcrmer Philipowski im Strafraum zu Fall und Schiedsrichter Schmidt zeigte auf den Elfmeterpunkt. Diesen konnte Poveda aber gegen Philipowski parieren. Kurz vor der Halbzeit verpasste Oppenaus Markus Bruder nach Flanke von Dominic Huber nur knapp das Tor.<\/p>\n<p>Oppenau tat der Pausentee gut. In der 50. Minute setzte sich Simon Vogt im Strafraum sehenswert durch und h\u00e4mmerte aus spitzem Winkel an die Querlatte. Direkt im Anschluss hatte Oppenaus Livui-Mihai zwei dicke Chancen die F\u00fchrung auszubauen. In der 56. Minute landete ein direkter Freisto\u00df von Simon Vogt im Durbacher Tor, Schiedsrichter Schmidt entschied aber auf Abseits. In der 58. Minute dann eine Riesenchance f\u00fcr Durbach, nach zweimaliger Rettung in letzter Sekunde klatsche der Ball beim dritten Versuch an den linken Pfosten. In der 66. Minute pr\u00fcfte Simon Vogt erneut Keeper Grothmann mit einem direkten Freisto\u00df, den Nachschuss von Dominic Huber drehte Durbachs Keeper mit einer Glanzparade noch um den Pfosten. Zwei Minuten sp\u00e4ter dann das 3:1 f\u00fcr Oppenau. Erneut war es ein direkter Freisto\u00df von Simon Vogt, im Nachsetzen dr\u00fcckte Fabian Wild den Ball \u00fcber die Linie. In der 72. Minute kassierte Durbachs Danny Oehler nach wiederholtem Foulspiel eine Gelb-Rote Karte. Durbach gab sich aber zu keinem Zeitpunkt auf und warf in der Schlussphase alles nach vorne. In der 80. Minute verfehlte Durbachs Bienias von der Strafraumgrenze knapp sein Ziel. Oppenau spielte die sich bietenden Konterchancen nicht konsequent zu Ende. In der 86. Minute dann der Anschlusstreffer f\u00fcr Durbach zum 2:3. Jannik Rieter traf von der Strafraumgrenze flach in die kurze Ecke. Nun war Durbach am Dr\u00fccker und Niko Oehler nutzte in der 92. Minute nach einer Standardsituation die Gelegenheit und h\u00e4mmerte den Ball aus kurzer Distanz zum Ausgleich in die Maschen. Direkt nach Wiederanpfiff wurde ein langer Ball per Kopf auf den eingewechselten Paris abgelegt, der den den Ball zum 4:3 Siegtreffer f\u00fcr Durbach einschob.<\/p>\n<figure id=\"attachment_3868\" aria-describedby=\"caption-attachment-3868\" style=\"width: 673px\" class=\"wp-caption alignnone\"><a href=\"https:\/\/i0.wp.com\/www.tus-oppenau.de\/fussball\/wp-content\/uploads\/2017\/03\/tor_oppenau_2-0_dominik_treyer.jpg?ssl=1\"><img data-recalc-dims=\"1\" loading=\"lazy\" decoding=\"async\" class=\"wp-image-3868 size-medium\" src=\"https:\/\/i0.wp.com\/www.tus-oppenau.de\/fussball\/wp-content\/uploads\/2017\/03\/tor_oppenau_2-0_dominik_treyer.jpg?resize=474%2C320&#038;ssl=1\" width=\"474\" height=\"320\" srcset=\"https:\/\/i0.wp.com\/www.tus-oppenau.de\/fussball\/wp-content\/uploads\/2017\/03\/tor_oppenau_2-0_dominik_treyer.jpg?resize=673%2C455&amp;ssl=1 673w, https:\/\/i0.wp.com\/www.tus-oppenau.de\/fussball\/wp-content\/uploads\/2017\/03\/tor_oppenau_2-0_dominik_treyer.jpg?resize=300%2C203&amp;ssl=1 300w, https:\/\/i0.wp.com\/www.tus-oppenau.de\/fussball\/wp-content\/uploads\/2017\/03\/tor_oppenau_2-0_dominik_treyer.jpg?resize=150%2C101&amp;ssl=1 150w, https:\/\/i0.wp.com\/www.tus-oppenau.de\/fussball\/wp-content\/uploads\/2017\/03\/tor_oppenau_2-0_dominik_treyer.jpg?resize=768%2C519&amp;ssl=1 768w, https:\/\/i0.wp.com\/www.tus-oppenau.de\/fussball\/wp-content\/uploads\/2017\/03\/tor_oppenau_2-0_dominik_treyer.jpg?resize=1260%2C851&amp;ssl=1 1260w, https:\/\/i0.wp.com\/www.tus-oppenau.de\/fussball\/wp-content\/uploads\/2017\/03\/tor_oppenau_2-0_dominik_treyer.jpg?w=2021&amp;ssl=1 2021w, https:\/\/i0.wp.com\/www.tus-oppenau.de\/fussball\/wp-content\/uploads\/2017\/03\/tor_oppenau_2-0_dominik_treyer.jpg?w=948&amp;ssl=1 948w, https:\/\/i0.wp.com\/www.tus-oppenau.de\/fussball\/wp-content\/uploads\/2017\/03\/tor_oppenau_2-0_dominik_treyer.jpg?w=1422&amp;ssl=1 1422w\" sizes=\"auto, (max-width: 474px) 100vw, 474px\" \/><\/a><figcaption id=\"caption-attachment-3868\" class=\"wp-caption-text\">Das Tor zum 2:0 f\u00fcr Oppenau in der der 11. Minute durch Dominik Treyer<\/figcaption><\/figure>\n<figure id=\"attachment_3869\" aria-describedby=\"caption-attachment-3869\" style=\"width: 673px\" class=\"wp-caption alignnone\"><a href=\"https:\/\/i0.wp.com\/www.tus-oppenau.de\/fussball\/wp-content\/uploads\/2017\/03\/zuschauer.jpg?ssl=1\"><img data-recalc-dims=\"1\" loading=\"lazy\" decoding=\"async\" class=\"wp-image-3869 size-medium\" src=\"https:\/\/i0.wp.com\/www.tus-oppenau.de\/fussball\/wp-content\/uploads\/2017\/03\/zuschauer.jpg?resize=474%2C142&#038;ssl=1\" width=\"474\" height=\"142\" srcset=\"https:\/\/i0.wp.com\/www.tus-oppenau.de\/fussball\/wp-content\/uploads\/2017\/03\/zuschauer-scaled.jpg?resize=673%2C202&amp;ssl=1 673w, https:\/\/i0.wp.com\/www.tus-oppenau.de\/fussball\/wp-content\/uploads\/2017\/03\/zuschauer-scaled.jpg?resize=300%2C90&amp;ssl=1 300w, https:\/\/i0.wp.com\/www.tus-oppenau.de\/fussball\/wp-content\/uploads\/2017\/03\/zuschauer-scaled.jpg?resize=150%2C45&amp;ssl=1 150w, https:\/\/i0.wp.com\/www.tus-oppenau.de\/fussball\/wp-content\/uploads\/2017\/03\/zuschauer-scaled.jpg?resize=768%2C231&amp;ssl=1 768w, https:\/\/i0.wp.com\/www.tus-oppenau.de\/fussball\/wp-content\/uploads\/2017\/03\/zuschauer-scaled.jpg?resize=1260%2C379&amp;ssl=1 1260w, https:\/\/i0.wp.com\/www.tus-oppenau.de\/fussball\/wp-content\/uploads\/2017\/03\/zuschauer-scaled.jpg?w=948&amp;ssl=1 948w, https:\/\/i0.wp.com\/www.tus-oppenau.de\/fussball\/wp-content\/uploads\/2017\/03\/zuschauer-scaled.jpg?w=1422&amp;ssl=1 1422w\" sizes=\"auto, (max-width: 474px) 100vw, 474px\" \/><\/a><figcaption id=\"caption-attachment-3869\" class=\"wp-caption-text\">Zahlreiche Zuschauer verfolgten das Derby am Oppenauer Haldenhof<\/figcaption><\/figure>\n<p><a href=\"https:\/\/i0.wp.com\/www.tus-oppenau.de\/fussball\/wp-content\/uploads\/2017\/03\/durbach.jpg?ssl=1\"><img data-recalc-dims=\"1\" loading=\"lazy\" decoding=\"async\" class=\"alignnone size-medium wp-image-3871\" src=\"https:\/\/i0.wp.com\/www.tus-oppenau.de\/fussball\/wp-content\/uploads\/2017\/03\/durbach.jpg?resize=474%2C437&#038;ssl=1\" alt=\"\" width=\"474\" height=\"437\" srcset=\"https:\/\/i0.wp.com\/www.tus-oppenau.de\/fussball\/wp-content\/uploads\/2017\/03\/durbach.jpg?resize=673%2C620&amp;ssl=1 673w, https:\/\/i0.wp.com\/www.tus-oppenau.de\/fussball\/wp-content\/uploads\/2017\/03\/durbach.jpg?resize=300%2C276&amp;ssl=1 300w, https:\/\/i0.wp.com\/www.tus-oppenau.de\/fussball\/wp-content\/uploads\/2017\/03\/durbach.jpg?resize=150%2C138&amp;ssl=1 150w, https:\/\/i0.wp.com\/www.tus-oppenau.de\/fussball\/wp-content\/uploads\/2017\/03\/durbach.jpg?resize=768%2C707&amp;ssl=1 768w, https:\/\/i0.wp.com\/www.tus-oppenau.de\/fussball\/wp-content\/uploads\/2017\/03\/durbach.jpg?w=844&amp;ssl=1 844w\" sizes=\"auto, (max-width: 474px) 100vw, 474px\" \/><\/a><\/p>\n","protected":false},"excerpt":{"rendered":"<p>Ein rassiges Derby bekamen die zahlreichen Zuschauer am Oppenauer Haldenhof zum Auftakt nach der Winterpause geboten. In diesem Spiel war alles geboten was die Faszination Fu\u00dfball ausmacht: 7 Tore, 2 mal Aluminium, eine Gelb-Rote Karte, ein verschossener Elfmeter, Zahlreiche Chancen auf beiden Seiten und zwei Treffer in der Nachspielzeit. Am Ende hatte der Tabellenf\u00fchrer TuS &hellip; <a href=\"https:\/\/www.tus-oppenau.de\/fussball\/2017\/03\/7-tore-beim-derby-in-oppenau-durbach-verteidigt-tabellenfuehrung\/\" class=\"more-link\"><span class=\"screen-reader-text\">7 Tore beim Derby in Oppenau, Durbach verteidigt Tabellenf\u00fchrung<\/span> weiterlesen <span class=\"meta-nav\">&rarr;<\/span><\/a><\/p>\n","protected":false},"author":93,"featured_media":3868,"comment_status":"closed","ping_status":"open","sticky":false,"template":"","format":"standard","meta":{"_jetpack_memberships_contains_paid_content":false,"footnotes":"","jetpack_publicize_message":"","jetpack_publicize_feature_enabled":true,"jetpack_social_post_already_shared":true,"jetpack_social_options":{"image_generator_settings":{"template":"highway","default_image_id":0,"font":"","enabled":false},"version":2}},"categories":[247],"tags":[],"class_list":["post-3867","post","type-post","status-publish","format-standard","has-post-thumbnail","hentry","category-1-mannschaft"],"jetpack_publicize_connections":[],"jetpack_featured_media_url":"https:\/\/i0.wp.com\/www.tus-oppenau.de\/fussball\/wp-content\/uploads\/2017\/03\/tor_oppenau_2-0_dominik_treyer.jpg?fit=2021%2C1365&ssl=1","jetpack_sharing_enabled":true,"jetpack_likes_enabled":true,"_links":{"self":[{"href":"https:\/\/www.tus-oppenau.de\/fussball\/wp-json\/wp\/v2\/posts\/3867","targetHints":{"allow":["GET"]}}],"collection":[{"href":"https:\/\/www.tus-oppenau.de\/fussball\/wp-json\/wp\/v2\/posts"}],"about":[{"href":"https:\/\/www.tus-oppenau.de\/fussball\/wp-json\/wp\/v2\/types\/post"}],"author":[{"embeddable":true,"href":"https:\/\/www.tus-oppenau.de\/fussball\/wp-json\/wp\/v2\/users\/93"}],"replies":[{"embeddable":true,"href":"https:\/\/www.tus-oppenau.de\/fussball\/wp-json\/wp\/v2\/comments?post=3867"}],"version-history":[{"count":2,"href":"https:\/\/www.tus-oppenau.de\/fussball\/wp-json\/wp\/v2\/posts\/3867\/revisions"}],"predecessor-version":[{"id":3872,"href":"https:\/\/www.tus-oppenau.de\/fussball\/wp-json\/wp\/v2\/posts\/3867\/revisions\/3872"}],"wp:featuredmedia":[{"embeddable":true,"href":"https:\/\/www.tus-oppenau.de\/fussball\/wp-json\/wp\/v2\/media\/3868"}],"wp:attachment":[{"href":"https:\/\/www.tus-oppenau.de\/fussball\/wp-json\/wp\/v2\/media?parent=3867"}],"wp:term":[{"taxonomy":"category","embeddable":true,"href":"https:\/\/www.tus-oppenau.de\/fussball\/wp-json\/wp\/v2\/categories?post=3867"},{"taxonomy":"post_tag","embeddable":true,"href":"https:\/\/www.tus-oppenau.de\/fussball\/wp-json\/wp\/v2\/tags?post=3867"}],"curies":[{"name":"wp","href":"https:\/\/api.w.org\/{rel}","templated":true}]}}