{"id":4727,"date":"2017-11-23T17:13:06","date_gmt":"2017-11-23T15:13:06","guid":{"rendered":"http:\/\/www.tus-oppenau.de\/fussball\/?p=4727"},"modified":"2018-01-22T21:31:05","modified_gmt":"2018-01-22T19:31:05","slug":"3-mannschaft-ist-herbstmeister","status":"publish","type":"post","link":"https:\/\/www.tus-oppenau.de\/fussball\/2017\/11\/3-mannschaft-ist-herbstmeister\/","title":{"rendered":"3. Mannschaft ist Herbstmeister!"},"content":{"rendered":"<p><span style=\"font-size: 26px; font-weight: bold;\">Bericht von den Reservemannschaften<\/span><\/p>\n<h2>2. Mannschaft erk\u00e4mpft sich Punkt im Nachholspiel gegen den SV Ulm.<\/h2>\n<p>Trotz einer 50-Min\u00fctigen Unterzahl hat sich die Landesliga-Reserve des TuS Oppenau ein 1:1 Unentschieden gegen den SV Ulm erk\u00e4mpft. Bei kalten Temperaturen und Nebel brachte Manuel Meier den SV Ulm nach einer Standard-Situation in F\u00fchrung. Nach einem Platzverweis gegen den TuS k\u00f6pfte Simon Birk bereits in der 45. Minute zum Endstand ein. In H\u00e4lfte 2 merkte man dem Spiel die Unterzahl nicht an. Moritz Mischall hatte sogar kurz vor Schluss die F\u00fchrung auf dem Fu\u00df, scheiterte aber am Ulmer Schlussmann.<br \/>\nF\u00fcr die 2. Mannschaft geht eine durchwachsene Hinserie zu Ende. In der R\u00fcckrunde, die am Samstag beim SV Oberkirch 2 beginnt will man die Punkteausbeute auf jeden Fall verbessern.<\/p>\n<h2>3. Mannschaft ist Herbstmeister!<\/h2>\n<p>Ebenfalls im Nachholspiel gegen die Reserve des SV Ulm gewann die 3. Mannschaft \u00fcberzeugend und in der H\u00f6he verdient mit 9:0 Am heimischen Haldenhof.<br \/>\nDie Tore erzielten Frank Zimmermann (3), Sebastian Schweiger (3), Jeremias Doll, Christian Kaltenbronn und J\u00fcrgen Streif. Die Mannschaft um Trainer Stefan &#8222;Bolla&#8220; Huber sicherte sich mit diesem Ergebnis die Herbstmeisterschaft!<\/p>\n","protected":false},"excerpt":{"rendered":"<p>Bericht von den Reservemannschaften 2. Mannschaft erk\u00e4mpft sich Punkt im Nachholspiel gegen den SV Ulm. Trotz einer 50-Min\u00fctigen Unterzahl hat sich die Landesliga-Reserve des TuS Oppenau ein 1:1 Unentschieden gegen den SV Ulm erk\u00e4mpft. Bei kalten Temperaturen und Nebel brachte Manuel Meier den SV Ulm nach einer Standard-Situation in F\u00fchrung. Nach einem Platzverweis gegen den &hellip; <a href=\"https:\/\/www.tus-oppenau.de\/fussball\/2017\/11\/3-mannschaft-ist-herbstmeister\/\" class=\"more-link\"><span class=\"screen-reader-text\">3. Mannschaft ist Herbstmeister!<\/span> weiterlesen <span class=\"meta-nav\">&rarr;<\/span><\/a><\/p>\n","protected":false},"author":93,"featured_media":4726,"comment_status":"closed","ping_status":"open","sticky":false,"template":"","format":"standard","meta":{"_jetpack_memberships_contains_paid_content":false,"footnotes":"","jetpack_publicize_message":"","jetpack_publicize_feature_enabled":true,"jetpack_social_post_already_shared":true,"jetpack_social_options":{"image_generator_settings":{"template":"highway","default_image_id":0,"font":"","enabled":false},"version":2}},"categories":[248,267],"tags":[],"class_list":["post-4727","post","type-post","status-publish","format-standard","has-post-thumbnail","hentry","category-2-mannschaft","category-3-mannschaft"],"jetpack_publicize_connections":[],"jetpack_featured_media_url":"https:\/\/i0.wp.com\/www.tus-oppenau.de\/fussball\/wp-content\/uploads\/2017\/11\/IMG-20171123-WA0002.jpg?fit=960%2C1280&ssl=1","jetpack_sharing_enabled":true,"jetpack_likes_enabled":true,"_links":{"self":[{"href":"https:\/\/www.tus-oppenau.de\/fussball\/wp-json\/wp\/v2\/posts\/4727","targetHints":{"allow":["GET"]}}],"collection":[{"href":"https:\/\/www.tus-oppenau.de\/fussball\/wp-json\/wp\/v2\/posts"}],"about":[{"href":"https:\/\/www.tus-oppenau.de\/fussball\/wp-json\/wp\/v2\/types\/post"}],"author":[{"embeddable":true,"href":"https:\/\/www.tus-oppenau.de\/fussball\/wp-json\/wp\/v2\/users\/93"}],"replies":[{"embeddable":true,"href":"https:\/\/www.tus-oppenau.de\/fussball\/wp-json\/wp\/v2\/comments?post=4727"}],"version-history":[{"count":1,"href":"https:\/\/www.tus-oppenau.de\/fussball\/wp-json\/wp\/v2\/posts\/4727\/revisions"}],"predecessor-version":[{"id":4728,"href":"https:\/\/www.tus-oppenau.de\/fussball\/wp-json\/wp\/v2\/posts\/4727\/revisions\/4728"}],"wp:featuredmedia":[{"embeddable":true,"href":"https:\/\/www.tus-oppenau.de\/fussball\/wp-json\/wp\/v2\/media\/4726"}],"wp:attachment":[{"href":"https:\/\/www.tus-oppenau.de\/fussball\/wp-json\/wp\/v2\/media?parent=4727"}],"wp:term":[{"taxonomy":"category","embeddable":true,"href":"https:\/\/www.tus-oppenau.de\/fussball\/wp-json\/wp\/v2\/categories?post=4727"},{"taxonomy":"post_tag","embeddable":true,"href":"https:\/\/www.tus-oppenau.de\/fussball\/wp-json\/wp\/v2\/tags?post=4727"}],"curies":[{"name":"wp","href":"https:\/\/api.w.org\/{rel}","templated":true}]}}