{"id":4863,"date":"2018-01-22T18:25:29","date_gmt":"2018-01-22T16:25:29","guid":{"rendered":"http:\/\/www.tus-oppenau.de\/fussball\/?p=4863"},"modified":"2018-03-04T14:39:54","modified_gmt":"2018-03-04T12:39:54","slug":"tus-ski-tour-nach-schladming","status":"publish","type":"post","link":"https:\/\/www.tus-oppenau.de\/fussball\/2018\/01\/tus-ski-tour-nach-schladming\/","title":{"rendered":"TuS Ski-tour nach Schladming"},"content":{"rendered":"<p align=\"justify\">Die diesj\u00e4hrige TuS Ski-Tour f\u00fchrte nach Schladming welches zum Skigebietsverbund <b><i><a href=\"http:\/\/skiamade.com\/de\/winter\">Ski amade<\/a> <\/i><\/b>geh\u00f6rt. Es war die nunmehr <strong>21.<\/strong> TuS Ski-Tour und zum ersten Mal ging es in die Steiermark. Insgesamt 14 Mann verbrachten in dem Austragungsort der Alpinen Ski-WM von 2013 vier Tage bei guten \u00e4u\u00dferen Bedingungen auf den Pisten der 4-Berge-Skischaukel.<\/p>\n<p align=\"justify\"><a href=\"https:\/\/i0.wp.com\/www.tus-oppenau.de\/fussball\/wp-content\/uploads\/2018\/01\/AQGO5141.jpg?ssl=1\"><img data-recalc-dims=\"1\" loading=\"lazy\" decoding=\"async\" style=\"background-image: none; padding-top: 0px; padding-left: 0px; display: inline; padding-right: 0px; border: 0px;\" title=\"AQGO5141\" src=\"https:\/\/i0.wp.com\/www.tus-oppenau.de\/fussball\/wp-content\/uploads\/2018\/01\/AQGO5141_thumb.jpg?resize=474%2C357&#038;ssl=1\" alt=\"AQGO5141\" width=\"474\" height=\"357\" border=\"0\" \/><\/a><\/p>\n<p align=\"justify\"><a href=\"https:\/\/i0.wp.com\/www.tus-oppenau.de\/fussball\/wp-content\/uploads\/2018\/01\/4-berge-panorama-2015-2016-1-.jpg?ssl=1\"><img data-recalc-dims=\"1\" loading=\"lazy\" decoding=\"async\" style=\"background-image: none; padding-top: 0px; padding-left: 0px; display: inline; padding-right: 0px; border: 0px;\" title=\"4-berge-panorama-2015-2016-1-\" src=\"https:\/\/i0.wp.com\/www.tus-oppenau.de\/fussball\/wp-content\/uploads\/2018\/01\/4-berge-panorama-2015-2016-1-_thumb.jpg?resize=474%2C230&#038;ssl=1\" alt=\"4-berge-panorama-2015-2016-1-\" width=\"474\" height=\"230\" border=\"0\" \/><\/a><\/p>\n<p>Untergebracht war man diesmal im <a href=\"http:\/\/www.raunerhof.at\/\">Hotel Gut Raunerhof in Pichl<\/a> welches direkt an der Skipiste liegt. Nach dem ausgiebigen Fr\u00fchst\u00fcck konnte man direkt vom Skikeller auf die Piste gehen und wundersch\u00f6ne Abfahrten mit Neuschneeauflage genie\u00dfen.<\/p>\n<p><a href=\"https:\/\/i0.wp.com\/www.tus-oppenau.de\/fussball\/wp-content\/uploads\/2018\/01\/IMG_5291.jpg?ssl=1\"><img data-recalc-dims=\"1\" loading=\"lazy\" decoding=\"async\" style=\"background-image: none; padding-top: 0px; padding-left: 0px; display: inline; padding-right: 0px; border: 0px;\" title=\"IMG_5291\" src=\"https:\/\/i0.wp.com\/www.tus-oppenau.de\/fussball\/wp-content\/uploads\/2018\/01\/IMG_5291_thumb.jpg?resize=281%2C212&#038;ssl=1\" alt=\"IMG_5291\" width=\"281\" height=\"212\" border=\"0\" \/><\/a>\u00a0<a href=\"https:\/\/i0.wp.com\/www.tus-oppenau.de\/fussball\/wp-content\/uploads\/2018\/01\/IMG_5293.jpg?ssl=1\"><img data-recalc-dims=\"1\" loading=\"lazy\" decoding=\"async\" style=\"background-image: none; padding-top: 0px; padding-left: 0px; display: inline; padding-right: 0px; border: 0px;\" title=\"IMG_5293\" src=\"https:\/\/i0.wp.com\/www.tus-oppenau.de\/fussball\/wp-content\/uploads\/2018\/01\/IMG_5293_thumb.jpg?resize=282%2C213&#038;ssl=1\" alt=\"IMG_5293\" width=\"282\" height=\"213\" border=\"0\" \/><\/a><\/p>\n<p><a href=\"https:\/\/i0.wp.com\/www.tus-oppenau.de\/fussball\/wp-content\/uploads\/2018\/01\/IMG_5325.jpg?ssl=1\"><img data-recalc-dims=\"1\" loading=\"lazy\" decoding=\"async\" style=\"background-image: none; padding-top: 0px; padding-left: 0px; display: inline; padding-right: 0px; border: 0px;\" title=\"IMG_5325\" src=\"https:\/\/i0.wp.com\/www.tus-oppenau.de\/fussball\/wp-content\/uploads\/2018\/01\/IMG_5325_thumb.jpg?resize=280%2C211&#038;ssl=1\" alt=\"IMG_5325\" width=\"280\" height=\"211\" border=\"0\" \/><\/a>\u00a0<a href=\"https:\/\/i0.wp.com\/www.tus-oppenau.de\/fussball\/wp-content\/uploads\/2018\/01\/IMG_5363.jpg?ssl=1\"><img data-recalc-dims=\"1\" loading=\"lazy\" decoding=\"async\" style=\"background-image: none; padding-top: 0px; padding-left: 0px; display: inline; padding-right: 0px; border: 0px;\" title=\"IMG_5363\" src=\"https:\/\/i0.wp.com\/www.tus-oppenau.de\/fussball\/wp-content\/uploads\/2018\/01\/IMG_5363_thumb.jpg?resize=280%2C211&#038;ssl=1\" alt=\"IMG_5363\" width=\"280\" height=\"211\" border=\"0\" \/><\/a><\/p>\n<p><a href=\"https:\/\/i0.wp.com\/www.tus-oppenau.de\/fussball\/wp-content\/uploads\/2018\/01\/IMG_5380.jpg?ssl=1\"><img data-recalc-dims=\"1\" loading=\"lazy\" decoding=\"async\" style=\"background-image: none; padding-top: 0px; padding-left: 0px; display: inline; padding-right: 0px; border: 0px;\" title=\"IMG_5380\" src=\"https:\/\/i0.wp.com\/www.tus-oppenau.de\/fussball\/wp-content\/uploads\/2018\/01\/IMG_5380_thumb.jpg?resize=282%2C213&#038;ssl=1\" alt=\"IMG_5380\" width=\"282\" height=\"213\" border=\"0\" \/><\/a>\u00a0<a href=\"https:\/\/i0.wp.com\/www.tus-oppenau.de\/fussball\/wp-content\/uploads\/2018\/01\/LUHH6414_.jpg?ssl=1\"><img data-recalc-dims=\"1\" loading=\"lazy\" decoding=\"async\" style=\"background-image: none; padding-top: 0px; padding-left: 0px; display: inline; padding-right: 0px; border: 0px;\" title=\"LUHH6414_\" src=\"https:\/\/i0.wp.com\/www.tus-oppenau.de\/fussball\/wp-content\/uploads\/2018\/01\/LUHH6414__thumb.jpg?resize=279%2C259&#038;ssl=1\" alt=\"LUHH6414_\" width=\"279\" height=\"259\" border=\"0\" \/><\/a><\/p>\n<p><a href=\"https:\/\/i0.wp.com\/www.tus-oppenau.de\/fussball\/wp-content\/uploads\/2018\/01\/HZUG2922.jpg?ssl=1\"><img data-recalc-dims=\"1\" loading=\"lazy\" decoding=\"async\" style=\"background-image: none; padding-top: 0px; padding-left: 0px; display: inline; padding-right: 0px; border: 0px;\" title=\"HZUG2922\" src=\"https:\/\/i0.wp.com\/www.tus-oppenau.de\/fussball\/wp-content\/uploads\/2018\/01\/HZUG2922_thumb.jpg?resize=285%2C215&#038;ssl=1\" alt=\"HZUG2922\" width=\"285\" height=\"215\" border=\"0\" \/><\/a>\u00a0<a href=\"https:\/\/i0.wp.com\/www.tus-oppenau.de\/fussball\/wp-content\/uploads\/2018\/01\/IKVQ0191.jpg?ssl=1\"><img data-recalc-dims=\"1\" loading=\"lazy\" decoding=\"async\" style=\"background-image: none; padding-top: 0px; padding-left: 0px; display: inline; padding-right: 0px; border: 0px;\" title=\"IKVQ0191\" src=\"https:\/\/i0.wp.com\/www.tus-oppenau.de\/fussball\/wp-content\/uploads\/2018\/01\/IKVQ0191_thumb.jpg?resize=282%2C213&#038;ssl=1\" alt=\"IKVQ0191\" width=\"282\" height=\"213\" border=\"0\" \/><\/a><\/p>\n<p>Ein herzliches Dankesch\u00f6n an Karl Kimmig f\u00fcr die wieder einmal perfekte Organisation.<\/p>\n<p><a href=\"https:\/\/i0.wp.com\/www.tus-oppenau.de\/fussball\/wp-content\/uploads\/2018\/01\/Gruppenbild_TuS.jpg?ssl=1\"><img data-recalc-dims=\"1\" loading=\"lazy\" decoding=\"async\" style=\"background-image: none; padding-top: 0px; padding-left: 0px; display: inline; padding-right: 0px; border: 0px;\" title=\"Gruppenbild_TuS\" src=\"https:\/\/i0.wp.com\/www.tus-oppenau.de\/fussball\/wp-content\/uploads\/2018\/01\/Gruppenbild_TuS_thumb.jpg?resize=474%2C267&#038;ssl=1\" alt=\"Gruppenbild_TuS\" width=\"474\" height=\"267\" border=\"0\" \/><\/a><\/p>\n","protected":false},"excerpt":{"rendered":"<p>Die diesj\u00e4hrige TuS Ski-Tour f\u00fchrte nach Schladming welches zum Skigebietsverbund Ski amade geh\u00f6rt. Es war die nunmehr 21. TuS Ski-Tour und zum ersten Mal ging es in die Steiermark. Insgesamt 14 Mann verbrachten in dem Austragungsort der Alpinen Ski-WM von 2013 vier Tage bei guten \u00e4u\u00dferen Bedingungen auf den Pisten der 4-Berge-Skischaukel. Untergebracht war man &hellip; <a href=\"https:\/\/www.tus-oppenau.de\/fussball\/2018\/01\/tus-ski-tour-nach-schladming\/\" class=\"more-link\"><span class=\"screen-reader-text\">TuS Ski-tour nach Schladming<\/span> weiterlesen <span class=\"meta-nav\">&rarr;<\/span><\/a><\/p>\n","protected":false},"author":47,"featured_media":4861,"comment_status":"closed","ping_status":"open","sticky":false,"template":"","format":"standard","meta":{"_jetpack_memberships_contains_paid_content":false,"footnotes":"","jetpack_publicize_message":"","jetpack_publicize_feature_enabled":true,"jetpack_social_post_already_shared":true,"jetpack_social_options":{"image_generator_settings":{"template":"highway","default_image_id":0,"font":"","enabled":false},"version":2}},"categories":[259],"tags":[],"class_list":["post-4863","post","type-post","status-publish","format-standard","has-post-thumbnail","hentry","category-ontour"],"jetpack_publicize_connections":[],"jetpack_featured_media_url":"https:\/\/i0.wp.com\/www.tus-oppenau.de\/fussball\/wp-content\/uploads\/2018\/01\/Gruppenbild_TuS.jpg?fit=1024%2C567&ssl=1","jetpack_sharing_enabled":true,"jetpack_likes_enabled":true,"_links":{"self":[{"href":"https:\/\/www.tus-oppenau.de\/fussball\/wp-json\/wp\/v2\/posts\/4863","targetHints":{"allow":["GET"]}}],"collection":[{"href":"https:\/\/www.tus-oppenau.de\/fussball\/wp-json\/wp\/v2\/posts"}],"about":[{"href":"https:\/\/www.tus-oppenau.de\/fussball\/wp-json\/wp\/v2\/types\/post"}],"author":[{"embeddable":true,"href":"https:\/\/www.tus-oppenau.de\/fussball\/wp-json\/wp\/v2\/users\/47"}],"replies":[{"embeddable":true,"href":"https:\/\/www.tus-oppenau.de\/fussball\/wp-json\/wp\/v2\/comments?post=4863"}],"version-history":[{"count":3,"href":"https:\/\/www.tus-oppenau.de\/fussball\/wp-json\/wp\/v2\/posts\/4863\/revisions"}],"predecessor-version":[{"id":4867,"href":"https:\/\/www.tus-oppenau.de\/fussball\/wp-json\/wp\/v2\/posts\/4863\/revisions\/4867"}],"wp:featuredmedia":[{"embeddable":true,"href":"https:\/\/www.tus-oppenau.de\/fussball\/wp-json\/wp\/v2\/media\/4861"}],"wp:attachment":[{"href":"https:\/\/www.tus-oppenau.de\/fussball\/wp-json\/wp\/v2\/media?parent=4863"}],"wp:term":[{"taxonomy":"category","embeddable":true,"href":"https:\/\/www.tus-oppenau.de\/fussball\/wp-json\/wp\/v2\/categories?post=4863"},{"taxonomy":"post_tag","embeddable":true,"href":"https:\/\/www.tus-oppenau.de\/fussball\/wp-json\/wp\/v2\/tags?post=4863"}],"curies":[{"name":"wp","href":"https:\/\/api.w.org\/{rel}","templated":true}]}}