{"id":4953,"date":"2018-03-04T14:09:07","date_gmt":"2018-03-04T12:09:07","guid":{"rendered":"http:\/\/www.tus-oppenau.de\/fussball\/?p=4953"},"modified":"2018-03-24T18:51:16","modified_gmt":"2018-03-24T16:51:16","slug":"tus-oppenau-gewinnt-renchtalderby-mit-50","status":"publish","type":"post","link":"https:\/\/www.tus-oppenau.de\/fussball\/2018\/03\/tus-oppenau-gewinnt-renchtalderby-mit-50\/","title":{"rendered":"TuS Oppenau gewinnt Renchtalderby mit 5:0"},"content":{"rendered":"<p><strong>Erste (5:0) und Zweite Mannschaft (2:1) nehmen die Punkte im Renchtalderby mit nach Hause.<\/strong><\/p>\n<p><iframe loading=\"lazy\" title=\"Derbysieg: SV Oberkirch-TuS Oppenau 0:5     4. M\u00e4rz 2018\" width=\"474\" height=\"267\" src=\"https:\/\/www.youtube.com\/embed\/7TSdQ_JayRE?feature=oembed\" frameborder=\"0\" allow=\"accelerometer; autoplay; clipboard-write; encrypted-media; gyroscope; picture-in-picture; web-share\" referrerpolicy=\"strict-origin-when-cross-origin\" allowfullscreen><\/iframe><\/p>\n<p>Trotz Schnee und schwierigen Platzverh\u00e4ltnissen wurden am Samstag beide Renchtalderbys in Oberkirch angepfiffen. Bei der Ersten Mannschaft liefen die Bambinis mit den beiden Mannschaften ein.<\/p>\n<p><a href=\"https:\/\/i0.wp.com\/www.tus-oppenau.de\/fussball\/wp-content\/uploads\/2018\/03\/vlcsnap-2018-03-04-10h34m34s548.png?ssl=1\"><img data-recalc-dims=\"1\" loading=\"lazy\" decoding=\"async\" class=\"aligncenter size-medium wp-image-4955\" src=\"https:\/\/i0.wp.com\/www.tus-oppenau.de\/fussball\/wp-content\/uploads\/2018\/03\/vlcsnap-2018-03-04-10h34m34s548.png?resize=474%2C233&#038;ssl=1\" alt=\"\" width=\"474\" height=\"233\" srcset=\"https:\/\/i0.wp.com\/www.tus-oppenau.de\/fussball\/wp-content\/uploads\/2018\/03\/vlcsnap-2018-03-04-10h34m34s548.png?resize=673%2C331&amp;ssl=1 673w, https:\/\/i0.wp.com\/www.tus-oppenau.de\/fussball\/wp-content\/uploads\/2018\/03\/vlcsnap-2018-03-04-10h34m34s548.png?resize=300%2C148&amp;ssl=1 300w, https:\/\/i0.wp.com\/www.tus-oppenau.de\/fussball\/wp-content\/uploads\/2018\/03\/vlcsnap-2018-03-04-10h34m34s548.png?resize=150%2C74&amp;ssl=1 150w, https:\/\/i0.wp.com\/www.tus-oppenau.de\/fussball\/wp-content\/uploads\/2018\/03\/vlcsnap-2018-03-04-10h34m34s548.png?resize=768%2C378&amp;ssl=1 768w, https:\/\/i0.wp.com\/www.tus-oppenau.de\/fussball\/wp-content\/uploads\/2018\/03\/vlcsnap-2018-03-04-10h34m34s548.png?resize=1260%2C620&amp;ssl=1 1260w, https:\/\/i0.wp.com\/www.tus-oppenau.de\/fussball\/wp-content\/uploads\/2018\/03\/vlcsnap-2018-03-04-10h34m34s548.png?w=1304&amp;ssl=1 1304w, https:\/\/i0.wp.com\/www.tus-oppenau.de\/fussball\/wp-content\/uploads\/2018\/03\/vlcsnap-2018-03-04-10h34m34s548.png?w=948&amp;ssl=1 948w\" sizes=\"auto, (max-width: 474px) 100vw, 474px\" \/><\/a><\/p>\n<div style=\"width: 474px;\" class=\"wp-video\"><video class=\"wp-video-shortcode\" id=\"video-4953-1\" width=\"474\" height=\"267\" preload=\"metadata\" controls=\"controls\"><source type=\"video\/mp4\" src=\"https:\/\/www.tus-oppenau.de\/fussball\/wp-content\/uploads\/2018\/03\/IMG_20180303_153430Trim.mp4?_=1\" \/><a href=\"https:\/\/www.tus-oppenau.de\/fussball\/wp-content\/uploads\/2018\/03\/IMG_20180303_153430Trim.mp4\">https:\/\/www.tus-oppenau.de\/fussball\/wp-content\/uploads\/2018\/03\/IMG_20180303_153430Trim.mp4<\/a><\/video><\/div>\n<p><em>Der F\u00fchrungstreffer in der 31. Minute durch Florian M\u00fcller per direktem Freisto\u00df.\u00a0<\/em><\/p>\n<p><u><em>Quelle: Bericht und Foto:\u00a0 Kicker der Ortenau \/ Sonntagszeitung Guller<\/em><\/u><\/p>\n<p align=\"center\"><strong><u><span style=\"font-size: x-large;\">Klare Sache: Oppenau war im Derby eine Nummer zu gro\u00df<\/span><\/u><\/strong><\/p>\n<p align=\"justify\">(wof). <strong>Die Vorherrschaft im Renchtal hat weiterhin klar der Landesliga-Tabellenf\u00fchrer TuS Oppenau inne. Im prestigetr\u00e4chtigen Duell beim Reviernachbarn SV Oberkirch siegten die Seger-Sch\u00fctzlinge am Ende souver\u00e4n mit 5:0.<\/strong><\/p>\n<p align=\"justify\">In den ersten zwanzig Minuten war es ein verteiltes Spiel im Renchtal-Stadion. Dabei hatte der Gastgeber die erste Chance als das Leder knapp am Pfosten vorbei strich. Doch dann war die Oberkircher Herrlichkeit schon vorbei. Die Oppenauer Bem\u00fchungen wurden etwas zielstrebiger und sie nahmen das Heft in die Hand. Nach einer halben Stunde gab es einen Freisto\u00df an der Strafraumgrenze. TuS-Spieler Florian M\u00fcller legte sich die Kugel zurecht und der Spitzenreiter f\u00fchrte mit 1:0. Der Treffer gab der Seger-Elf jetzt noch mehr Sicherheit. Ganze sieben Minuten sp\u00e4ter lie\u00df Florian M\u00fcller Freund und Feind stehen und zog trocken zum 2:0 ab. Bei der Heimmannschaft sanken nun die K\u00f6pfe, wenngleich Trainer Helmut Kr\u00f6ll an der Au\u00dfenlinie immer wieder die richtige K\u00f6rpersprache seiner Jungs forderte.<\/p>\n<p align=\"justify\">Nach dem Seitenwechsel wurde das Derby noch deutlicher. Oberkirch das mit erst 16 Toren in 16 Spielen zu den Minimalisten der Liga geh\u00f6rt, hatte kaum noch eine Chance. Beim TuS Oppenau setzte Spielertrainer Christian Seger eine weitere Duftnote. Ein sensationeller Schuss aus rund drei\u00dfig Meter des Ex\u2013Linxer brachte das 3:0, dem Seger zehn Minuten sp\u00e4ter das 4:0 folgen lie\u00df. Oppenau hatte Ball und Gegner im Griff und setzte auch die spielerischen Akzente in einer nun einseitigen Partie. Nach vorne ging bei den Hausherren so gut wie nichts. Logisch, dass der Reviernachbar aus Oppenau dieses Geschenk gerne annahm und durch eine tolle Kombination und dem 5:0 durch Fabian Keller im prestigetr\u00e4chtigen Lokalkampf noch einen drauf setzte.<\/p>\n<p align=\"justify\"><a href=\"https:\/\/i0.wp.com\/www.tus-oppenau.de\/fussball\/wp-content\/uploads\/2018\/03\/DA3A5335.jpg?ssl=1\"><img data-recalc-dims=\"1\" loading=\"lazy\" decoding=\"async\" style=\"background-image: none; padding-top: 0px; padding-left: 0px; display: inline; padding-right: 0px; border: 0px;\" title=\"DA3A5335\" src=\"https:\/\/i0.wp.com\/www.tus-oppenau.de\/fussball\/wp-content\/uploads\/2018\/03\/DA3A5335_thumb.jpg?resize=474%2C408&#038;ssl=1\" alt=\"DA3A5335\" width=\"474\" height=\"408\" border=\"0\" \/><\/a><\/p>\n<p align=\"justify\"><a href=\"https:\/\/i0.wp.com\/www.tus-oppenau.de\/fussball\/wp-content\/uploads\/2018\/03\/VCIQ5464.jpg?ssl=1\"><img data-recalc-dims=\"1\" loading=\"lazy\" decoding=\"async\" style=\"background-image: none; padding-top: 0px; padding-left: 0px; display: inline; padding-right: 0px; border: 0px;\" title=\"VCIQ5464\" src=\"https:\/\/i0.wp.com\/www.tus-oppenau.de\/fussball\/wp-content\/uploads\/2018\/03\/VCIQ5464_thumb.jpg?resize=474%2C358&#038;ssl=1\" alt=\"VCIQ5464\" width=\"474\" height=\"358\" border=\"0\" \/><\/a><\/p>\n","protected":false},"excerpt":{"rendered":"<p>Erste (5:0) und Zweite Mannschaft (2:1) nehmen die Punkte im Renchtalderby mit nach Hause. Trotz Schnee und schwierigen Platzverh\u00e4ltnissen wurden am Samstag beide Renchtalderbys in Oberkirch angepfiffen. Bei der Ersten Mannschaft liefen die Bambinis mit den beiden Mannschaften ein. Der F\u00fchrungstreffer in der 31. Minute durch Florian M\u00fcller per direktem Freisto\u00df.\u00a0 Quelle: Bericht und Foto:\u00a0 &hellip; <a href=\"https:\/\/www.tus-oppenau.de\/fussball\/2018\/03\/tus-oppenau-gewinnt-renchtalderby-mit-50\/\" class=\"more-link\"><span class=\"screen-reader-text\">TuS Oppenau gewinnt Renchtalderby mit 5:0<\/span> weiterlesen <span class=\"meta-nav\">&rarr;<\/span><\/a><\/p>\n","protected":false},"author":47,"featured_media":4955,"comment_status":"closed","ping_status":"open","sticky":false,"template":"","format":"standard","meta":{"_jetpack_memberships_contains_paid_content":false,"footnotes":"","jetpack_publicize_message":"","jetpack_publicize_feature_enabled":true,"jetpack_social_post_already_shared":true,"jetpack_social_options":{"image_generator_settings":{"template":"highway","default_image_id":0,"font":"","enabled":false},"version":2}},"categories":[247],"tags":[],"class_list":["post-4953","post","type-post","status-publish","format-standard","has-post-thumbnail","hentry","category-1-mannschaft"],"jetpack_publicize_connections":[],"jetpack_featured_media_url":"https:\/\/i0.wp.com\/www.tus-oppenau.de\/fussball\/wp-content\/uploads\/2018\/03\/vlcsnap-2018-03-04-10h34m34s548.png?fit=1304%2C642&ssl=1","jetpack_sharing_enabled":true,"jetpack_likes_enabled":true,"_links":{"self":[{"href":"https:\/\/www.tus-oppenau.de\/fussball\/wp-json\/wp\/v2\/posts\/4953","targetHints":{"allow":["GET"]}}],"collection":[{"href":"https:\/\/www.tus-oppenau.de\/fussball\/wp-json\/wp\/v2\/posts"}],"about":[{"href":"https:\/\/www.tus-oppenau.de\/fussball\/wp-json\/wp\/v2\/types\/post"}],"author":[{"embeddable":true,"href":"https:\/\/www.tus-oppenau.de\/fussball\/wp-json\/wp\/v2\/users\/47"}],"replies":[{"embeddable":true,"href":"https:\/\/www.tus-oppenau.de\/fussball\/wp-json\/wp\/v2\/comments?post=4953"}],"version-history":[{"count":3,"href":"https:\/\/www.tus-oppenau.de\/fussball\/wp-json\/wp\/v2\/posts\/4953\/revisions"}],"predecessor-version":[{"id":4959,"href":"https:\/\/www.tus-oppenau.de\/fussball\/wp-json\/wp\/v2\/posts\/4953\/revisions\/4959"}],"wp:featuredmedia":[{"embeddable":true,"href":"https:\/\/www.tus-oppenau.de\/fussball\/wp-json\/wp\/v2\/media\/4955"}],"wp:attachment":[{"href":"https:\/\/www.tus-oppenau.de\/fussball\/wp-json\/wp\/v2\/media?parent=4953"}],"wp:term":[{"taxonomy":"category","embeddable":true,"href":"https:\/\/www.tus-oppenau.de\/fussball\/wp-json\/wp\/v2\/categories?post=4953"},{"taxonomy":"post_tag","embeddable":true,"href":"https:\/\/www.tus-oppenau.de\/fussball\/wp-json\/wp\/v2\/tags?post=4953"}],"curies":[{"name":"wp","href":"https:\/\/api.w.org\/{rel}","templated":true}]}}