{"id":5167,"date":"2018-05-20T08:04:06","date_gmt":"2018-05-20T06:04:06","guid":{"rendered":"http:\/\/www.tus-oppenau.de\/fussball\/?p=5167"},"modified":"2018-06-09T11:05:09","modified_gmt":"2018-06-09T09:05:09","slug":"oppenau-siegt-im-spitzenspiel-gegen-buehl","status":"publish","type":"post","link":"https:\/\/www.tus-oppenau.de\/fussball\/2018\/05\/oppenau-siegt-im-spitzenspiel-gegen-buehl\/","title":{"rendered":"Oppenau siegt im Spitzenspiel gegen B\u00fchl"},"content":{"rendered":"<p><b>Gegen den VfB B\u00fchl gelang dem TuS Oppenau mit einem 2:0 Sieg der Sprung zur\u00fcck an die Tabellenspitze. Oppenau war an diesem Tag treffsicherer vom Elfmeterpunkt, denn B\u00fchl hatte in der 4. Minute bereits die M\u00f6glichkeit per Strafsto\u00df in F\u00fchrung zu gehen, Oppenaus Kapit\u00e4n Jose Poveda zeigt sich aber erneut als \u201eElfmeterheld\u201c. Durch die Ergebnisse auf den anderen Pl\u00e4tzen ist dem TuS Oppenau bereits zwei Spieltage vor Ende der Saison der Relegationsplatz sicher.<\/b><\/p>\n<p>Das Spiel hatte kaum begonnen da zeigte Schiedsrichter Porep bereits auf den Punkt. Zwei Oppenauer Spieler waren sich nicht einig wer den Ball kl\u00e4ren sollte und B\u00fcy\u00fckasik wurde von den Beinen geholt. Beim f\u00e4lligen Strafsto\u00df verpasste Lusch die B\u00fchler F\u00fchrung, Poveda tauchte in die richtige Ecke. B\u00fchl hatte in der Anfangsphase mehr Ballbesitz und setzte Oppenau mit Pressing unter Druck. In der 10. Minute k\u00f6pfte auf der Gegenseite Keller nach einem Eckball knapp neben das Tor. In der 15. Minute pr\u00fcfte Florian M\u00fcller mit einem direkten Freisto\u00df aus 20 Metern B\u00fchls Keeper Lang. In der 25. Minute unterbrach Schiedsrichter Porep die Begegnung f\u00fcr einige Minuten wegen Gewittergefahr. Danach neutralisierten sich beide Mannschaften gr\u00f6\u00dftenteils ohne gro\u00dfe M\u00f6glichkeiten auf beiden Seiten. Kurz vor der Halbzeit hatte B\u00fchl nochmals zwei Distanzsch\u00fcsse zu verzeichnen.<\/p>\n<p>Nach der Halbzeit dasselbe Bild, B\u00fchl versuchte das Spiel zu machen, Oppenaus Defensive stand und war \u00fcber Konter gef\u00e4hrlich. In der 61. Minute schickte, der kurz zuvor eingewechselte, Spielertrainer Seger Oppenaus Kimmig steil, dieser lief auf Keeper Lang zu und kam beim Abschluss, bedr\u00e4ngt von zwei Gegenspielern, zu Fall. Schiedsrichter Porep entschied sofort auf Elfmeter. Den Strafsto\u00df versenkte Florian M\u00fcller zum 1:0 f\u00fcr den TuS Oppenau. Direkt im Anschluss hatte B\u00fchl im Strafraum eine Gro\u00dfchance, Poveda kl\u00e4rte aber mit einer Glanzparade. B\u00fchl erh\u00f6hte nun das Risiko und versuchte zum Ausgleich zu kommen. In der 70. Minute hatte Abdalla bei einem Konter das 2:0 auf dem Fu\u00df, sein Heber \u00fcber Keeper Lang ging aber knapp neben das Tor. Kurz darauf schnappte sich Bohn auf der Gegenseite den Ball an der Strafraumgrenze, blieb aber an Oppenaus Keeper Poveda h\u00e4ngen. In der 75. Minute hatte Treyer zweimal die Gelegenheit zur Vorentscheidung, Lang kl\u00e4rte mit einer Glanzparade zur Ecke. In der 84. Minute dann die Entscheidung f\u00fcr Oppenau. M\u00fcller schickte Abdalla steil, dieser schob den Ball aus 12 Metern zum 2:0 in die kurze Ecke. In der Schlussphase hatte Oppenau noch Gelegenheiten das Ergebnis zu erh\u00f6hen. In der Nachspielzeit wurde B\u00fchls Muscatello noch wegen einer Unsportlichkeit des Feldes verwiesen.<\/p>\n<p><a href=\"https:\/\/i0.wp.com\/www.tus-oppenau.de\/fussball\/wp-content\/uploads\/2018\/05\/buehl.jpg?ssl=1\"><img data-recalc-dims=\"1\" loading=\"lazy\" decoding=\"async\" class=\"aligncenter size-medium wp-image-5168\" src=\"https:\/\/i0.wp.com\/www.tus-oppenau.de\/fussball\/wp-content\/uploads\/2018\/05\/buehl.jpg?resize=474%2C371&#038;ssl=1\" alt=\"\" width=\"474\" height=\"371\" srcset=\"https:\/\/i0.wp.com\/www.tus-oppenau.de\/fussball\/wp-content\/uploads\/2018\/05\/buehl.jpg?resize=673%2C527&amp;ssl=1 673w, https:\/\/i0.wp.com\/www.tus-oppenau.de\/fussball\/wp-content\/uploads\/2018\/05\/buehl.jpg?resize=300%2C235&amp;ssl=1 300w, https:\/\/i0.wp.com\/www.tus-oppenau.de\/fussball\/wp-content\/uploads\/2018\/05\/buehl.jpg?resize=150%2C117&amp;ssl=1 150w, https:\/\/i0.wp.com\/www.tus-oppenau.de\/fussball\/wp-content\/uploads\/2018\/05\/buehl.jpg?resize=768%2C601&amp;ssl=1 768w, https:\/\/i0.wp.com\/www.tus-oppenau.de\/fussball\/wp-content\/uploads\/2018\/05\/buehl.jpg?w=843&amp;ssl=1 843w\" sizes=\"auto, (max-width: 474px) 100vw, 474px\" \/><\/a><\/p>\n<div id='gallery-1' class='gallery galleryid-5167 gallery-columns-3 gallery-size-thumbnail'><figure class='gallery-item'>\n\t\t\t<div class='gallery-icon landscape'>\n\t\t\t\t<a href='https:\/\/www.tus-oppenau.de\/fussball\/2018\/05\/oppenau-siegt-im-spitzenspiel-gegen-buehl\/oznor\/'><img loading=\"lazy\" decoding=\"async\" width=\"150\" height=\"121\" src=\"https:\/\/i0.wp.com\/www.tus-oppenau.de\/fussball\/wp-content\/uploads\/2018\/05\/spielbeginn.jpg?fit=150%2C121&amp;ssl=1\" class=\"attachment-thumbnail size-thumbnail\" alt=\"\" aria-describedby=\"gallery-1-5175\" srcset=\"https:\/\/i0.wp.com\/www.tus-oppenau.de\/fussball\/wp-content\/uploads\/2018\/05\/spielbeginn.jpg?w=1900&amp;ssl=1 1900w, https:\/\/i0.wp.com\/www.tus-oppenau.de\/fussball\/wp-content\/uploads\/2018\/05\/spielbeginn.jpg?resize=300%2C242&amp;ssl=1 300w, https:\/\/i0.wp.com\/www.tus-oppenau.de\/fussball\/wp-content\/uploads\/2018\/05\/spielbeginn.jpg?resize=150%2C121&amp;ssl=1 150w, https:\/\/i0.wp.com\/www.tus-oppenau.de\/fussball\/wp-content\/uploads\/2018\/05\/spielbeginn.jpg?resize=673%2C543&amp;ssl=1 673w, https:\/\/i0.wp.com\/www.tus-oppenau.de\/fussball\/wp-content\/uploads\/2018\/05\/spielbeginn.jpg?resize=768%2C619&amp;ssl=1 768w, https:\/\/i0.wp.com\/www.tus-oppenau.de\/fussball\/wp-content\/uploads\/2018\/05\/spielbeginn.jpg?resize=1260%2C1016&amp;ssl=1 1260w, https:\/\/i0.wp.com\/www.tus-oppenau.de\/fussball\/wp-content\/uploads\/2018\/05\/spielbeginn.jpg?w=948&amp;ssl=1 948w, https:\/\/i0.wp.com\/www.tus-oppenau.de\/fussball\/wp-content\/uploads\/2018\/05\/spielbeginn.jpg?w=1422&amp;ssl=1 1422w\" sizes=\"auto, (max-width: 150px) 100vw, 150px\" \/><\/a>\n\t\t\t<\/div>\n\t\t\t\t<figcaption class='wp-caption-text gallery-caption' id='gallery-1-5175'>\n\t\t\t\tEinlaufen\n\t\t\t\t<\/figcaption><\/figure><figure class='gallery-item'>\n\t\t\t<div class='gallery-icon landscape'>\n\t\t\t\t<a href='https:\/\/www.tus-oppenau.de\/fussball\/2018\/05\/oppenau-siegt-im-spitzenspiel-gegen-buehl\/jose-haelt-elfer\/'><img loading=\"lazy\" decoding=\"async\" width=\"150\" height=\"91\" src=\"https:\/\/i0.wp.com\/www.tus-oppenau.de\/fussball\/wp-content\/uploads\/2018\/05\/jose-haelt-elfer.jpg?fit=150%2C91&amp;ssl=1\" class=\"attachment-thumbnail size-thumbnail\" alt=\"\" aria-describedby=\"gallery-1-5173\" srcset=\"https:\/\/i0.wp.com\/www.tus-oppenau.de\/fussball\/wp-content\/uploads\/2018\/05\/jose-haelt-elfer.jpg?w=2048&amp;ssl=1 2048w, https:\/\/i0.wp.com\/www.tus-oppenau.de\/fussball\/wp-content\/uploads\/2018\/05\/jose-haelt-elfer.jpg?resize=300%2C182&amp;ssl=1 300w, https:\/\/i0.wp.com\/www.tus-oppenau.de\/fussball\/wp-content\/uploads\/2018\/05\/jose-haelt-elfer.jpg?resize=150%2C91&amp;ssl=1 150w, https:\/\/i0.wp.com\/www.tus-oppenau.de\/fussball\/wp-content\/uploads\/2018\/05\/jose-haelt-elfer.jpg?resize=673%2C408&amp;ssl=1 673w, https:\/\/i0.wp.com\/www.tus-oppenau.de\/fussball\/wp-content\/uploads\/2018\/05\/jose-haelt-elfer.jpg?resize=768%2C466&amp;ssl=1 768w, https:\/\/i0.wp.com\/www.tus-oppenau.de\/fussball\/wp-content\/uploads\/2018\/05\/jose-haelt-elfer.jpg?resize=1260%2C764&amp;ssl=1 1260w, https:\/\/i0.wp.com\/www.tus-oppenau.de\/fussball\/wp-content\/uploads\/2018\/05\/jose-haelt-elfer.jpg?w=948&amp;ssl=1 948w, https:\/\/i0.wp.com\/www.tus-oppenau.de\/fussball\/wp-content\/uploads\/2018\/05\/jose-haelt-elfer.jpg?w=1422&amp;ssl=1 1422w\" sizes=\"auto, (max-width: 150px) 100vw, 150px\" \/><\/a>\n\t\t\t<\/div>\n\t\t\t\t<figcaption class='wp-caption-text gallery-caption' id='gallery-1-5173'>\n\t\t\t\tPoveda h\u00e4lt in der 4. Minute Elfmeter\n\t\t\t\t<\/figcaption><\/figure><figure class='gallery-item'>\n\t\t\t<div class='gallery-icon landscape'>\n\t\t\t\t<a href='https:\/\/www.tus-oppenau.de\/fussball\/2018\/05\/oppenau-siegt-im-spitzenspiel-gegen-buehl\/1-zu-0-elfer-flo\/'><img loading=\"lazy\" decoding=\"async\" width=\"150\" height=\"96\" src=\"https:\/\/i0.wp.com\/www.tus-oppenau.de\/fussball\/wp-content\/uploads\/2018\/05\/1-zu-0-elfer-flo.jpg?fit=150%2C96&amp;ssl=1\" class=\"attachment-thumbnail size-thumbnail\" alt=\"\" aria-describedby=\"gallery-1-5169\" srcset=\"https:\/\/i0.wp.com\/www.tus-oppenau.de\/fussball\/wp-content\/uploads\/2018\/05\/1-zu-0-elfer-flo.jpg?w=2048&amp;ssl=1 2048w, https:\/\/i0.wp.com\/www.tus-oppenau.de\/fussball\/wp-content\/uploads\/2018\/05\/1-zu-0-elfer-flo.jpg?resize=300%2C193&amp;ssl=1 300w, https:\/\/i0.wp.com\/www.tus-oppenau.de\/fussball\/wp-content\/uploads\/2018\/05\/1-zu-0-elfer-flo.jpg?resize=150%2C96&amp;ssl=1 150w, https:\/\/i0.wp.com\/www.tus-oppenau.de\/fussball\/wp-content\/uploads\/2018\/05\/1-zu-0-elfer-flo.jpg?resize=673%2C433&amp;ssl=1 673w, https:\/\/i0.wp.com\/www.tus-oppenau.de\/fussball\/wp-content\/uploads\/2018\/05\/1-zu-0-elfer-flo.jpg?resize=768%2C494&amp;ssl=1 768w, https:\/\/i0.wp.com\/www.tus-oppenau.de\/fussball\/wp-content\/uploads\/2018\/05\/1-zu-0-elfer-flo.jpg?resize=1260%2C810&amp;ssl=1 1260w, https:\/\/i0.wp.com\/www.tus-oppenau.de\/fussball\/wp-content\/uploads\/2018\/05\/1-zu-0-elfer-flo.jpg?w=948&amp;ssl=1 948w, https:\/\/i0.wp.com\/www.tus-oppenau.de\/fussball\/wp-content\/uploads\/2018\/05\/1-zu-0-elfer-flo.jpg?w=1422&amp;ssl=1 1422w\" sizes=\"auto, (max-width: 150px) 100vw, 150px\" \/><\/a>\n\t\t\t<\/div>\n\t\t\t\t<figcaption class='wp-caption-text gallery-caption' id='gallery-1-5169'>\n\t\t\t\tM\u00fcller trifft per Elfmeter zum 1:0\n\t\t\t\t<\/figcaption><\/figure><figure class='gallery-item'>\n\t\t\t<div class='gallery-icon landscape'>\n\t\t\t\t<a href='https:\/\/www.tus-oppenau.de\/fussball\/2018\/05\/oppenau-siegt-im-spitzenspiel-gegen-buehl\/ali-2-zu-0\/'><img loading=\"lazy\" decoding=\"async\" width=\"150\" height=\"85\" src=\"https:\/\/i0.wp.com\/www.tus-oppenau.de\/fussball\/wp-content\/uploads\/2018\/05\/ali-2-zu-0.jpg?fit=150%2C85&amp;ssl=1\" class=\"attachment-thumbnail size-thumbnail\" alt=\"\" aria-describedby=\"gallery-1-5170\" srcset=\"https:\/\/i0.wp.com\/www.tus-oppenau.de\/fussball\/wp-content\/uploads\/2018\/05\/ali-2-zu-0.jpg?w=2048&amp;ssl=1 2048w, https:\/\/i0.wp.com\/www.tus-oppenau.de\/fussball\/wp-content\/uploads\/2018\/05\/ali-2-zu-0.jpg?resize=300%2C170&amp;ssl=1 300w, https:\/\/i0.wp.com\/www.tus-oppenau.de\/fussball\/wp-content\/uploads\/2018\/05\/ali-2-zu-0.jpg?resize=150%2C85&amp;ssl=1 150w, https:\/\/i0.wp.com\/www.tus-oppenau.de\/fussball\/wp-content\/uploads\/2018\/05\/ali-2-zu-0.jpg?resize=673%2C382&amp;ssl=1 673w, https:\/\/i0.wp.com\/www.tus-oppenau.de\/fussball\/wp-content\/uploads\/2018\/05\/ali-2-zu-0.jpg?resize=768%2C435&amp;ssl=1 768w, https:\/\/i0.wp.com\/www.tus-oppenau.de\/fussball\/wp-content\/uploads\/2018\/05\/ali-2-zu-0.jpg?resize=1260%2C714&amp;ssl=1 1260w, https:\/\/i0.wp.com\/www.tus-oppenau.de\/fussball\/wp-content\/uploads\/2018\/05\/ali-2-zu-0.jpg?w=948&amp;ssl=1 948w, https:\/\/i0.wp.com\/www.tus-oppenau.de\/fussball\/wp-content\/uploads\/2018\/05\/ali-2-zu-0.jpg?w=1422&amp;ssl=1 1422w\" sizes=\"auto, (max-width: 150px) 100vw, 150px\" \/><\/a>\n\t\t\t<\/div>\n\t\t\t\t<figcaption class='wp-caption-text gallery-caption' id='gallery-1-5170'>\n\t\t\t\tAbdalla trifft zum 2:0\n\t\t\t\t<\/figcaption><\/figure><figure class='gallery-item'>\n\t\t\t<div class='gallery-icon landscape'>\n\t\t\t\t<a href='https:\/\/www.tus-oppenau.de\/fussball\/2018\/05\/oppenau-siegt-im-spitzenspiel-gegen-buehl\/echball-jose\/'><img loading=\"lazy\" decoding=\"async\" width=\"150\" height=\"130\" src=\"https:\/\/i0.wp.com\/www.tus-oppenau.de\/fussball\/wp-content\/uploads\/2018\/05\/echball-jose.jpg?fit=150%2C130&amp;ssl=1\" class=\"attachment-thumbnail size-thumbnail\" alt=\"\" srcset=\"https:\/\/i0.wp.com\/www.tus-oppenau.de\/fussball\/wp-content\/uploads\/2018\/05\/echball-jose.jpg?w=2048&amp;ssl=1 2048w, https:\/\/i0.wp.com\/www.tus-oppenau.de\/fussball\/wp-content\/uploads\/2018\/05\/echball-jose.jpg?resize=300%2C261&amp;ssl=1 300w, https:\/\/i0.wp.com\/www.tus-oppenau.de\/fussball\/wp-content\/uploads\/2018\/05\/echball-jose.jpg?resize=150%2C130&amp;ssl=1 150w, https:\/\/i0.wp.com\/www.tus-oppenau.de\/fussball\/wp-content\/uploads\/2018\/05\/echball-jose.jpg?resize=673%2C585&amp;ssl=1 673w, https:\/\/i0.wp.com\/www.tus-oppenau.de\/fussball\/wp-content\/uploads\/2018\/05\/echball-jose.jpg?resize=768%2C667&amp;ssl=1 768w, https:\/\/i0.wp.com\/www.tus-oppenau.de\/fussball\/wp-content\/uploads\/2018\/05\/echball-jose.jpg?resize=1260%2C1095&amp;ssl=1 1260w, https:\/\/i0.wp.com\/www.tus-oppenau.de\/fussball\/wp-content\/uploads\/2018\/05\/echball-jose.jpg?w=948&amp;ssl=1 948w, https:\/\/i0.wp.com\/www.tus-oppenau.de\/fussball\/wp-content\/uploads\/2018\/05\/echball-jose.jpg?w=1422&amp;ssl=1 1422w\" sizes=\"auto, (max-width: 150px) 100vw, 150px\" \/><\/a>\n\t\t\t<\/div><\/figure><figure class='gallery-item'>\n\t\t\t<div class='gallery-icon landscape'>\n\t\t\t\t<a href='https:\/\/www.tus-oppenau.de\/fussball\/2018\/05\/oppenau-siegt-im-spitzenspiel-gegen-buehl\/eckball-buehl\/'><img loading=\"lazy\" decoding=\"async\" width=\"150\" height=\"107\" src=\"https:\/\/i0.wp.com\/www.tus-oppenau.de\/fussball\/wp-content\/uploads\/2018\/05\/eckball-b%C3%BChl.jpg?fit=150%2C107&amp;ssl=1\" class=\"attachment-thumbnail size-thumbnail\" alt=\"\" \/><\/a>\n\t\t\t<\/div><\/figure><figure class='gallery-item'>\n\t\t\t<div class='gallery-icon landscape'>\n\t\t\t\t<a href='https:\/\/www.tus-oppenau.de\/fussball\/2018\/05\/oppenau-siegt-im-spitzenspiel-gegen-buehl\/livio\/'><img loading=\"lazy\" decoding=\"async\" width=\"150\" height=\"106\" src=\"https:\/\/i0.wp.com\/www.tus-oppenau.de\/fussball\/wp-content\/uploads\/2018\/05\/livio.jpg?fit=150%2C106&amp;ssl=1\" class=\"attachment-thumbnail size-thumbnail\" alt=\"\" srcset=\"https:\/\/i0.wp.com\/www.tus-oppenau.de\/fussball\/wp-content\/uploads\/2018\/05\/livio.jpg?w=2048&amp;ssl=1 2048w, https:\/\/i0.wp.com\/www.tus-oppenau.de\/fussball\/wp-content\/uploads\/2018\/05\/livio.jpg?resize=300%2C212&amp;ssl=1 300w, https:\/\/i0.wp.com\/www.tus-oppenau.de\/fussball\/wp-content\/uploads\/2018\/05\/livio.jpg?resize=150%2C106&amp;ssl=1 150w, https:\/\/i0.wp.com\/www.tus-oppenau.de\/fussball\/wp-content\/uploads\/2018\/05\/livio.jpg?resize=673%2C475&amp;ssl=1 673w, https:\/\/i0.wp.com\/www.tus-oppenau.de\/fussball\/wp-content\/uploads\/2018\/05\/livio.jpg?resize=768%2C542&amp;ssl=1 768w, https:\/\/i0.wp.com\/www.tus-oppenau.de\/fussball\/wp-content\/uploads\/2018\/05\/livio.jpg?resize=1260%2C889&amp;ssl=1 1260w, https:\/\/i0.wp.com\/www.tus-oppenau.de\/fussball\/wp-content\/uploads\/2018\/05\/livio.jpg?w=948&amp;ssl=1 948w, https:\/\/i0.wp.com\/www.tus-oppenau.de\/fussball\/wp-content\/uploads\/2018\/05\/livio.jpg?w=1422&amp;ssl=1 1422w\" sizes=\"auto, (max-width: 150px) 100vw, 150px\" \/><\/a>\n\t\t\t<\/div><\/figure><figure class='gallery-item'>\n\t\t\t<div class='gallery-icon landscape'>\n\t\t\t\t<a href='https:\/\/www.tus-oppenau.de\/fussball\/2018\/05\/oppenau-siegt-im-spitzenspiel-gegen-buehl\/cof\/'><img loading=\"lazy\" decoding=\"async\" width=\"150\" height=\"103\" src=\"https:\/\/i0.wp.com\/www.tus-oppenau.de\/fussball\/wp-content\/uploads\/2018\/05\/zweikampf-fies.jpg?fit=150%2C103&amp;ssl=1\" class=\"attachment-thumbnail size-thumbnail\" alt=\"\" srcset=\"https:\/\/i0.wp.com\/www.tus-oppenau.de\/fussball\/wp-content\/uploads\/2018\/05\/zweikampf-fies.jpg?w=1887&amp;ssl=1 1887w, https:\/\/i0.wp.com\/www.tus-oppenau.de\/fussball\/wp-content\/uploads\/2018\/05\/zweikampf-fies.jpg?resize=300%2C206&amp;ssl=1 300w, https:\/\/i0.wp.com\/www.tus-oppenau.de\/fussball\/wp-content\/uploads\/2018\/05\/zweikampf-fies.jpg?resize=150%2C103&amp;ssl=1 150w, https:\/\/i0.wp.com\/www.tus-oppenau.de\/fussball\/wp-content\/uploads\/2018\/05\/zweikampf-fies.jpg?resize=673%2C463&amp;ssl=1 673w, https:\/\/i0.wp.com\/www.tus-oppenau.de\/fussball\/wp-content\/uploads\/2018\/05\/zweikampf-fies.jpg?resize=768%2C528&amp;ssl=1 768w, https:\/\/i0.wp.com\/www.tus-oppenau.de\/fussball\/wp-content\/uploads\/2018\/05\/zweikampf-fies.jpg?resize=1260%2C866&amp;ssl=1 1260w, https:\/\/i0.wp.com\/www.tus-oppenau.de\/fussball\/wp-content\/uploads\/2018\/05\/zweikampf-fies.jpg?w=948&amp;ssl=1 948w, https:\/\/i0.wp.com\/www.tus-oppenau.de\/fussball\/wp-content\/uploads\/2018\/05\/zweikampf-fies.jpg?w=1422&amp;ssl=1 1422w\" sizes=\"auto, (max-width: 150px) 100vw, 150px\" \/><\/a>\n\t\t\t<\/div><\/figure>\n\t\t<\/div>\n\n","protected":false},"excerpt":{"rendered":"<p>Gegen den VfB B\u00fchl gelang dem TuS Oppenau mit einem 2:0 Sieg der Sprung zur\u00fcck an die Tabellenspitze. Oppenau war an diesem Tag treffsicherer vom Elfmeterpunkt, denn B\u00fchl hatte in der 4. Minute bereits die M\u00f6glichkeit per Strafsto\u00df in F\u00fchrung zu gehen, Oppenaus Kapit\u00e4n Jose Poveda zeigt sich aber erneut als \u201eElfmeterheld\u201c. Durch die Ergebnisse &hellip; <a href=\"https:\/\/www.tus-oppenau.de\/fussball\/2018\/05\/oppenau-siegt-im-spitzenspiel-gegen-buehl\/\" class=\"more-link\"><span class=\"screen-reader-text\">Oppenau siegt im Spitzenspiel gegen B\u00fchl<\/span> weiterlesen <span class=\"meta-nav\">&rarr;<\/span><\/a><\/p>\n","protected":false},"author":93,"featured_media":5173,"comment_status":"closed","ping_status":"open","sticky":false,"template":"","format":"gallery","meta":{"_jetpack_memberships_contains_paid_content":false,"footnotes":"","jetpack_publicize_message":"","jetpack_publicize_feature_enabled":true,"jetpack_social_post_already_shared":true,"jetpack_social_options":{"image_generator_settings":{"template":"highway","default_image_id":0,"font":"","enabled":false},"version":2}},"categories":[247],"tags":[],"class_list":["post-5167","post","type-post","status-publish","format-gallery","has-post-thumbnail","hentry","category-1-mannschaft","post_format-post-format-gallery"],"jetpack_publicize_connections":[],"jetpack_featured_media_url":"https:\/\/i0.wp.com\/www.tus-oppenau.de\/fussball\/wp-content\/uploads\/2018\/05\/jose-haelt-elfer.jpg?fit=2048%2C1242&ssl=1","jetpack_sharing_enabled":true,"jetpack_likes_enabled":true,"_links":{"self":[{"href":"https:\/\/www.tus-oppenau.de\/fussball\/wp-json\/wp\/v2\/posts\/5167","targetHints":{"allow":["GET"]}}],"collection":[{"href":"https:\/\/www.tus-oppenau.de\/fussball\/wp-json\/wp\/v2\/posts"}],"about":[{"href":"https:\/\/www.tus-oppenau.de\/fussball\/wp-json\/wp\/v2\/types\/post"}],"author":[{"embeddable":true,"href":"https:\/\/www.tus-oppenau.de\/fussball\/wp-json\/wp\/v2\/users\/93"}],"replies":[{"embeddable":true,"href":"https:\/\/www.tus-oppenau.de\/fussball\/wp-json\/wp\/v2\/comments?post=5167"}],"version-history":[{"count":5,"href":"https:\/\/www.tus-oppenau.de\/fussball\/wp-json\/wp\/v2\/posts\/5167\/revisions"}],"predecessor-version":[{"id":5285,"href":"https:\/\/www.tus-oppenau.de\/fussball\/wp-json\/wp\/v2\/posts\/5167\/revisions\/5285"}],"wp:featuredmedia":[{"embeddable":true,"href":"https:\/\/www.tus-oppenau.de\/fussball\/wp-json\/wp\/v2\/media\/5173"}],"wp:attachment":[{"href":"https:\/\/www.tus-oppenau.de\/fussball\/wp-json\/wp\/v2\/media?parent=5167"}],"wp:term":[{"taxonomy":"category","embeddable":true,"href":"https:\/\/www.tus-oppenau.de\/fussball\/wp-json\/wp\/v2\/categories?post=5167"},{"taxonomy":"post_tag","embeddable":true,"href":"https:\/\/www.tus-oppenau.de\/fussball\/wp-json\/wp\/v2\/tags?post=5167"}],"curies":[{"name":"wp","href":"https:\/\/api.w.org\/{rel}","templated":true}]}}