{"id":5236,"date":"2018-06-04T09:32:13","date_gmt":"2018-06-04T07:32:13","guid":{"rendered":"http:\/\/www.tus-oppenau.de\/fussball\/?p=5236"},"modified":"2018-06-10T22:19:57","modified_gmt":"2018-06-10T20:19:57","slug":"tus-oppenau-feiert-meisterschaft","status":"publish","type":"post","link":"https:\/\/www.tus-oppenau.de\/fussball\/2018\/06\/tus-oppenau-feiert-meisterschaft\/","title":{"rendered":"TuS Oppenau feiert Meisterschaft"},"content":{"rendered":"<p><strong>Meisterlich feierten am Oppenauer Fu\u00dfballplatz Spieler, Betreuer und Fans den sensationellen Aufstieg von der Landes- in die Verbandsliga. Die Vereinsfarben rot und wei\u00df dominierten bereits die gesamte Woche \u00fcber an vielen Stellen das Bild im St\u00e4dtle.\u00a0<\/strong><strong>(AK).<\/strong><\/p>\n<p>\u201eUnfassbar\u201c und \u201estolz\u201c &#8211; das waren die am vergangenen Samstag am Oppenauer Haldenhof wohl am h\u00e4ufigsten benutzten Worte der vielen Zuschauer. Daneben zeigte sich unb\u00e4ndige Freude bei den Spielern, denen trotz einer langen Liste von schweren Verletzungen das Kunstst\u00fcck gelang, in die h\u00f6chste Spielklasse des S\u00fcdbadischen Fu\u00dfballverbands, die Verbandsliga, aufzusteigen. Dementsprechend wurde das letzte Heimspiel gegen den Rastatter SC\/DJK zu einem gro\u00dfen Fest. Bereits beim Einlaufen der Akteure kam zum ersten Mal G\u00e4nsehaut-Feeling auf, als die Spieler der zweiten und dritten Mannschaften Spalier standen und ihren Kollegen applaudierten, die jeder ein Kind aus den Bambinis des TuS an der Hand hatten. Passend dazu erklang der Song \u201eAn Tagen wie diesen w\u00fcnscht man sich Unendlichkeit\u201c.<br \/>\nVor Anpfiff des Spiels \u00fcberreichten der Staffelleiter der Landesliga 1, Hubert Deuchler, und Heinz Schwab, Vorsitzender f\u00fcr den Bezirk Offenburg, den Siegerwimpel und die Urkunde zu dem in der Oppenauer Vereinsgeschichte bislang gr\u00f6\u00dften sportlichen Erfolg. Auch Matthias Dorsner, Vorstand der Rastatter G\u00e4ste, gratulierte dem TuS Oppenau, betonte jedoch, dass man nicht als Sparringspartner antreten wolle. Deshalb mussten sich die Oppenauer Spieler dann auch nochmals richtig ins Zeug legen, bis das Spiel schlie\u00dflich verdient mit 3:1 gewonnen war.<br \/>\nNach mehreren Verabschiedungen von Spielern und Trainern\u00a0 \u00fcbergab Abteilungsleiter Frank Spinner das Mikrofon an Gerlinde Bruder, Vorsitzende des TuS Oppenau, welche die Gl\u00fcckw\u00fcnsche des Gesamtvereins \u00fcberbrachte. \u201eIhr habt Unglaubliches geleistet\u201c versicherte sie den Fu\u00dfballern und unterstrich die Bedeutung von Teamgeist, Freundschaft und der N\u00e4he zu den Fans, was den TuS Oppenau so einzigartig mache. B\u00fcrgermeister Uwe Gaiser gratulierte im Namen der Stadt und des Stadtrats und lud Spieler wie Verantwortliche zum Eintrag ins Goldene Buch der Stadt ein. \u201eHeute werden die Fr\u00fcchte der vergangenen Jahre geerntet\u201c zeigte er sich beeindruckt von der Entwicklung des Vereins mit einer kontinuierlich guten Jugendarbeit, welche das Fundament der erfolgreichen Seniorenmannschaften bilde. So ist der TuS Oppenau eine der wenigen Mannschaften in der Landes- und k\u00fcnftig in der Verbandsliga, welche fast ausschlie\u00dflich Spieler aus dem eigenen Ort einsetzt. Sehr erfolgreich schloss auch die dritte Mannschaft die Saison als Meister in der Kreisliga C ab und wurde ebenfalls geehrt. Spielertrainer Christian Seger, dem Frank Spinner einen gro\u00dfen Anteil am Aufstieg in die Verbandsliga bescheinigte, beschrieb sehr eindr\u00fccklich den Teamgeist des gesamten Vereins. Darin liege der gro\u00dfe Unterschied zu den allermeisten anderen Clubs und schlie\u00dflich auch die St\u00e4rke des TuS Oppenau. Wie zum Beweis f\u00fcr das Au\u00dfergew\u00f6hnliche kletterten die Spieler dann in die Mulde eines gro\u00dfen LKW und lie\u00dfen sich zu einer Ehrenrunde durch den Ort kutschieren. Bei Freibier und bester Stimmung feierten Spieler, Trainer und Fans bis sp\u00e4t in die Nacht einen denkw\u00fcrdigen Saisonabschluss.<\/p>\n<figure id=\"attachment_5245\" aria-describedby=\"caption-attachment-5245\" style=\"width: 673px\" class=\"wp-caption aligncenter\"><a href=\"https:\/\/i0.wp.com\/www.tus-oppenau.de\/fussball\/wp-content\/uploads\/2018\/06\/Einlauf-Spalier.jpg?ssl=1\"><img data-recalc-dims=\"1\" loading=\"lazy\" decoding=\"async\" class=\"wp-image-5245 size-medium\" src=\"https:\/\/i0.wp.com\/www.tus-oppenau.de\/fussball\/wp-content\/uploads\/2018\/06\/Einlauf-Spalier.jpg?resize=474%2C316&#038;ssl=1\" alt=\"\" width=\"474\" height=\"316\" srcset=\"https:\/\/i0.wp.com\/www.tus-oppenau.de\/fussball\/wp-content\/uploads\/2018\/06\/Einlauf-Spalier.jpg?resize=673%2C449&amp;ssl=1 673w, https:\/\/i0.wp.com\/www.tus-oppenau.de\/fussball\/wp-content\/uploads\/2018\/06\/Einlauf-Spalier.jpg?resize=300%2C200&amp;ssl=1 300w, https:\/\/i0.wp.com\/www.tus-oppenau.de\/fussball\/wp-content\/uploads\/2018\/06\/Einlauf-Spalier.jpg?resize=150%2C100&amp;ssl=1 150w, https:\/\/i0.wp.com\/www.tus-oppenau.de\/fussball\/wp-content\/uploads\/2018\/06\/Einlauf-Spalier.jpg?resize=768%2C512&amp;ssl=1 768w, https:\/\/i0.wp.com\/www.tus-oppenau.de\/fussball\/wp-content\/uploads\/2018\/06\/Einlauf-Spalier.jpg?resize=1260%2C840&amp;ssl=1 1260w, https:\/\/i0.wp.com\/www.tus-oppenau.de\/fussball\/wp-content\/uploads\/2018\/06\/Einlauf-Spalier.jpg?w=2048&amp;ssl=1 2048w, https:\/\/i0.wp.com\/www.tus-oppenau.de\/fussball\/wp-content\/uploads\/2018\/06\/Einlauf-Spalier.jpg?w=948&amp;ssl=1 948w, https:\/\/i0.wp.com\/www.tus-oppenau.de\/fussball\/wp-content\/uploads\/2018\/06\/Einlauf-Spalier.jpg?w=1422&amp;ssl=1 1422w\" sizes=\"auto, (max-width: 474px) 100vw, 474px\" \/><\/a><figcaption id=\"caption-attachment-5245\" class=\"wp-caption-text\">Kapit\u00e4n und Torwart Jos\u00e9 Poveda f\u00fchrte seine Mannschaft durch ein Spalier der 2. und 3. Mannschaften zum vorerst letzten Heimspiel in der Landesliga gegen den Rastatter SC\/DJK.<\/figcaption><\/figure>\n<figure id=\"attachment_5246\" aria-describedby=\"caption-attachment-5246\" style=\"width: 673px\" class=\"wp-caption aligncenter\"><a href=\"https:\/\/i0.wp.com\/www.tus-oppenau.de\/fussball\/wp-content\/uploads\/2018\/06\/Meisterurkunde.jpg?ssl=1\"><img data-recalc-dims=\"1\" loading=\"lazy\" decoding=\"async\" class=\"wp-image-5246 size-medium\" src=\"https:\/\/i0.wp.com\/www.tus-oppenau.de\/fussball\/wp-content\/uploads\/2018\/06\/Meisterurkunde.jpg?resize=474%2C316&#038;ssl=1\" alt=\"\" width=\"474\" height=\"316\" srcset=\"https:\/\/i0.wp.com\/www.tus-oppenau.de\/fussball\/wp-content\/uploads\/2018\/06\/Meisterurkunde.jpg?resize=673%2C449&amp;ssl=1 673w, https:\/\/i0.wp.com\/www.tus-oppenau.de\/fussball\/wp-content\/uploads\/2018\/06\/Meisterurkunde.jpg?resize=300%2C200&amp;ssl=1 300w, https:\/\/i0.wp.com\/www.tus-oppenau.de\/fussball\/wp-content\/uploads\/2018\/06\/Meisterurkunde.jpg?resize=150%2C100&amp;ssl=1 150w, https:\/\/i0.wp.com\/www.tus-oppenau.de\/fussball\/wp-content\/uploads\/2018\/06\/Meisterurkunde.jpg?resize=768%2C512&amp;ssl=1 768w, https:\/\/i0.wp.com\/www.tus-oppenau.de\/fussball\/wp-content\/uploads\/2018\/06\/Meisterurkunde.jpg?resize=1260%2C840&amp;ssl=1 1260w, https:\/\/i0.wp.com\/www.tus-oppenau.de\/fussball\/wp-content\/uploads\/2018\/06\/Meisterurkunde.jpg?w=2048&amp;ssl=1 2048w, https:\/\/i0.wp.com\/www.tus-oppenau.de\/fussball\/wp-content\/uploads\/2018\/06\/Meisterurkunde.jpg?w=948&amp;ssl=1 948w, https:\/\/i0.wp.com\/www.tus-oppenau.de\/fussball\/wp-content\/uploads\/2018\/06\/Meisterurkunde.jpg?w=1422&amp;ssl=1 1422w\" sizes=\"auto, (max-width: 474px) 100vw, 474px\" \/><\/a><figcaption id=\"caption-attachment-5246\" class=\"wp-caption-text\">Heinz Schwab und Hubert Deuchler \u00fcbergaben die offizielle Meisterurkunde des S\u00fcdbadischen Fu\u00dfballverbands &#8211; fast auf den Tag genau 50 Jahre nach dem sensationellen Aufstieg in die damalige 2. Amateurliga.<\/figcaption><\/figure>\n<figure id=\"attachment_5247\" aria-describedby=\"caption-attachment-5247\" style=\"width: 673px\" class=\"wp-caption aligncenter\"><a href=\"https:\/\/i0.wp.com\/www.tus-oppenau.de\/fussball\/wp-content\/uploads\/2018\/06\/Gru%C3%9Fworte.jpg?ssl=1\"><img data-recalc-dims=\"1\" loading=\"lazy\" decoding=\"async\" class=\"wp-image-5247 size-medium\" src=\"https:\/\/i0.wp.com\/www.tus-oppenau.de\/fussball\/wp-content\/uploads\/2018\/06\/Gru%C3%9Fworte.jpg?resize=474%2C316&#038;ssl=1\" alt=\"\" width=\"474\" height=\"316\" srcset=\"https:\/\/i0.wp.com\/www.tus-oppenau.de\/fussball\/wp-content\/uploads\/2018\/06\/Gru%C3%9Fworte.jpg?resize=673%2C449&amp;ssl=1 673w, https:\/\/i0.wp.com\/www.tus-oppenau.de\/fussball\/wp-content\/uploads\/2018\/06\/Gru%C3%9Fworte.jpg?resize=300%2C200&amp;ssl=1 300w, https:\/\/i0.wp.com\/www.tus-oppenau.de\/fussball\/wp-content\/uploads\/2018\/06\/Gru%C3%9Fworte.jpg?resize=150%2C100&amp;ssl=1 150w, https:\/\/i0.wp.com\/www.tus-oppenau.de\/fussball\/wp-content\/uploads\/2018\/06\/Gru%C3%9Fworte.jpg?resize=768%2C512&amp;ssl=1 768w, https:\/\/i0.wp.com\/www.tus-oppenau.de\/fussball\/wp-content\/uploads\/2018\/06\/Gru%C3%9Fworte.jpg?resize=1260%2C840&amp;ssl=1 1260w, https:\/\/i0.wp.com\/www.tus-oppenau.de\/fussball\/wp-content\/uploads\/2018\/06\/Gru%C3%9Fworte.jpg?w=2048&amp;ssl=1 2048w, https:\/\/i0.wp.com\/www.tus-oppenau.de\/fussball\/wp-content\/uploads\/2018\/06\/Gru%C3%9Fworte.jpg?w=948&amp;ssl=1 948w, https:\/\/i0.wp.com\/www.tus-oppenau.de\/fussball\/wp-content\/uploads\/2018\/06\/Gru%C3%9Fworte.jpg?w=1422&amp;ssl=1 1422w\" sizes=\"auto, (max-width: 474px) 100vw, 474px\" \/><\/a><figcaption id=\"caption-attachment-5247\" class=\"wp-caption-text\">Zahlreiche Gru\u00dfworte k\u00fcndeten vom gro\u00dfen Respekt des gesamten Ortes vor der Leistung der Oppenauer Fu\u00dfballer. Von links: Robert Hoferer (Vorstand Jugend), Lothar B\u00e4chle (Sparkasse Offenburg\/Ortenau), Co-Trainer Markus Mayer, TuS-Vorsitzende Gerlinde Bruder, Frank Spinner (Leiter der Fu\u00dfballabteilung), B\u00fcrgermeister Uwe Gaiser, Spielertrainer Christian Seger und Toni Kimmig (Vorstand Sport).<\/figcaption><\/figure>\n<figure id=\"attachment_5238\" aria-describedby=\"caption-attachment-5238\" style=\"width: 673px\" class=\"wp-caption aligncenter\"><a href=\"https:\/\/i0.wp.com\/www.tus-oppenau.de\/fussball\/wp-content\/uploads\/2018\/06\/1.-Mannschaft.jpg?ssl=1\"><img data-recalc-dims=\"1\" loading=\"lazy\" decoding=\"async\" class=\"wp-image-5238 size-medium\" src=\"https:\/\/i0.wp.com\/www.tus-oppenau.de\/fussball\/wp-content\/uploads\/2018\/06\/1.-Mannschaft.jpg?resize=474%2C297&#038;ssl=1\" alt=\"\" width=\"474\" height=\"297\" srcset=\"https:\/\/i0.wp.com\/www.tus-oppenau.de\/fussball\/wp-content\/uploads\/2018\/06\/1.-Mannschaft.jpg?resize=673%2C421&amp;ssl=1 673w, https:\/\/i0.wp.com\/www.tus-oppenau.de\/fussball\/wp-content\/uploads\/2018\/06\/1.-Mannschaft.jpg?resize=300%2C188&amp;ssl=1 300w, https:\/\/i0.wp.com\/www.tus-oppenau.de\/fussball\/wp-content\/uploads\/2018\/06\/1.-Mannschaft.jpg?resize=150%2C94&amp;ssl=1 150w, https:\/\/i0.wp.com\/www.tus-oppenau.de\/fussball\/wp-content\/uploads\/2018\/06\/1.-Mannschaft.jpg?resize=768%2C480&amp;ssl=1 768w, https:\/\/i0.wp.com\/www.tus-oppenau.de\/fussball\/wp-content\/uploads\/2018\/06\/1.-Mannschaft.jpg?resize=1260%2C788&amp;ssl=1 1260w, https:\/\/i0.wp.com\/www.tus-oppenau.de\/fussball\/wp-content\/uploads\/2018\/06\/1.-Mannschaft.jpg?w=2048&amp;ssl=1 2048w, https:\/\/i0.wp.com\/www.tus-oppenau.de\/fussball\/wp-content\/uploads\/2018\/06\/1.-Mannschaft.jpg?w=948&amp;ssl=1 948w, https:\/\/i0.wp.com\/www.tus-oppenau.de\/fussball\/wp-content\/uploads\/2018\/06\/1.-Mannschaft.jpg?w=1422&amp;ssl=1 1422w\" sizes=\"auto, (max-width: 474px) 100vw, 474px\" \/><\/a><figcaption id=\"caption-attachment-5238\" class=\"wp-caption-text\">1. Mannschaft: Die Meistermannschaft des TuS Oppenau mit ihren Trainern, Betreuern und den Vorst\u00e4nden.<\/figcaption><\/figure>\n<figure id=\"attachment_5239\" aria-describedby=\"caption-attachment-5239\" style=\"width: 673px\" class=\"wp-caption aligncenter\"><a href=\"https:\/\/i0.wp.com\/www.tus-oppenau.de\/fussball\/wp-content\/uploads\/2018\/06\/Truck_1.jpg?ssl=1\"><img data-recalc-dims=\"1\" loading=\"lazy\" decoding=\"async\" class=\"wp-image-5239 size-medium\" src=\"https:\/\/i0.wp.com\/www.tus-oppenau.de\/fussball\/wp-content\/uploads\/2018\/06\/Truck_1.jpg?resize=474%2C316&#038;ssl=1\" alt=\"\" width=\"474\" height=\"316\" srcset=\"https:\/\/i0.wp.com\/www.tus-oppenau.de\/fussball\/wp-content\/uploads\/2018\/06\/Truck_1.jpg?resize=673%2C449&amp;ssl=1 673w, https:\/\/i0.wp.com\/www.tus-oppenau.de\/fussball\/wp-content\/uploads\/2018\/06\/Truck_1.jpg?resize=300%2C200&amp;ssl=1 300w, https:\/\/i0.wp.com\/www.tus-oppenau.de\/fussball\/wp-content\/uploads\/2018\/06\/Truck_1.jpg?resize=150%2C100&amp;ssl=1 150w, https:\/\/i0.wp.com\/www.tus-oppenau.de\/fussball\/wp-content\/uploads\/2018\/06\/Truck_1.jpg?resize=768%2C512&amp;ssl=1 768w, https:\/\/i0.wp.com\/www.tus-oppenau.de\/fussball\/wp-content\/uploads\/2018\/06\/Truck_1.jpg?resize=1260%2C840&amp;ssl=1 1260w, https:\/\/i0.wp.com\/www.tus-oppenau.de\/fussball\/wp-content\/uploads\/2018\/06\/Truck_1.jpg?w=2048&amp;ssl=1 2048w, https:\/\/i0.wp.com\/www.tus-oppenau.de\/fussball\/wp-content\/uploads\/2018\/06\/Truck_1.jpg?w=948&amp;ssl=1 948w, https:\/\/i0.wp.com\/www.tus-oppenau.de\/fussball\/wp-content\/uploads\/2018\/06\/Truck_1.jpg?w=1422&amp;ssl=1 1422w\" sizes=\"auto, (max-width: 474px) 100vw, 474px\" \/><\/a><figcaption id=\"caption-attachment-5239\" class=\"wp-caption-text\">Bundesligareif drehten die Spieler auf einem Meister-Truck eine Ehrenrunde durch den Ort.<\/figcaption><\/figure>\n<p><a href=\"https:\/\/i0.wp.com\/www.tus-oppenau.de\/fussball\/wp-content\/uploads\/2018\/06\/Truck_2.jpg?ssl=1\"><img data-recalc-dims=\"1\" loading=\"lazy\" decoding=\"async\" class=\"aligncenter size-medium wp-image-5240\" src=\"https:\/\/i0.wp.com\/www.tus-oppenau.de\/fussball\/wp-content\/uploads\/2018\/06\/Truck_2.jpg?resize=474%2C316&#038;ssl=1\" alt=\"\" width=\"474\" height=\"316\" srcset=\"https:\/\/i0.wp.com\/www.tus-oppenau.de\/fussball\/wp-content\/uploads\/2018\/06\/Truck_2.jpg?resize=673%2C449&amp;ssl=1 673w, https:\/\/i0.wp.com\/www.tus-oppenau.de\/fussball\/wp-content\/uploads\/2018\/06\/Truck_2.jpg?resize=300%2C200&amp;ssl=1 300w, https:\/\/i0.wp.com\/www.tus-oppenau.de\/fussball\/wp-content\/uploads\/2018\/06\/Truck_2.jpg?resize=150%2C100&amp;ssl=1 150w, https:\/\/i0.wp.com\/www.tus-oppenau.de\/fussball\/wp-content\/uploads\/2018\/06\/Truck_2.jpg?resize=768%2C512&amp;ssl=1 768w, https:\/\/i0.wp.com\/www.tus-oppenau.de\/fussball\/wp-content\/uploads\/2018\/06\/Truck_2.jpg?resize=1260%2C840&amp;ssl=1 1260w, https:\/\/i0.wp.com\/www.tus-oppenau.de\/fussball\/wp-content\/uploads\/2018\/06\/Truck_2.jpg?w=2048&amp;ssl=1 2048w, https:\/\/i0.wp.com\/www.tus-oppenau.de\/fussball\/wp-content\/uploads\/2018\/06\/Truck_2.jpg?w=948&amp;ssl=1 948w, https:\/\/i0.wp.com\/www.tus-oppenau.de\/fussball\/wp-content\/uploads\/2018\/06\/Truck_2.jpg?w=1422&amp;ssl=1 1422w\" sizes=\"auto, (max-width: 474px) 100vw, 474px\" \/><\/a><\/p>\n<figure id=\"attachment_5243\" aria-describedby=\"caption-attachment-5243\" style=\"width: 673px\" class=\"wp-caption aligncenter\"><a href=\"https:\/\/i0.wp.com\/www.tus-oppenau.de\/fussball\/wp-content\/uploads\/2018\/06\/Rossgumpeclub.jpg?ssl=1\"><img data-recalc-dims=\"1\" loading=\"lazy\" decoding=\"async\" class=\"wp-image-5243 size-medium\" src=\"https:\/\/i0.wp.com\/www.tus-oppenau.de\/fussball\/wp-content\/uploads\/2018\/06\/Rossgumpeclub.jpg?resize=474%2C316&#038;ssl=1\" alt=\"\" width=\"474\" height=\"316\" srcset=\"https:\/\/i0.wp.com\/www.tus-oppenau.de\/fussball\/wp-content\/uploads\/2018\/06\/Rossgumpeclub.jpg?resize=673%2C449&amp;ssl=1 673w, https:\/\/i0.wp.com\/www.tus-oppenau.de\/fussball\/wp-content\/uploads\/2018\/06\/Rossgumpeclub.jpg?resize=300%2C200&amp;ssl=1 300w, https:\/\/i0.wp.com\/www.tus-oppenau.de\/fussball\/wp-content\/uploads\/2018\/06\/Rossgumpeclub.jpg?resize=150%2C100&amp;ssl=1 150w, https:\/\/i0.wp.com\/www.tus-oppenau.de\/fussball\/wp-content\/uploads\/2018\/06\/Rossgumpeclub.jpg?resize=768%2C512&amp;ssl=1 768w, https:\/\/i0.wp.com\/www.tus-oppenau.de\/fussball\/wp-content\/uploads\/2018\/06\/Rossgumpeclub.jpg?resize=1260%2C840&amp;ssl=1 1260w, https:\/\/i0.wp.com\/www.tus-oppenau.de\/fussball\/wp-content\/uploads\/2018\/06\/Rossgumpeclub.jpg?w=2048&amp;ssl=1 2048w, https:\/\/i0.wp.com\/www.tus-oppenau.de\/fussball\/wp-content\/uploads\/2018\/06\/Rossgumpeclub.jpg?w=948&amp;ssl=1 948w, https:\/\/i0.wp.com\/www.tus-oppenau.de\/fussball\/wp-content\/uploads\/2018\/06\/Rossgumpeclub.jpg?w=1422&amp;ssl=1 1422w\" sizes=\"auto, (max-width: 474px) 100vw, 474px\" \/><\/a><figcaption id=\"caption-attachment-5243\" class=\"wp-caption-text\">Ro\u00dfgumpe-Club: Der Maisacher Ro\u00dfgumpe-Club aus vielen Fans und ehemaligen Spielern gratulierte auf originelle Weise.<\/figcaption><\/figure>\n","protected":false},"excerpt":{"rendered":"<p>Meisterlich feierten am Oppenauer Fu\u00dfballplatz Spieler, Betreuer und Fans den sensationellen Aufstieg von der Landes- in die Verbandsliga. Die Vereinsfarben rot und wei\u00df dominierten bereits die gesamte Woche \u00fcber an vielen Stellen das Bild im St\u00e4dtle.\u00a0(AK). \u201eUnfassbar\u201c und \u201estolz\u201c &#8211; das waren die am vergangenen Samstag am Oppenauer Haldenhof wohl am h\u00e4ufigsten benutzten Worte der &hellip; <a href=\"https:\/\/www.tus-oppenau.de\/fussball\/2018\/06\/tus-oppenau-feiert-meisterschaft\/\" class=\"more-link\"><span class=\"screen-reader-text\">TuS Oppenau feiert Meisterschaft<\/span> weiterlesen <span class=\"meta-nav\">&rarr;<\/span><\/a><\/p>\n","protected":false},"author":93,"featured_media":5239,"comment_status":"closed","ping_status":"open","sticky":false,"template":"","format":"standard","meta":{"_jetpack_memberships_contains_paid_content":false,"footnotes":"","jetpack_publicize_message":"","jetpack_publicize_feature_enabled":true,"jetpack_social_post_already_shared":true,"jetpack_social_options":{"image_generator_settings":{"template":"highway","default_image_id":0,"font":"","enabled":false},"version":2}},"categories":[247,1],"tags":[],"class_list":["post-5236","post","type-post","status-publish","format-standard","has-post-thumbnail","hentry","category-1-mannschaft","category-allgemein"],"jetpack_publicize_connections":[],"jetpack_featured_media_url":"https:\/\/i0.wp.com\/www.tus-oppenau.de\/fussball\/wp-content\/uploads\/2018\/06\/Truck_1.jpg?fit=2048%2C1365&ssl=1","jetpack_sharing_enabled":true,"jetpack_likes_enabled":true,"_links":{"self":[{"href":"https:\/\/www.tus-oppenau.de\/fussball\/wp-json\/wp\/v2\/posts\/5236","targetHints":{"allow":["GET"]}}],"collection":[{"href":"https:\/\/www.tus-oppenau.de\/fussball\/wp-json\/wp\/v2\/posts"}],"about":[{"href":"https:\/\/www.tus-oppenau.de\/fussball\/wp-json\/wp\/v2\/types\/post"}],"author":[{"embeddable":true,"href":"https:\/\/www.tus-oppenau.de\/fussball\/wp-json\/wp\/v2\/users\/93"}],"replies":[{"embeddable":true,"href":"https:\/\/www.tus-oppenau.de\/fussball\/wp-json\/wp\/v2\/comments?post=5236"}],"version-history":[{"count":5,"href":"https:\/\/www.tus-oppenau.de\/fussball\/wp-json\/wp\/v2\/posts\/5236\/revisions"}],"predecessor-version":[{"id":5250,"href":"https:\/\/www.tus-oppenau.de\/fussball\/wp-json\/wp\/v2\/posts\/5236\/revisions\/5250"}],"wp:featuredmedia":[{"embeddable":true,"href":"https:\/\/www.tus-oppenau.de\/fussball\/wp-json\/wp\/v2\/media\/5239"}],"wp:attachment":[{"href":"https:\/\/www.tus-oppenau.de\/fussball\/wp-json\/wp\/v2\/media?parent=5236"}],"wp:term":[{"taxonomy":"category","embeddable":true,"href":"https:\/\/www.tus-oppenau.de\/fussball\/wp-json\/wp\/v2\/categories?post=5236"},{"taxonomy":"post_tag","embeddable":true,"href":"https:\/\/www.tus-oppenau.de\/fussball\/wp-json\/wp\/v2\/tags?post=5236"}],"curies":[{"name":"wp","href":"https:\/\/api.w.org\/{rel}","templated":true}]}}