{"id":5791,"date":"2018-10-01T10:40:21","date_gmt":"2018-10-01T08:40:21","guid":{"rendered":"http:\/\/www.tus-oppenau.de\/fussball\/?p=5791"},"modified":"2018-10-07T19:18:59","modified_gmt":"2018-10-07T17:18:59","slug":"neues-trikot-fuer-f-junioren-von-bonsai-stube-roth","status":"publish","type":"post","link":"https:\/\/www.tus-oppenau.de\/fussball\/2018\/10\/neues-trikot-fuer-f-junioren-von-bonsai-stube-roth\/","title":{"rendered":"Neues Trikot f\u00fcr F Junioren von Bonsai-Stube Roth"},"content":{"rendered":"<div>\u00dcber neue Trikots k\u00f6nnen sich die F Junioren des TuS Oppenau Abteilung Fu\u00dfball freuen.<\/div>\n<div><a href=\"https:\/\/i0.wp.com\/www.tus-oppenau.de\/fussball\/wp-content\/uploads\/2018\/10\/PHOTO-2018-09-30-13-33-26.jpg?ssl=1\"><img data-recalc-dims=\"1\" loading=\"lazy\" decoding=\"async\" class=\"aligncenter size-medium wp-image-5792\" src=\"https:\/\/i0.wp.com\/www.tus-oppenau.de\/fussball\/wp-content\/uploads\/2018\/10\/PHOTO-2018-09-30-13-33-26.jpg?resize=474%2C285&#038;ssl=1\" alt=\"\" width=\"474\" height=\"285\" srcset=\"https:\/\/i0.wp.com\/www.tus-oppenau.de\/fussball\/wp-content\/uploads\/2018\/10\/PHOTO-2018-09-30-13-33-26.jpg?resize=673%2C404&amp;ssl=1 673w, https:\/\/i0.wp.com\/www.tus-oppenau.de\/fussball\/wp-content\/uploads\/2018\/10\/PHOTO-2018-09-30-13-33-26.jpg?resize=300%2C180&amp;ssl=1 300w, https:\/\/i0.wp.com\/www.tus-oppenau.de\/fussball\/wp-content\/uploads\/2018\/10\/PHOTO-2018-09-30-13-33-26.jpg?resize=150%2C90&amp;ssl=1 150w, https:\/\/i0.wp.com\/www.tus-oppenau.de\/fussball\/wp-content\/uploads\/2018\/10\/PHOTO-2018-09-30-13-33-26.jpg?resize=768%2C461&amp;ssl=1 768w, https:\/\/i0.wp.com\/www.tus-oppenau.de\/fussball\/wp-content\/uploads\/2018\/10\/PHOTO-2018-09-30-13-33-26.jpg?w=1246&amp;ssl=1 1246w, https:\/\/i0.wp.com\/www.tus-oppenau.de\/fussball\/wp-content\/uploads\/2018\/10\/PHOTO-2018-09-30-13-33-26.jpg?w=948&amp;ssl=1 948w\" sizes=\"auto, (max-width: 474px) 100vw, 474px\" \/><\/a><\/div>\n<div>Manfred Roth <a href=\"http:\/\/www.bonsai-roth.com\/index.php?route=information\/information&amp;information_id=8\" target=\"_blank\" rel=\"noopener\">(Fa. Bonsai Roth)<\/a> spendete gro\u00dfz\u00fcgig einen kompletten Trikotsatz f\u00fcr die F-Junioren.<\/div>\n<div>\n<p>Die Fu\u00dfball Abteilung des TuS Oppenau bedankt sich recht herzlich f\u00fcr die gro\u00dfz\u00fcgige Unterst\u00fctzung unserer Jugendarbeit.<\/p>\n<p align=\"center\">Wir w\u00fcnschen den F-Junioren im neuen Trikot des Partners<\/p>\n<p align=\"center\"><strong><a href=\"http:\/\/www.bonsai-roth.com\/index.php?route=information\/information&amp;information_id=8\" target=\"_blank\" rel=\"noopener\">Bonsai Stube Manfred Roth<\/a><\/strong><\/p>\n<p align=\"center\">viel Erfolg.<\/p>\n<\/div>\n","protected":false},"excerpt":{"rendered":"<p>\u00dcber neue Trikots k\u00f6nnen sich die F Junioren des TuS Oppenau Abteilung Fu\u00dfball freuen. Manfred Roth (Fa. Bonsai Roth) spendete gro\u00dfz\u00fcgig einen kompletten Trikotsatz f\u00fcr die F-Junioren. Die Fu\u00dfball Abteilung des TuS Oppenau bedankt sich recht herzlich f\u00fcr die gro\u00dfz\u00fcgige Unterst\u00fctzung unserer Jugendarbeit. Wir w\u00fcnschen den F-Junioren im neuen Trikot des Partners Bonsai Stube Manfred &hellip; <a href=\"https:\/\/www.tus-oppenau.de\/fussball\/2018\/10\/neues-trikot-fuer-f-junioren-von-bonsai-stube-roth\/\" class=\"more-link\"><span class=\"screen-reader-text\">Neues Trikot f\u00fcr F Junioren von Bonsai-Stube Roth<\/span> weiterlesen <span class=\"meta-nav\">&rarr;<\/span><\/a><\/p>\n","protected":false},"author":93,"featured_media":5792,"comment_status":"closed","ping_status":"open","sticky":false,"template":"","format":"standard","meta":{"_jetpack_memberships_contains_paid_content":false,"footnotes":"","jetpack_publicize_message":"","jetpack_publicize_feature_enabled":true,"jetpack_social_post_already_shared":true,"jetpack_social_options":{"image_generator_settings":{"template":"highway","default_image_id":0,"font":"","enabled":false},"version":2}},"categories":[273],"tags":[],"class_list":["post-5791","post","type-post","status-publish","format-standard","has-post-thumbnail","hentry","category-f-junioren"],"jetpack_publicize_connections":[],"jetpack_featured_media_url":"https:\/\/i0.wp.com\/www.tus-oppenau.de\/fussball\/wp-content\/uploads\/2018\/10\/PHOTO-2018-09-30-13-33-26.jpg?fit=1246%2C748&ssl=1","jetpack_sharing_enabled":true,"jetpack_likes_enabled":true,"_links":{"self":[{"href":"https:\/\/www.tus-oppenau.de\/fussball\/wp-json\/wp\/v2\/posts\/5791","targetHints":{"allow":["GET"]}}],"collection":[{"href":"https:\/\/www.tus-oppenau.de\/fussball\/wp-json\/wp\/v2\/posts"}],"about":[{"href":"https:\/\/www.tus-oppenau.de\/fussball\/wp-json\/wp\/v2\/types\/post"}],"author":[{"embeddable":true,"href":"https:\/\/www.tus-oppenau.de\/fussball\/wp-json\/wp\/v2\/users\/93"}],"replies":[{"embeddable":true,"href":"https:\/\/www.tus-oppenau.de\/fussball\/wp-json\/wp\/v2\/comments?post=5791"}],"version-history":[{"count":4,"href":"https:\/\/www.tus-oppenau.de\/fussball\/wp-json\/wp\/v2\/posts\/5791\/revisions"}],"predecessor-version":[{"id":5840,"href":"https:\/\/www.tus-oppenau.de\/fussball\/wp-json\/wp\/v2\/posts\/5791\/revisions\/5840"}],"wp:featuredmedia":[{"embeddable":true,"href":"https:\/\/www.tus-oppenau.de\/fussball\/wp-json\/wp\/v2\/media\/5792"}],"wp:attachment":[{"href":"https:\/\/www.tus-oppenau.de\/fussball\/wp-json\/wp\/v2\/media?parent=5791"}],"wp:term":[{"taxonomy":"category","embeddable":true,"href":"https:\/\/www.tus-oppenau.de\/fussball\/wp-json\/wp\/v2\/categories?post=5791"},{"taxonomy":"post_tag","embeddable":true,"href":"https:\/\/www.tus-oppenau.de\/fussball\/wp-json\/wp\/v2\/tags?post=5791"}],"curies":[{"name":"wp","href":"https:\/\/api.w.org\/{rel}","templated":true}]}}