{"id":5866,"date":"2018-10-21T21:31:29","date_gmt":"2018-10-21T19:31:29","guid":{"rendered":"http:\/\/www.tus-oppenau.de\/fussball\/2018\/10\/b-juniorinnen-mit-2-sieg-in-folge\/"},"modified":"2018-10-21T21:32:15","modified_gmt":"2018-10-21T19:32:15","slug":"b-juniorinnen-mit-2-sieg-in-folge","status":"publish","type":"post","link":"https:\/\/www.tus-oppenau.de\/fussball\/2018\/10\/b-juniorinnen-mit-2-sieg-in-folge\/","title":{"rendered":"B Juniorinnen mit 2. Sieg in Folge"},"content":{"rendered":"<p>Nach dem 1:0 Ausw\u00e4rtssieg beim SV Kork am letzten Wochenende, gelang den B-Juniorinnen am Samstagabend ebenfalls ein 1:0 Sieg gegen den VfR Elgersweier. Den Sieg verdienten sich das Team durch eine starke Leistung in der ersten Halbzeit. In der 37. Minute traf Lilly M\u00fcller mit einem Freisto\u00df zum verdienten Heimsieg. In der zweiten H\u00e4lfte stand die Defensive sehr stabil und so spielte man zum 2. Mal in Folge zu Null.<\/p>\n<p><img data-recalc-dims=\"1\" loading=\"lazy\" decoding=\"async\" class=\"wp-image-5655 alignnone size-full\" src=\"https:\/\/i0.wp.com\/www.tus-oppenau.de\/fussball\/wp-content\/uploads\/2018\/09\/2018_09_07_B-Juniorinnen-Mannschaftsbild_heller.jpg?resize=474%2C313&#038;ssl=1\" width=\"474\" height=\"313\"><\/p>\n","protected":false},"excerpt":{"rendered":"<p>Nach dem 1:0 Ausw\u00e4rtssieg beim SV Kork am letzten Wochenende, gelang den B-Juniorinnen am Samstagabend ebenfalls ein 1:0 Sieg gegen den VfR Elgersweier. Den Sieg verdienten sich das Team durch eine starke Leistung in der ersten Halbzeit. In der 37. Minute traf Lilly M\u00fcller mit einem Freisto\u00df zum verdienten Heimsieg. In der zweiten H\u00e4lfte stand &hellip; <a href=\"https:\/\/www.tus-oppenau.de\/fussball\/2018\/10\/b-juniorinnen-mit-2-sieg-in-folge\/\" class=\"more-link\"><span class=\"screen-reader-text\">B Juniorinnen mit 2. Sieg in Folge<\/span> weiterlesen <span class=\"meta-nav\">&rarr;<\/span><\/a><\/p>\n","protected":false},"author":93,"featured_media":5655,"comment_status":"closed","ping_status":"open","sticky":false,"template":"","format":"standard","meta":{"_jetpack_memberships_contains_paid_content":false,"footnotes":"","jetpack_publicize_message":"","jetpack_publicize_feature_enabled":true,"jetpack_social_post_already_shared":true,"jetpack_social_options":{"image_generator_settings":{"template":"highway","default_image_id":0,"font":"","enabled":false},"version":2}},"categories":[1],"tags":[],"class_list":["post-5866","post","type-post","status-publish","format-standard","has-post-thumbnail","hentry","category-allgemein"],"jetpack_publicize_connections":[],"jetpack_featured_media_url":"https:\/\/i0.wp.com\/www.tus-oppenau.de\/fussball\/wp-content\/uploads\/2018\/09\/2018_09_07_B-Juniorinnen-Mannschaftsbild_heller-scaled.jpg?fit=2560%2C1691&ssl=1","jetpack_sharing_enabled":true,"jetpack_likes_enabled":true,"_links":{"self":[{"href":"https:\/\/www.tus-oppenau.de\/fussball\/wp-json\/wp\/v2\/posts\/5866","targetHints":{"allow":["GET"]}}],"collection":[{"href":"https:\/\/www.tus-oppenau.de\/fussball\/wp-json\/wp\/v2\/posts"}],"about":[{"href":"https:\/\/www.tus-oppenau.de\/fussball\/wp-json\/wp\/v2\/types\/post"}],"author":[{"embeddable":true,"href":"https:\/\/www.tus-oppenau.de\/fussball\/wp-json\/wp\/v2\/users\/93"}],"replies":[{"embeddable":true,"href":"https:\/\/www.tus-oppenau.de\/fussball\/wp-json\/wp\/v2\/comments?post=5866"}],"version-history":[{"count":1,"href":"https:\/\/www.tus-oppenau.de\/fussball\/wp-json\/wp\/v2\/posts\/5866\/revisions"}],"predecessor-version":[{"id":5867,"href":"https:\/\/www.tus-oppenau.de\/fussball\/wp-json\/wp\/v2\/posts\/5866\/revisions\/5867"}],"wp:featuredmedia":[{"embeddable":true,"href":"https:\/\/www.tus-oppenau.de\/fussball\/wp-json\/wp\/v2\/media\/5655"}],"wp:attachment":[{"href":"https:\/\/www.tus-oppenau.de\/fussball\/wp-json\/wp\/v2\/media?parent=5866"}],"wp:term":[{"taxonomy":"category","embeddable":true,"href":"https:\/\/www.tus-oppenau.de\/fussball\/wp-json\/wp\/v2\/categories?post=5866"},{"taxonomy":"post_tag","embeddable":true,"href":"https:\/\/www.tus-oppenau.de\/fussball\/wp-json\/wp\/v2\/tags?post=5866"}],"curies":[{"name":"wp","href":"https:\/\/api.w.org\/{rel}","templated":true}]}}