{"id":5870,"date":"2018-10-22T19:29:47","date_gmt":"2018-10-22T17:29:47","guid":{"rendered":"http:\/\/www.tus-oppenau.de\/fussball\/?p=5870"},"modified":"2018-10-22T19:29:47","modified_gmt":"2018-10-22T17:29:47","slug":"neues-trikot-fr-b-junioren","status":"publish","type":"post","link":"https:\/\/www.tus-oppenau.de\/fussball\/2018\/10\/neues-trikot-fr-b-junioren\/","title":{"rendered":"Neues Trikot f&uuml;r B-Junioren"},"content":{"rendered":"<p>Die B-Junioren der SG Bad Peterstal\/Oppenau konnten zu Saisonbeginn neu eingekleidet werden und freuen sich \u00fcber einen neuen Kurzarm-Trikotsatz. <\/p>\n<p><a href=\"https:\/\/i0.wp.com\/www.tus-oppenau.de\/fussball\/wp-content\/uploads\/2018\/10\/B-Junioren-SG-Peterstal-Oppenau-2018-19_quer.jpg?ssl=1\"><img data-recalc-dims=\"1\" loading=\"lazy\" decoding=\"async\" title=\"B-Junioren SG Peterstal-Oppenau 2018-19_quer\" style=\"border-top: 0px; border-right: 0px; background-image: none; border-bottom: 0px; padding-top: 0px; padding-left: 0px; border-left: 0px; display: inline; padding-right: 0px\" border=\"0\" alt=\"B-Junioren SG Peterstal-Oppenau 2018-19_quer\" src=\"https:\/\/i0.wp.com\/www.tus-oppenau.de\/fussball\/wp-content\/uploads\/2018\/10\/B-Junioren-SG-Peterstal-Oppenau-2018-19_quer_thumb.jpg?resize=474%2C211&#038;ssl=1\" width=\"474\" height=\"211\"><\/a><\/p>\n<p align=\"justify\">Die Fu\u00dfball Abteilungen des SV Schwarzwald Bad Peterstal sowie des TuS Oppenau bedankt sich recht herzlich bei Herrn Werner W\u00f6ssner \u2013 Inhaber der Firma&nbsp; <a href=\"http:\/\/www.mulag.de\/\">MULAG-Fahrzeugwerk<\/a> <\/p>\n<p><p align=\"center\"><a href=\"https:\/\/i0.wp.com\/www.tus-oppenau.de\/fussball\/wp-content\/uploads\/2018\/09\/MULAG.jpg?ssl=1\"><img data-recalc-dims=\"1\" loading=\"lazy\" decoding=\"async\" title=\"MULAG\" border=\"0\" alt=\"MULAG\" src=\"https:\/\/i0.wp.com\/www.tus-oppenau.de\/fussball\/wp-content\/uploads\/2018\/09\/MULAG_thumb.jpg?resize=278%2C51&#038;ssl=1\" width=\"278\" height=\"51\"><\/a><\/p>\n<p>f\u00fcr die gro\u00dfz\u00fcgige Unterst\u00fctzung unserer Jugendarbeit. Wir w\u00fcnschen den B-Junioren der SG Bad Peterstal\/Oppenau viel Erfolg im neuen Trikot.<\/p>\n","protected":false},"excerpt":{"rendered":"<p>Die B-Junioren der SG Bad Peterstal\/Oppenau konnten zu Saisonbeginn neu eingekleidet werden und freuen sich \u00fcber einen neuen Kurzarm-Trikotsatz. Die Fu\u00dfball Abteilungen des SV Schwarzwald Bad Peterstal sowie des TuS Oppenau bedankt sich recht herzlich bei Herrn Werner W\u00f6ssner \u2013 Inhaber der Firma&nbsp; MULAG-Fahrzeugwerk f\u00fcr die gro\u00dfz\u00fcgige Unterst\u00fctzung unserer Jugendarbeit. Wir w\u00fcnschen den B-Junioren der &hellip; <a href=\"https:\/\/www.tus-oppenau.de\/fussball\/2018\/10\/neues-trikot-fr-b-junioren\/\" class=\"more-link\"><span class=\"screen-reader-text\">Neues Trikot f&uuml;r B-Junioren<\/span> weiterlesen <span class=\"meta-nav\">&rarr;<\/span><\/a><\/p>\n","protected":false},"author":47,"featured_media":0,"comment_status":"closed","ping_status":"open","sticky":false,"template":"","format":"standard","meta":{"_jetpack_memberships_contains_paid_content":false,"footnotes":"","jetpack_publicize_message":"","jetpack_publicize_feature_enabled":true,"jetpack_social_post_already_shared":true,"jetpack_social_options":{"image_generator_settings":{"template":"highway","default_image_id":0,"font":"","enabled":false},"version":2}},"categories":[269],"tags":[],"class_list":["post-5870","post","type-post","status-publish","format-standard","hentry","category-b-junioren"],"jetpack_publicize_connections":[],"jetpack_featured_media_url":"","jetpack_sharing_enabled":true,"jetpack_likes_enabled":true,"_links":{"self":[{"href":"https:\/\/www.tus-oppenau.de\/fussball\/wp-json\/wp\/v2\/posts\/5870","targetHints":{"allow":["GET"]}}],"collection":[{"href":"https:\/\/www.tus-oppenau.de\/fussball\/wp-json\/wp\/v2\/posts"}],"about":[{"href":"https:\/\/www.tus-oppenau.de\/fussball\/wp-json\/wp\/v2\/types\/post"}],"author":[{"embeddable":true,"href":"https:\/\/www.tus-oppenau.de\/fussball\/wp-json\/wp\/v2\/users\/47"}],"replies":[{"embeddable":true,"href":"https:\/\/www.tus-oppenau.de\/fussball\/wp-json\/wp\/v2\/comments?post=5870"}],"version-history":[{"count":1,"href":"https:\/\/www.tus-oppenau.de\/fussball\/wp-json\/wp\/v2\/posts\/5870\/revisions"}],"predecessor-version":[{"id":5871,"href":"https:\/\/www.tus-oppenau.de\/fussball\/wp-json\/wp\/v2\/posts\/5870\/revisions\/5871"}],"wp:attachment":[{"href":"https:\/\/www.tus-oppenau.de\/fussball\/wp-json\/wp\/v2\/media?parent=5870"}],"wp:term":[{"taxonomy":"category","embeddable":true,"href":"https:\/\/www.tus-oppenau.de\/fussball\/wp-json\/wp\/v2\/categories?post=5870"},{"taxonomy":"post_tag","embeddable":true,"href":"https:\/\/www.tus-oppenau.de\/fussball\/wp-json\/wp\/v2\/tags?post=5870"}],"curies":[{"name":"wp","href":"https:\/\/api.w.org\/{rel}","templated":true}]}}