{"id":6013,"date":"2018-12-06T20:57:41","date_gmt":"2018-12-06T18:57:41","guid":{"rendered":"http:\/\/www.tus-oppenau.de\/fussball\/?p=6013"},"modified":"2018-12-06T23:50:50","modified_gmt":"2018-12-06T21:50:50","slug":"nikolausfeier-der-tus-bambinis","status":"publish","type":"post","link":"https:\/\/www.tus-oppenau.de\/fussball\/2018\/12\/nikolausfeier-der-tus-bambinis\/","title":{"rendered":"Nikolausfeier der TuS Bambinis"},"content":{"rendered":"<p align=\"justify\">Wie jedes Jahr besuchte der Nikolaus unsere J\u00fcngsten bei ihrer Nikolausfeier im Sportheim Haldenhoftreff. Nachdem die insgesamt 25 Jungs und M\u00e4dels sich mit Pommes und Nuggets gest\u00e4rkt hatten, wartete man gespannt auf die Ankunft des Nikolaus.  <\/p>\n<p align=\"justify\"><a href=\"https:\/\/i0.wp.com\/www.tus-oppenau.de\/fussball\/wp-content\/uploads\/2018\/12\/IMG_8438.jpg?ssl=1\"><img data-recalc-dims=\"1\" loading=\"lazy\" decoding=\"async\" title=\"IMG_8438\" style=\"border-top: 0px; border-right: 0px; background-image: none; border-bottom: 0px; padding-top: 0px; padding-left: 0px; border-left: 0px; display: inline; padding-right: 0px\" border=\"0\" alt=\"IMG_8438\" src=\"https:\/\/i0.wp.com\/www.tus-oppenau.de\/fussball\/wp-content\/uploads\/2018\/12\/IMG_8438_thumb.jpg?resize=474%2C227&#038;ssl=1\" width=\"474\" height=\"227\"><\/a> <\/p>\n<p align=\"justify\">Mit einem Nikolaus-Lied wurde er dann freudig empfangen, und nachdem der Nikolaus einige sch\u00f6ne Gedichte vorgelesen hatte, wich auch die Anspannung bei den Kindern und sp\u00e4testens als jeder aus der Hand des Nikolaus eine T\u00fcte mit Obst, S\u00fc\u00dfigkeiten und Geschenken bekommen hatte, waren die Bambinis gl\u00fccklich und zufrieden.&nbsp; <\/p>\n<p align=\"justify\"><strong>Auch der Nikolaus war begeistert von unseren braven Kids !!!<\/strong> <\/p>\n<p align=\"justify\">Nach einem Gedichtvortrag von Julius und Tristan, dem gemeinsamen Bild, und einem Abschiedslied verabschiedete er sich und versprach, nat\u00fcrlich im n\u00e4chsten Jahr wiederzukommen.  <\/p>\n<p align=\"justify\"><a href=\"https:\/\/i0.wp.com\/www.tus-oppenau.de\/fussball\/wp-content\/uploads\/2018\/12\/IMG_8436.jpg?ssl=1\"><img data-recalc-dims=\"1\" loading=\"lazy\" decoding=\"async\" title=\"IMG_8436\" style=\"border-top: 0px; border-right: 0px; background-image: none; border-bottom: 0px; padding-top: 0px; padding-left: 0px; border-left: 0px; display: inline; padding-right: 0px\" border=\"0\" alt=\"IMG_8436\" src=\"https:\/\/i0.wp.com\/www.tus-oppenau.de\/fussball\/wp-content\/uploads\/2018\/12\/IMG_8436_thumb.jpg?resize=217%2C288&#038;ssl=1\" width=\"217\" height=\"288\"><\/a>&nbsp; <a href=\"https:\/\/i0.wp.com\/www.tus-oppenau.de\/fussball\/wp-content\/uploads\/2018\/12\/IMG_8444.jpg?ssl=1\"><img data-recalc-dims=\"1\" loading=\"lazy\" decoding=\"async\" title=\"IMG_8444\" style=\"border-top: 0px; border-right: 0px; background-image: none; border-bottom: 0px; padding-top: 0px; padding-left: 0px; border-left: 0px; display: inline; padding-right: 0px\" border=\"0\" alt=\"IMG_8444\" src=\"https:\/\/i0.wp.com\/www.tus-oppenau.de\/fussball\/wp-content\/uploads\/2018\/12\/IMG_8444_thumb.jpg?resize=365%2C276&#038;ssl=1\" width=\"365\" height=\"276\"><\/a> <\/p>\n<p align=\"justify\">F\u00fcr unsere Nachwuchsspieler steht jetzt noch ein Training im Jahr 2018 an und dann beginnt die wohlverdiente Winterpause. Weiter geht es dann am 9. Januar mit Training in der Schulsporthalle ! <\/p>\n<p>Unser Dank geht noch an <\/p>\n<p>&#8211; Petra vom Haldenhofteam f\u00fcr die prima Bewirtung<br \/>&#8211; an unseren Nikolaus ( traditionell <strong><a href=\"https:\/\/www.pavillon-oppenau.de\/\" target=\"_blank\">Uwe Hauser<\/a><\/strong> !!! )<br \/>&#8211; an unsere schon jahrelangen Spender der Geschenkt\u00fcten<br \/>&#8211; an alle Eltern f\u00fcr die Unterst\u00fctzung und f\u00fcr die \u201cSPENDENSAU\u201d <\/p>\n<p><strong><a href=\"http:\/\/www.deckers.de\/\" target=\"_blank\">NEUKAUF DECKER<\/a><\/strong> und die <strong><a href=\"https:\/\/www.sparkasse-offenburg.de\/de\/home.html\" target=\"_blank\">SPARKASSE<\/a><\/strong> <\/p>\n<p><a href=\"https:\/\/i0.wp.com\/www.tus-oppenau.de\/fussball\/wp-content\/uploads\/2018\/12\/IMG_8394.jpg?ssl=1\"><img data-recalc-dims=\"1\" loading=\"lazy\" decoding=\"async\" title=\"IMG_8394\" style=\"border-top: 0px; border-right: 0px; background-image: none; border-bottom: 0px; padding-top: 0px; padding-left: 0px; border-left: 0px; display: inline; padding-right: 0px\" border=\"0\" alt=\"IMG_8394\" src=\"https:\/\/i0.wp.com\/www.tus-oppenau.de\/fussball\/wp-content\/uploads\/2018\/12\/IMG_8394_thumb.jpg?resize=324%2C462&#038;ssl=1\" width=\"324\" height=\"462\"><\/a> <\/p>\n<p align=\"justify\">&#8211; und nat\u00fcrlich an unsere Bambinis, die das ganze Jahr \u00fcber mit voller Begeisterung und Einsatz im Training, und bei den Spielen und Turnieren dabei sind !!! <\/p>\n<p><a href=\"https:\/\/i0.wp.com\/www.tus-oppenau.de\/fussball\/wp-content\/uploads\/2018\/12\/IMG_8444-1.jpg?ssl=1\"><img data-recalc-dims=\"1\" loading=\"lazy\" decoding=\"async\" title=\"IMG_8444\" style=\"border-top: 0px; border-right: 0px; background-image: none; border-bottom: 0px; padding-top: 0px; padding-left: 0px; border-left: 0px; display: inline; padding-right: 0px\" border=\"0\" alt=\"IMG_8444\" src=\"https:\/\/i0.wp.com\/www.tus-oppenau.de\/fussball\/wp-content\/uploads\/2018\/12\/IMG_8444_thumb-1.jpg?resize=474%2C355&#038;ssl=1\" width=\"474\" height=\"355\"><\/a><\/p>\n","protected":false},"excerpt":{"rendered":"<p>Wie jedes Jahr besuchte der Nikolaus unsere J\u00fcngsten bei ihrer Nikolausfeier im Sportheim Haldenhoftreff. Nachdem die insgesamt 25 Jungs und M\u00e4dels sich mit Pommes und Nuggets gest\u00e4rkt hatten, wartete man gespannt auf die Ankunft des Nikolaus. Mit einem Nikolaus-Lied wurde er dann freudig empfangen, und nachdem der Nikolaus einige sch\u00f6ne Gedichte vorgelesen hatte, wich auch &hellip; <a href=\"https:\/\/www.tus-oppenau.de\/fussball\/2018\/12\/nikolausfeier-der-tus-bambinis\/\" class=\"more-link\"><span class=\"screen-reader-text\">Nikolausfeier der TuS Bambinis<\/span> weiterlesen <span class=\"meta-nav\">&rarr;<\/span><\/a><\/p>\n","protected":false},"author":47,"featured_media":6011,"comment_status":"closed","ping_status":"open","sticky":false,"template":"","format":"standard","meta":{"_jetpack_memberships_contains_paid_content":false,"footnotes":"","jetpack_publicize_message":"","jetpack_publicize_feature_enabled":true,"jetpack_social_post_already_shared":true,"jetpack_social_options":{"image_generator_settings":{"template":"highway","default_image_id":0,"font":"","enabled":false},"version":2}},"categories":[274],"tags":[],"class_list":["post-6013","post","type-post","status-publish","format-standard","has-post-thumbnail","hentry","category-g-junioren-bambinis"],"jetpack_publicize_connections":[],"jetpack_featured_media_url":"https:\/\/i0.wp.com\/www.tus-oppenau.de\/fussball\/wp-content\/uploads\/2018\/12\/IMG_8444-1.jpg?fit=1024%2C768&ssl=1","jetpack_sharing_enabled":true,"jetpack_likes_enabled":true,"_links":{"self":[{"href":"https:\/\/www.tus-oppenau.de\/fussball\/wp-json\/wp\/v2\/posts\/6013","targetHints":{"allow":["GET"]}}],"collection":[{"href":"https:\/\/www.tus-oppenau.de\/fussball\/wp-json\/wp\/v2\/posts"}],"about":[{"href":"https:\/\/www.tus-oppenau.de\/fussball\/wp-json\/wp\/v2\/types\/post"}],"author":[{"embeddable":true,"href":"https:\/\/www.tus-oppenau.de\/fussball\/wp-json\/wp\/v2\/users\/47"}],"replies":[{"embeddable":true,"href":"https:\/\/www.tus-oppenau.de\/fussball\/wp-json\/wp\/v2\/comments?post=6013"}],"version-history":[{"count":1,"href":"https:\/\/www.tus-oppenau.de\/fussball\/wp-json\/wp\/v2\/posts\/6013\/revisions"}],"predecessor-version":[{"id":6014,"href":"https:\/\/www.tus-oppenau.de\/fussball\/wp-json\/wp\/v2\/posts\/6013\/revisions\/6014"}],"wp:featuredmedia":[{"embeddable":true,"href":"https:\/\/www.tus-oppenau.de\/fussball\/wp-json\/wp\/v2\/media\/6011"}],"wp:attachment":[{"href":"https:\/\/www.tus-oppenau.de\/fussball\/wp-json\/wp\/v2\/media?parent=6013"}],"wp:term":[{"taxonomy":"category","embeddable":true,"href":"https:\/\/www.tus-oppenau.de\/fussball\/wp-json\/wp\/v2\/categories?post=6013"},{"taxonomy":"post_tag","embeddable":true,"href":"https:\/\/www.tus-oppenau.de\/fussball\/wp-json\/wp\/v2\/tags?post=6013"}],"curies":[{"name":"wp","href":"https:\/\/api.w.org\/{rel}","templated":true}]}}