{"id":6212,"date":"2019-02-23T22:35:32","date_gmt":"2019-02-23T20:35:32","guid":{"rendered":"http:\/\/www.tus-oppenau.de\/fussball\/?p=6212"},"modified":"2019-02-25T09:23:50","modified_gmt":"2019-02-25T07:23:50","slug":"fv-schutterwald-gewinnt-den-haus-der-ingenieure-cup-2019","status":"publish","type":"post","link":"https:\/\/www.tus-oppenau.de\/fussball\/2019\/02\/fv-schutterwald-gewinnt-den-haus-der-ingenieure-cup-2019\/","title":{"rendered":"FV Schutterwald gewinnt den Haus der Ingenieure&ndash;Cup 2019"},"content":{"rendered":"<p align=\"justify\"><b>Der Landesligist FV Schutterwald gewinnt den 5. <a href=\"http:\/\/hausderingenieure.com\" target=\"_blank\">Haus der Ingenieure<\/a> Cup 2019 auf der G\u00fcnter-Bimmerle-Sportst\u00e4tte in Oppenau.<\/b>  <\/p>\n<p align=\"justify\"><a href=\"https:\/\/i0.wp.com\/www.tus-oppenau.de\/fussball\/wp-content\/uploads\/2019\/02\/IMG_2817.jpg?ssl=1\"><img data-recalc-dims=\"1\" loading=\"lazy\" decoding=\"async\" title=\"IMG_2817\" style=\"border-top: 0px; border-right: 0px; background-image: none; border-bottom: 0px; padding-top: 0px; padding-left: 0px; border-left: 0px; display: inline; padding-right: 0px\" border=\"0\" alt=\"IMG_2817\" src=\"https:\/\/i0.wp.com\/www.tus-oppenau.de\/fussball\/wp-content\/uploads\/2019\/02\/IMG_2817_thumb.jpg?resize=474%2C264&#038;ssl=1\" width=\"474\" height=\"264\"><\/a> <\/p>\n<p align=\"justify\">Die Mannschaft von Trainer Frank Berger konnte gegen den Gastgeber TuS Oppenau knapp mit 1:0 gewinnen, dem Kehler FV ein 0:0 Unentschieden abringen und gewann somit verdient den Wanderpokal. Die Zuschauer sahen bei sehr guten \u00e4u\u00dferen Bedingungen drei interessante Begegnungen. Teilnehmer waren die Verbandsligisten Kehler FV, der gastgebende TuS Oppenau und der Landesligist FV Schutterwald. Gespielt wurde im Modus \u201eJeder gegen Jeden\u201c wobei eine Partie jeweils 2 x 30 Minuten dauerte. <\/p>\n<p align=\"justify\"><a href=\"https:\/\/i0.wp.com\/www.tus-oppenau.de\/fussball\/wp-content\/uploads\/2019\/02\/FV-Schutterwald.jpg?ssl=1\"><img data-recalc-dims=\"1\" loading=\"lazy\" decoding=\"async\" title=\"FV Schutterwald\" style=\"border-top: 0px; border-right: 0px; background-image: none; border-bottom: 0px; padding-top: 0px; padding-left: 0px; border-left: 0px; display: inline; padding-right: 0px\" border=\"0\" alt=\"FV Schutterwald\" src=\"https:\/\/i0.wp.com\/www.tus-oppenau.de\/fussball\/wp-content\/uploads\/2019\/02\/FV-Schutterwald_thumb.jpg?resize=474%2C188&#038;ssl=1\" width=\"474\" height=\"188\"><\/a> <\/p>\n<p align=\"justify\"><strong><u>1. Spiel:<br \/><\/u>TuS Oppenau &#8211; FV Schutterwald 0:1 (0:0)<br \/><\/strong>In der ausgeglichenen Partie in der 1. Halbzeit hatte der TuS zwar mehr Ballbesitz konnte daraus aber kein Kapital schlagen. Keller konnte eine gute Chance zur F\u00fchrung nicht nutzen und Torh\u00fcter Poveda musste mit einer Glanzparade einen Fernschuss der Schutterw\u00e4lder entsch\u00e4rfen. Kurz vor der Pause noch gute Chance Huber der aber am Torh\u00fcter Leistler scheitert. In der zweiten Halbzeit brachte Bruder den Ball nach einer Ecke aus k\u00fcrzester Distanz nicht \u00fcber die Linie. Der FV Schutterwald kam mit einem schnellen Gegenzug zur 0:1 F\u00fchrung durch Kopf der von der linken Seite den Ball an Kepper Poveda vorbei ins Netz schoss. Danach gab es kaum noch gelungene Aktionen des TuS und somit blieb es beim 0:1.<\/p>\n<p>TuS Oppenau &#8211; FV Schutterwald 0:1 (0:0)<br \/>0:1 Kopf (48.)<\/p>\n<p><a href=\"https:\/\/i0.wp.com\/www.tus-oppenau.de\/fussball\/wp-content\/uploads\/2019\/02\/IMG_2818-1.jpg?ssl=1\"><img data-recalc-dims=\"1\" loading=\"lazy\" decoding=\"async\" title=\"IMG_2818\" style=\"border-top: 0px; border-right: 0px; background-image: none; border-bottom: 0px; padding-top: 0px; padding-left: 0px; border-left: 0px; display: inline; padding-right: 0px\" border=\"0\" alt=\"IMG_2818\" src=\"https:\/\/i0.wp.com\/www.tus-oppenau.de\/fussball\/wp-content\/uploads\/2019\/02\/IMG_2818_thumb-1.jpg?resize=301%2C170&#038;ssl=1\" width=\"301\" height=\"170\"><\/a>&nbsp;<a href=\"https:\/\/i0.wp.com\/www.tus-oppenau.de\/fussball\/wp-content\/uploads\/2019\/02\/IMG_2821-1.jpg?ssl=1\"><img data-recalc-dims=\"1\" loading=\"lazy\" decoding=\"async\" title=\"IMG_2821\" style=\"border-top: 0px; border-right: 0px; background-image: none; border-bottom: 0px; padding-top: 0px; padding-left: 0px; border-left: 0px; display: inline; padding-right: 0px\" border=\"0\" alt=\"IMG_2821\" src=\"https:\/\/i0.wp.com\/www.tus-oppenau.de\/fussball\/wp-content\/uploads\/2019\/02\/IMG_2821_thumb-1.jpg?resize=302%2C169&#038;ssl=1\" width=\"302\" height=\"169\"><\/a><\/p>\n<p align=\"justify\"><strong><u>2. Spiel:<br \/><\/u>FV Schutterwald \u2013 Kehler FV 0:0 (0:0)<br \/><\/strong>Der Kehler FV hatte in der 1. Halbzeit ein \u00dcbergewicht und konnte auch einige Chancen erspielen. Ein Freistoss von Madihi wird vom Torh\u00fcter des FV Schutterwald gerade noch pariert. Kurz vor Pause gute Chance f\u00fcr Schutterwald aber Balta verzieht frei vor Torwart K\u00fcnstle. Der FV Schutterwald spielte aus einer kompakten Abwehr und hatte durch Kopf die Chance zur F\u00fchrung aber K\u00fcnstle im Tor der Grenzst\u00e4tter reagierte gl\u00e4nzend. Schutterwald verteidigt geschickt und suchte sein Heil in schnellen Kontern die aber z\u00e4hlbares Nichts einbrachten. Der Kehler FV kam auf der anderen Seite mit seinen Angriffen nicht durch die vielbeinige Abwehr des FV Schutterwald. Somit blieb es beim 0:0 Unentschieden nach 60 Minuten.<\/p>\n<p>FV Schutterwald \u2013 Kehler FV 0:0 (0:0) <\/p>\n<p><a href=\"https:\/\/i0.wp.com\/www.tus-oppenau.de\/fussball\/wp-content\/uploads\/2019\/02\/IMG_2825.jpg?ssl=1\"><img data-recalc-dims=\"1\" loading=\"lazy\" decoding=\"async\" title=\"IMG_2825\" style=\"border-top: 0px; border-right: 0px; background-image: none; border-bottom: 0px; padding-top: 0px; padding-left: 0px; border-left: 0px; display: inline; padding-right: 0px\" border=\"0\" alt=\"IMG_2825\" src=\"https:\/\/i0.wp.com\/www.tus-oppenau.de\/fussball\/wp-content\/uploads\/2019\/02\/IMG_2825_thumb.jpg?resize=295%2C166&#038;ssl=1\" width=\"295\" height=\"166\"><\/a>&nbsp; <a href=\"https:\/\/i0.wp.com\/www.tus-oppenau.de\/fussball\/wp-content\/uploads\/2019\/02\/IMG_2826.jpg?ssl=1\"><img data-recalc-dims=\"1\" loading=\"lazy\" decoding=\"async\" title=\"IMG_2826\" style=\"border-top: 0px; border-right: 0px; background-image: none; border-bottom: 0px; padding-top: 0px; padding-left: 0px; border-left: 0px; display: inline; padding-right: 0px\" border=\"0\" alt=\"IMG_2826\" src=\"https:\/\/i0.wp.com\/www.tus-oppenau.de\/fussball\/wp-content\/uploads\/2019\/02\/IMG_2826_thumb.jpg?resize=296%2C165&#038;ssl=1\" width=\"296\" height=\"165\"><\/a> <\/p>\n<p><b><u><\/u><\/b> <\/p>\n<p align=\"justify\"><strong><u>3. Spiel:<br \/><\/u>Kehler FV \u2013 TuS Oppenau 1:1 (0:1)<br \/><\/strong>Im Duell der beiden Verbandsligisten hatte M\u00fcller nach Flanke Lietz die erste Torgelegenheit f\u00fcr die Gastgeber. Ein Schuss aus der Drehung von G\u00f6ser aus kurzer Distanz verfehlt Tor das Tor des TuS. Auf der Gegenseite versucht M\u00fcller mit einem Heber Torh\u00fcter K\u00fcnstle zu \u00fcberraschen aber dieser verfehlte das Tor. Der TuS hatte Gl\u00fcck dass Plautz f\u00fcr den Kehler FV nur den Pfosten traf. Mit einem sehenswerten Angriff \u00fcber die linke Seite dann die F\u00fchrung f\u00fcr den TuS. Auf Pass von Spielertrainer Seger drang Kimmig in den Strafraum und schob den Ball zur F\u00fchrung in die Maschen. In der zweiten Halbzeit hatte der Kehler FV mehr Spielanteile konnte dies aber kaum in erw\u00e4hnenswerte Torchancen umsetzen. Die Abwehr des TuS stand gut und konnte die Angriffe meist abfangen. Als kaum jemand noch mit einem Tor rechnete \u00fcberraschte Plautz mit einem Schuss aus 18 Metern Torh\u00fcter Poveda auf dem falschen Fu\u00df und erzielte in der Nachspielzeit den 1:1 Ausgleich. <\/p>\n<p>Kehler FV \u2013 TuS Oppenau 1:1 (0:1)<br \/>0:1 Kimmig (26.), 1:1 Plautz (61.)<\/p>\n<p><a href=\"https:\/\/i0.wp.com\/www.tus-oppenau.de\/fussball\/wp-content\/uploads\/2019\/02\/IMG_2830.jpg?ssl=1\"><img data-recalc-dims=\"1\" loading=\"lazy\" decoding=\"async\" title=\"IMG_2830\" style=\"border-top: 0px; border-right: 0px; background-image: none; border-bottom: 0px; padding-top: 0px; padding-left: 0px; border-left: 0px; display: inline; padding-right: 0px\" border=\"0\" alt=\"IMG_2830\" src=\"https:\/\/i0.wp.com\/www.tus-oppenau.de\/fussball\/wp-content\/uploads\/2019\/02\/IMG_2830_thumb.jpg?resize=294%2C166&#038;ssl=1\" width=\"294\" height=\"166\"><\/a>&nbsp; <a href=\"https:\/\/i0.wp.com\/www.tus-oppenau.de\/fussball\/wp-content\/uploads\/2019\/02\/IMG_2833.jpg?ssl=1\"><img data-recalc-dims=\"1\" loading=\"lazy\" decoding=\"async\" title=\"IMG_2833\" style=\"border-top: 0px; border-right: 0px; background-image: none; border-bottom: 0px; padding-top: 0px; padding-left: 0px; border-left: 0px; display: inline; padding-right: 0px\" border=\"0\" alt=\"IMG_2833\" src=\"https:\/\/i0.wp.com\/www.tus-oppenau.de\/fussball\/wp-content\/uploads\/2019\/02\/IMG_2833_thumb.jpg?resize=296%2C165&#038;ssl=1\" width=\"296\" height=\"165\"><\/a><\/p>\n<p align=\"justify\">Somit erreichte der Kehler FV den zweiten Platz vor dem TuS Oppenau. Bei der anschlie\u00dfenden Siegerehrung bedankte sich Abteilungsleiter Frank Spinner bei den teilnehmenden Mannschaften, \u00fcbereichte die Preise sowie den Wanderpokal an den Sieger FV Schutterwald und w\u00fcnschte allen Teams eine erfolgreiche R\u00fcckrunde in der Verbands- bzw. Landesliga. <\/p>\n<p align=\"justify\"><a href=\"https:\/\/i0.wp.com\/www.tus-oppenau.de\/fussball\/wp-content\/uploads\/2019\/02\/Siegerehrung.jpg?ssl=1\"><img data-recalc-dims=\"1\" loading=\"lazy\" decoding=\"async\" title=\"Siegerehrung\" style=\"border-top: 0px; border-right: 0px; background-image: none; border-bottom: 0px; padding-top: 0px; padding-left: 0px; border-left: 0px; display: inline; padding-right: 0px\" border=\"0\" alt=\"Siegerehrung\" src=\"https:\/\/i0.wp.com\/www.tus-oppenau.de\/fussball\/wp-content\/uploads\/2019\/02\/Siegerehrung_thumb.jpg?resize=474%2C303&#038;ssl=1\" width=\"474\" height=\"303\"><\/a><\/p>\n","protected":false},"excerpt":{"rendered":"<p>Der Landesligist FV Schutterwald gewinnt den 5. Haus der Ingenieure Cup 2019 auf der G\u00fcnter-Bimmerle-Sportst\u00e4tte in Oppenau. Die Mannschaft von Trainer Frank Berger konnte gegen den Gastgeber TuS Oppenau knapp mit 1:0 gewinnen, dem Kehler FV ein 0:0 Unentschieden abringen und gewann somit verdient den Wanderpokal. Die Zuschauer sahen bei sehr guten \u00e4u\u00dferen Bedingungen drei &hellip; <a href=\"https:\/\/www.tus-oppenau.de\/fussball\/2019\/02\/fv-schutterwald-gewinnt-den-haus-der-ingenieure-cup-2019\/\" class=\"more-link\"><span class=\"screen-reader-text\">FV Schutterwald gewinnt den Haus der Ingenieure&ndash;Cup 2019<\/span> weiterlesen <span class=\"meta-nav\">&rarr;<\/span><\/a><\/p>\n","protected":false},"author":47,"featured_media":6200,"comment_status":"closed","ping_status":"open","sticky":false,"template":"","format":"standard","meta":{"_jetpack_memberships_contains_paid_content":false,"footnotes":"","jetpack_publicize_message":"","jetpack_publicize_feature_enabled":true,"jetpack_social_post_already_shared":true,"jetpack_social_options":{"image_generator_settings":{"template":"highway","default_image_id":0,"font":"","enabled":false},"version":2}},"categories":[247,250],"tags":[],"class_list":["post-6212","post","type-post","status-publish","format-standard","has-post-thumbnail","hentry","category-1-mannschaft","category-veranstaltungen"],"jetpack_publicize_connections":[],"jetpack_featured_media_url":"https:\/\/i0.wp.com\/www.tus-oppenau.de\/fussball\/wp-content\/uploads\/2019\/02\/IMG_2821.jpg?fit=1024%2C575&ssl=1","jetpack_sharing_enabled":true,"jetpack_likes_enabled":true,"_links":{"self":[{"href":"https:\/\/www.tus-oppenau.de\/fussball\/wp-json\/wp\/v2\/posts\/6212","targetHints":{"allow":["GET"]}}],"collection":[{"href":"https:\/\/www.tus-oppenau.de\/fussball\/wp-json\/wp\/v2\/posts"}],"about":[{"href":"https:\/\/www.tus-oppenau.de\/fussball\/wp-json\/wp\/v2\/types\/post"}],"author":[{"embeddable":true,"href":"https:\/\/www.tus-oppenau.de\/fussball\/wp-json\/wp\/v2\/users\/47"}],"replies":[{"embeddable":true,"href":"https:\/\/www.tus-oppenau.de\/fussball\/wp-json\/wp\/v2\/comments?post=6212"}],"version-history":[{"count":2,"href":"https:\/\/www.tus-oppenau.de\/fussball\/wp-json\/wp\/v2\/posts\/6212\/revisions"}],"predecessor-version":[{"id":6218,"href":"https:\/\/www.tus-oppenau.de\/fussball\/wp-json\/wp\/v2\/posts\/6212\/revisions\/6218"}],"wp:featuredmedia":[{"embeddable":true,"href":"https:\/\/www.tus-oppenau.de\/fussball\/wp-json\/wp\/v2\/media\/6200"}],"wp:attachment":[{"href":"https:\/\/www.tus-oppenau.de\/fussball\/wp-json\/wp\/v2\/media?parent=6212"}],"wp:term":[{"taxonomy":"category","embeddable":true,"href":"https:\/\/www.tus-oppenau.de\/fussball\/wp-json\/wp\/v2\/categories?post=6212"},{"taxonomy":"post_tag","embeddable":true,"href":"https:\/\/www.tus-oppenau.de\/fussball\/wp-json\/wp\/v2\/tags?post=6212"}],"curies":[{"name":"wp","href":"https:\/\/api.w.org\/{rel}","templated":true}]}}