{"id":6274,"date":"2019-03-31T18:10:27","date_gmt":"2019-03-31T16:10:27","guid":{"rendered":"http:\/\/www.tus-oppenau.de\/fussball\/?p=6274"},"modified":"2019-04-14T18:31:40","modified_gmt":"2019-04-14T16:31:40","slug":"freiburger-fc-wird-favoritenrolle-gerecht","status":"publish","type":"post","link":"https:\/\/www.tus-oppenau.de\/fussball\/2019\/03\/freiburger-fc-wird-favoritenrolle-gerecht\/","title":{"rendered":"Freiburger FC wird Favoritenrolle gerecht"},"content":{"rendered":"<p><strong>Der Tabellenf\u00fchrer Freiburger FC tat sich beim Schlusslicht TuS Oppenau lange schwer und ging mit einem 0:0 in die Pause. Dank eines Doppelpacks von Torj\u00e4ger Marco Senftleber in der zweiten H\u00e4lfte nahm der Freiburger FC am Ende verdient die Punkte mit nach Hause.<\/strong><\/p>\n<p>Wie zu erwarten stand Oppenau tief, lauerte auf Konter und \u00fcberlies den Freiburgern den Ballbesitz. Der Gast machte zu Beginn m\u00e4chtig Betrieb und versuchte fr\u00fch in F\u00fchrung zu gehen. Oppenau stand aber taktisch gut und hielt mit hohem Engagement dagegen. Mit zunehmender Spieldauer hatte Oppenau die Angriffe der Freiburger immer besser im Griff und kam zu eigenen Offensivaktionen. In der 33. Minute pr\u00fcfte Martinelli nach einem Eckball Oppenaus Torwart Jose Poveda mit einem Flachschuss von der Strafraumgrenze. In der 43. Minute dann eine dicke Chance f\u00fcr Oppenau. Ali Abdalla setzte sich \u00fcber die linke Seite durch und tauchte in den Freiburger Strafraum ein. Keeper Preu\u00df konnte seinen Schuss aber im Nachfassen parieren.<\/p>\n<p>Freiburgs Trainer Eckert wechselte zur Halbzeit gleich doppelt und brachte mit Bernauer und Kevin Senftleber neuen Schwung in die Offensive. In der 54. Minute zog Dreher nach einem Eckball aus 10 Metern ab, Oppenaus Keeper Poveda lenkte den Ball mit einer Glanzparade noch an den Pfosten. In der 57. Minute dann fast die F\u00fchrung f\u00fcr Oppenau. Dominic Huber setzte sich auf der linken Au\u00dfenbahn durch und passte auf Spielertrainer Christian Seeger, der f\u00fcr Florian M\u00fcller auflegte. Dessen Schuss aus 12 Metern ging aber knapp \u00fcber das Tor. Fast im Gegenzug dann die F\u00fchrung f\u00fcr den Freiburger FC. Ein Doppelpass im Oppenauer Strafraum mit anschlie\u00dfendem Querpass und Torj\u00e4ger Senftleber hatte keine M\u00fche hatte den Ball aus kurzer Distanz \u00fcber die Linie zu bef\u00f6rdern. Oppenau tat nun mehr f\u00fcr die Offensive und versuchte zum Ausgleich zu kommen. In der 71. Minute hatte Freiburgs Amrhein eine Kopfballgelegenheit. In der 80. Minute wurde Oppenaus Steffen Schmeier im Strafraum ungl\u00fccklich an der Hand angeschossen. Schiedsrichter Bauch zeigte auf den Elfmeterpunkt und erneut war es Marco Senftleber der\u00a0 auf 2:0 erh\u00f6hte. In der Schlussphase warf Oppenau nochmals alles nach vorne. In der 86. Minute hatten Ali Abdalla und der eingewechselte Liviu-Mihai Soaita den Anschlusstreffer auf dem Fu\u00df, brachten den Ball aber nicht \u00fcber die Linie.<\/p>\n<div id='gallery-1' class='gallery galleryid-6274 gallery-columns-3 gallery-size-thumbnail'><figure class='gallery-item'>\n\t\t\t<div class='gallery-icon landscape'>\n\t\t\t\t<a href='https:\/\/www.tus-oppenau.de\/fussball\/2019\/03\/freiburger-fc-wird-favoritenrolle-gerecht\/smacap_bright-6\/'><img loading=\"lazy\" decoding=\"async\" width=\"150\" height=\"101\" src=\"https:\/\/i0.wp.com\/www.tus-oppenau.de\/fussball\/wp-content\/uploads\/2019\/03\/IMG_20190331_160215.jpg?fit=150%2C101&amp;ssl=1\" class=\"attachment-thumbnail size-thumbnail\" alt=\"\" aria-describedby=\"gallery-1-6286\" srcset=\"https:\/\/i0.wp.com\/www.tus-oppenau.de\/fussball\/wp-content\/uploads\/2019\/03\/IMG_20190331_160215.jpg?w=2172&amp;ssl=1 2172w, https:\/\/i0.wp.com\/www.tus-oppenau.de\/fussball\/wp-content\/uploads\/2019\/03\/IMG_20190331_160215.jpg?resize=300%2C202&amp;ssl=1 300w, https:\/\/i0.wp.com\/www.tus-oppenau.de\/fussball\/wp-content\/uploads\/2019\/03\/IMG_20190331_160215.jpg?resize=150%2C101&amp;ssl=1 150w, https:\/\/i0.wp.com\/www.tus-oppenau.de\/fussball\/wp-content\/uploads\/2019\/03\/IMG_20190331_160215.jpg?resize=673%2C454&amp;ssl=1 673w, https:\/\/i0.wp.com\/www.tus-oppenau.de\/fussball\/wp-content\/uploads\/2019\/03\/IMG_20190331_160215.jpg?resize=768%2C518&amp;ssl=1 768w, https:\/\/i0.wp.com\/www.tus-oppenau.de\/fussball\/wp-content\/uploads\/2019\/03\/IMG_20190331_160215.jpg?resize=1260%2C850&amp;ssl=1 1260w, https:\/\/i0.wp.com\/www.tus-oppenau.de\/fussball\/wp-content\/uploads\/2019\/03\/IMG_20190331_160215.jpg?w=948&amp;ssl=1 948w, https:\/\/i0.wp.com\/www.tus-oppenau.de\/fussball\/wp-content\/uploads\/2019\/03\/IMG_20190331_160215.jpg?w=1422&amp;ssl=1 1422w\" sizes=\"auto, (max-width: 150px) 100vw, 150px\" \/><\/a>\n\t\t\t<\/div>\n\t\t\t\t<figcaption class='wp-caption-text gallery-caption' id='gallery-1-6286'>\n\t\t\t\tsmacap_Bright\n\t\t\t\t<\/figcaption><\/figure><figure class='gallery-item'>\n\t\t\t<div class='gallery-icon landscape'>\n\t\t\t\t<a href='https:\/\/www.tus-oppenau.de\/fussball\/2019\/03\/freiburger-fc-wird-favoritenrolle-gerecht\/smacap_bright-7\/'><img loading=\"lazy\" decoding=\"async\" width=\"150\" height=\"91\" src=\"https:\/\/i0.wp.com\/www.tus-oppenau.de\/fussball\/wp-content\/uploads\/2019\/03\/IMG_20190331_160213.jpg?fit=150%2C91&amp;ssl=1\" class=\"attachment-thumbnail size-thumbnail\" alt=\"\" aria-describedby=\"gallery-1-6287\" srcset=\"https:\/\/i0.wp.com\/www.tus-oppenau.de\/fussball\/wp-content\/uploads\/2019\/03\/IMG_20190331_160213.jpg?w=2286&amp;ssl=1 2286w, https:\/\/i0.wp.com\/www.tus-oppenau.de\/fussball\/wp-content\/uploads\/2019\/03\/IMG_20190331_160213.jpg?resize=300%2C182&amp;ssl=1 300w, https:\/\/i0.wp.com\/www.tus-oppenau.de\/fussball\/wp-content\/uploads\/2019\/03\/IMG_20190331_160213.jpg?resize=150%2C91&amp;ssl=1 150w, https:\/\/i0.wp.com\/www.tus-oppenau.de\/fussball\/wp-content\/uploads\/2019\/03\/IMG_20190331_160213.jpg?resize=673%2C409&amp;ssl=1 673w, https:\/\/i0.wp.com\/www.tus-oppenau.de\/fussball\/wp-content\/uploads\/2019\/03\/IMG_20190331_160213.jpg?resize=768%2C466&amp;ssl=1 768w, https:\/\/i0.wp.com\/www.tus-oppenau.de\/fussball\/wp-content\/uploads\/2019\/03\/IMG_20190331_160213.jpg?resize=1260%2C765&amp;ssl=1 1260w, https:\/\/i0.wp.com\/www.tus-oppenau.de\/fussball\/wp-content\/uploads\/2019\/03\/IMG_20190331_160213.jpg?w=948&amp;ssl=1 948w, https:\/\/i0.wp.com\/www.tus-oppenau.de\/fussball\/wp-content\/uploads\/2019\/03\/IMG_20190331_160213.jpg?w=1422&amp;ssl=1 1422w\" sizes=\"auto, (max-width: 150px) 100vw, 150px\" \/><\/a>\n\t\t\t<\/div>\n\t\t\t\t<figcaption class='wp-caption-text gallery-caption' id='gallery-1-6287'>\n\t\t\t\tsmacap_Bright\n\t\t\t\t<\/figcaption><\/figure><figure class='gallery-item'>\n\t\t\t<div class='gallery-icon landscape'>\n\t\t\t\t<a href='https:\/\/www.tus-oppenau.de\/fussball\/2019\/03\/freiburger-fc-wird-favoritenrolle-gerecht\/oznor-6\/'><img loading=\"lazy\" decoding=\"async\" width=\"150\" height=\"96\" src=\"https:\/\/i0.wp.com\/www.tus-oppenau.de\/fussball\/wp-content\/uploads\/2019\/03\/IMG_20190331_152117_1.jpg?fit=150%2C96&amp;ssl=1\" class=\"attachment-thumbnail size-thumbnail\" alt=\"\" aria-describedby=\"gallery-1-6289\" srcset=\"https:\/\/i0.wp.com\/www.tus-oppenau.de\/fussball\/wp-content\/uploads\/2019\/03\/IMG_20190331_152117_1.jpg?w=2021&amp;ssl=1 2021w, https:\/\/i0.wp.com\/www.tus-oppenau.de\/fussball\/wp-content\/uploads\/2019\/03\/IMG_20190331_152117_1.jpg?resize=300%2C193&amp;ssl=1 300w, https:\/\/i0.wp.com\/www.tus-oppenau.de\/fussball\/wp-content\/uploads\/2019\/03\/IMG_20190331_152117_1.jpg?resize=150%2C96&amp;ssl=1 150w, https:\/\/i0.wp.com\/www.tus-oppenau.de\/fussball\/wp-content\/uploads\/2019\/03\/IMG_20190331_152117_1.jpg?resize=673%2C432&amp;ssl=1 673w, https:\/\/i0.wp.com\/www.tus-oppenau.de\/fussball\/wp-content\/uploads\/2019\/03\/IMG_20190331_152117_1.jpg?resize=768%2C493&amp;ssl=1 768w, https:\/\/i0.wp.com\/www.tus-oppenau.de\/fussball\/wp-content\/uploads\/2019\/03\/IMG_20190331_152117_1.jpg?resize=1260%2C809&amp;ssl=1 1260w, https:\/\/i0.wp.com\/www.tus-oppenau.de\/fussball\/wp-content\/uploads\/2019\/03\/IMG_20190331_152117_1.jpg?w=948&amp;ssl=1 948w, https:\/\/i0.wp.com\/www.tus-oppenau.de\/fussball\/wp-content\/uploads\/2019\/03\/IMG_20190331_152117_1.jpg?w=1422&amp;ssl=1 1422w\" sizes=\"auto, (max-width: 150px) 100vw, 150px\" \/><\/a>\n\t\t\t<\/div>\n\t\t\t\t<figcaption class='wp-caption-text gallery-caption' id='gallery-1-6289'>\n\t\t\t\toznor\n\t\t\t\t<\/figcaption><\/figure><figure class='gallery-item'>\n\t\t\t<div class='gallery-icon landscape'>\n\t\t\t\t<a href='https:\/\/www.tus-oppenau.de\/fussball\/2019\/03\/freiburger-fc-wird-favoritenrolle-gerecht\/smacap_bright-5\/'><img loading=\"lazy\" decoding=\"async\" width=\"150\" height=\"103\" src=\"https:\/\/i0.wp.com\/www.tus-oppenau.de\/fussball\/wp-content\/uploads\/2019\/03\/IMG_20190331_160214.jpg?fit=150%2C103&amp;ssl=1\" class=\"attachment-thumbnail size-thumbnail\" alt=\"\" aria-describedby=\"gallery-1-6279\" srcset=\"https:\/\/i0.wp.com\/www.tus-oppenau.de\/fussball\/wp-content\/uploads\/2019\/03\/IMG_20190331_160214.jpg?w=2129&amp;ssl=1 2129w, https:\/\/i0.wp.com\/www.tus-oppenau.de\/fussball\/wp-content\/uploads\/2019\/03\/IMG_20190331_160214.jpg?resize=300%2C206&amp;ssl=1 300w, https:\/\/i0.wp.com\/www.tus-oppenau.de\/fussball\/wp-content\/uploads\/2019\/03\/IMG_20190331_160214.jpg?resize=150%2C103&amp;ssl=1 150w, https:\/\/i0.wp.com\/www.tus-oppenau.de\/fussball\/wp-content\/uploads\/2019\/03\/IMG_20190331_160214.jpg?resize=673%2C462&amp;ssl=1 673w, https:\/\/i0.wp.com\/www.tus-oppenau.de\/fussball\/wp-content\/uploads\/2019\/03\/IMG_20190331_160214.jpg?resize=768%2C527&amp;ssl=1 768w, https:\/\/i0.wp.com\/www.tus-oppenau.de\/fussball\/wp-content\/uploads\/2019\/03\/IMG_20190331_160214.jpg?resize=1260%2C864&amp;ssl=1 1260w, https:\/\/i0.wp.com\/www.tus-oppenau.de\/fussball\/wp-content\/uploads\/2019\/03\/IMG_20190331_160214.jpg?w=948&amp;ssl=1 948w, https:\/\/i0.wp.com\/www.tus-oppenau.de\/fussball\/wp-content\/uploads\/2019\/03\/IMG_20190331_160214.jpg?w=1422&amp;ssl=1 1422w\" sizes=\"auto, (max-width: 150px) 100vw, 150px\" \/><\/a>\n\t\t\t<\/div>\n\t\t\t\t<figcaption class='wp-caption-text gallery-caption' id='gallery-1-6279'>\n\t\t\t\tsmacap_Bright\n\t\t\t\t<\/figcaption><\/figure><figure class='gallery-item'>\n\t\t\t<div class='gallery-icon landscape'>\n\t\t\t\t<a href='https:\/\/www.tus-oppenau.de\/fussball\/2019\/03\/freiburger-fc-wird-favoritenrolle-gerecht\/sdr_hdrb-2\/'><img loading=\"lazy\" decoding=\"async\" width=\"150\" height=\"105\" src=\"https:\/\/i0.wp.com\/www.tus-oppenau.de\/fussball\/wp-content\/uploads\/2019\/03\/IMG_20190331_151406_1.jpg?fit=150%2C105&amp;ssl=1\" class=\"attachment-thumbnail size-thumbnail\" alt=\"\" aria-describedby=\"gallery-1-6278\" srcset=\"https:\/\/i0.wp.com\/www.tus-oppenau.de\/fussball\/wp-content\/uploads\/2019\/03\/IMG_20190331_151406_1.jpg?w=1929&amp;ssl=1 1929w, https:\/\/i0.wp.com\/www.tus-oppenau.de\/fussball\/wp-content\/uploads\/2019\/03\/IMG_20190331_151406_1.jpg?resize=300%2C210&amp;ssl=1 300w, https:\/\/i0.wp.com\/www.tus-oppenau.de\/fussball\/wp-content\/uploads\/2019\/03\/IMG_20190331_151406_1.jpg?resize=150%2C105&amp;ssl=1 150w, https:\/\/i0.wp.com\/www.tus-oppenau.de\/fussball\/wp-content\/uploads\/2019\/03\/IMG_20190331_151406_1.jpg?resize=673%2C472&amp;ssl=1 673w, https:\/\/i0.wp.com\/www.tus-oppenau.de\/fussball\/wp-content\/uploads\/2019\/03\/IMG_20190331_151406_1.jpg?resize=768%2C538&amp;ssl=1 768w, https:\/\/i0.wp.com\/www.tus-oppenau.de\/fussball\/wp-content\/uploads\/2019\/03\/IMG_20190331_151406_1.jpg?resize=1260%2C883&amp;ssl=1 1260w, https:\/\/i0.wp.com\/www.tus-oppenau.de\/fussball\/wp-content\/uploads\/2019\/03\/IMG_20190331_151406_1.jpg?w=948&amp;ssl=1 948w, https:\/\/i0.wp.com\/www.tus-oppenau.de\/fussball\/wp-content\/uploads\/2019\/03\/IMG_20190331_151406_1.jpg?w=1422&amp;ssl=1 1422w\" sizes=\"auto, (max-width: 150px) 100vw, 150px\" \/><\/a>\n\t\t\t<\/div>\n\t\t\t\t<figcaption class='wp-caption-text gallery-caption' id='gallery-1-6278'>\n\t\t\t\tsdr_HDRB\n\t\t\t\t<\/figcaption><\/figure>\n\t\t<\/div>\n\n<p><strong>TuS Oppenau<\/strong>: Jose Poveda, Dominik Treyer (65. Matthias Kimmig), Dominic Huber (80. Liviu-Mihai Soaita), Markus Bruder,\u00a0 Tobias Keller, Volker Gieringer (80. Sch\u00e4uble, Jonas), Ali Abdalla, Florian M\u00fcller, Steffen Schmeier, Christian Seger (85. Huber, Marek), Hoferer, Mario<\/p>\n<p><strong>Freiburger FC: <\/strong>Preu\u00df, Sutter, Senftleber (83. Moser-Fendel), Ulubiev (80. Daniel), Novakovic, Martinelli (46. Senftleber), Gehring, Metzinger (46. Bernauer), Amrhein, Dreher, Eggert<\/p>\n<p>Schiedsrichter: Tobias Bauch (T\u00fcbingen)<\/p>\n<p>Assistenten: Luca Michilli, Andre Altendorfer<\/p>\n<p>Tore:<\/p>\n<ul>\n<li>0:1 58. Senftleber, Marco<\/li>\n<li>0:2 80. Senftleber, Marco, Handelfmeter<\/li>\n<\/ul>\n<p>Besondere Vorkommnisse: Keine<\/p>\n<p>Zuschauer: 250<\/p>\n<p>&nbsp;<\/p>\n<p><iframe loading=\"lazy\" id=\"sttvplayer\" style=\"max-width: 100%;\" src=\"https:\/\/www.sporttotal.tv\/embed\/event\/2019-03-31-13-00-verbandsliga-sudbaden-tus-oppenau-vs-freiburger-fc-7cb5eb8e-bd87-4777-9580-e44c30efb509\" width=\"640\" height=\"360\" frameborder=\"0\" allowfullscreen=\"allowfullscreen\"><\/iframe><\/p>\n","protected":false},"excerpt":{"rendered":"<p>Der Tabellenf\u00fchrer Freiburger FC tat sich beim Schlusslicht TuS Oppenau lange schwer und ging mit einem 0:0 in die Pause. Dank eines Doppelpacks von Torj\u00e4ger Marco Senftleber in der zweiten H\u00e4lfte nahm der Freiburger FC am Ende verdient die Punkte mit nach Hause. Wie zu erwarten stand Oppenau tief, lauerte auf Konter und \u00fcberlies den &hellip; <a href=\"https:\/\/www.tus-oppenau.de\/fussball\/2019\/03\/freiburger-fc-wird-favoritenrolle-gerecht\/\" class=\"more-link\"><span class=\"screen-reader-text\">Freiburger FC wird Favoritenrolle gerecht<\/span> weiterlesen <span class=\"meta-nav\">&rarr;<\/span><\/a><\/p>\n","protected":false},"author":93,"featured_media":6278,"comment_status":"closed","ping_status":"open","sticky":false,"template":"","format":"gallery","meta":{"_jetpack_memberships_contains_paid_content":false,"footnotes":"","jetpack_publicize_message":"","jetpack_publicize_feature_enabled":true,"jetpack_social_post_already_shared":true,"jetpack_social_options":{"image_generator_settings":{"template":"highway","default_image_id":0,"font":"","enabled":false},"version":2}},"categories":[247],"tags":[],"class_list":["post-6274","post","type-post","status-publish","format-gallery","has-post-thumbnail","hentry","category-1-mannschaft","post_format-post-format-gallery"],"jetpack_publicize_connections":[],"jetpack_featured_media_url":"https:\/\/i0.wp.com\/www.tus-oppenau.de\/fussball\/wp-content\/uploads\/2019\/03\/IMG_20190331_151406_1.jpg?fit=1929%2C1352&ssl=1","jetpack_sharing_enabled":true,"jetpack_likes_enabled":true,"_links":{"self":[{"href":"https:\/\/www.tus-oppenau.de\/fussball\/wp-json\/wp\/v2\/posts\/6274","targetHints":{"allow":["GET"]}}],"collection":[{"href":"https:\/\/www.tus-oppenau.de\/fussball\/wp-json\/wp\/v2\/posts"}],"about":[{"href":"https:\/\/www.tus-oppenau.de\/fussball\/wp-json\/wp\/v2\/types\/post"}],"author":[{"embeddable":true,"href":"https:\/\/www.tus-oppenau.de\/fussball\/wp-json\/wp\/v2\/users\/93"}],"replies":[{"embeddable":true,"href":"https:\/\/www.tus-oppenau.de\/fussball\/wp-json\/wp\/v2\/comments?post=6274"}],"version-history":[{"count":8,"href":"https:\/\/www.tus-oppenau.de\/fussball\/wp-json\/wp\/v2\/posts\/6274\/revisions"}],"predecessor-version":[{"id":6290,"href":"https:\/\/www.tus-oppenau.de\/fussball\/wp-json\/wp\/v2\/posts\/6274\/revisions\/6290"}],"wp:featuredmedia":[{"embeddable":true,"href":"https:\/\/www.tus-oppenau.de\/fussball\/wp-json\/wp\/v2\/media\/6278"}],"wp:attachment":[{"href":"https:\/\/www.tus-oppenau.de\/fussball\/wp-json\/wp\/v2\/media?parent=6274"}],"wp:term":[{"taxonomy":"category","embeddable":true,"href":"https:\/\/www.tus-oppenau.de\/fussball\/wp-json\/wp\/v2\/categories?post=6274"},{"taxonomy":"post_tag","embeddable":true,"href":"https:\/\/www.tus-oppenau.de\/fussball\/wp-json\/wp\/v2\/tags?post=6274"}],"curies":[{"name":"wp","href":"https:\/\/api.w.org\/{rel}","templated":true}]}}