{"id":6606,"date":"2019-06-11T20:39:23","date_gmt":"2019-06-11T18:39:23","guid":{"rendered":"http:\/\/www.tus-oppenau.de\/fussball\/?p=6606"},"modified":"2019-07-11T11:36:09","modified_gmt":"2019-07-11T09:36:09","slug":"jugendturnier-des-e-f-g-jugend","status":"publish","type":"post","link":"https:\/\/www.tus-oppenau.de\/fussball\/2019\/06\/jugendturnier-des-e-f-g-jugend\/","title":{"rendered":"Jugendturnier der  E &ndash; F &#8211; G Jugend"},"content":{"rendered":"<p align=\"justify\">Am Pfingstmontag fand im Rahmen des diesj\u00e4hrigen Sportfestes wieder ein Jugendturnier der Bambinis, F- und E-Junioren statt. Die Kleinen waren wieder mit sehr viel Engagement und Spa\u00df bei der Sache.\u00a0 Nach den Spielen wurden die einzelnen Kinder bei der Siegerehrung vorgestellt und erhielten als Erinnerung eine Medaille und pro Team einen Fu\u00dfball als Belohnung. Ein gro\u00dfes Dankesch\u00f6n an unsere Jugendabteilung um <strong>Cesare Ruggeri<\/strong>, <strong>Robert Hoferer<\/strong> und <strong>Stephan Maier<\/strong> die das Turnier hervorragend organisiert und durchgef\u00fchrt haben.<\/p>\n<p align=\"justify\"><a href=\"https:\/\/i0.wp.com\/www.tus-oppenau.de\/fussball\/wp-content\/uploads\/2019\/06\/e-junioren.jpg?ssl=1\"><img data-recalc-dims=\"1\" loading=\"lazy\" decoding=\"async\" style=\"background-image: none; padding-top: 0px; padding-left: 0px; display: inline; padding-right: 0px; border: 0px;\" title=\"e-junioren\" src=\"https:\/\/i0.wp.com\/www.tus-oppenau.de\/fussball\/wp-content\/uploads\/2019\/06\/e-junioren_thumb.jpg?resize=474%2C211&#038;ssl=1\" alt=\"e-junioren\" width=\"474\" height=\"211\" border=\"0\" \/><\/a><\/p>\n<p align=\"justify\"><a href=\"https:\/\/i0.wp.com\/www.tus-oppenau.de\/fussball\/wp-content\/uploads\/2019\/06\/f-junioren.jpg?ssl=1\"><img data-recalc-dims=\"1\" loading=\"lazy\" decoding=\"async\" style=\"background-image: none; padding-top: 0px; padding-left: 0px; display: inline; padding-right: 0px; border: 0px;\" title=\"f-junioren\" src=\"https:\/\/i0.wp.com\/www.tus-oppenau.de\/fussball\/wp-content\/uploads\/2019\/06\/f-junioren_thumb.jpg?resize=474%2C213&#038;ssl=1\" alt=\"f-junioren\" width=\"474\" height=\"213\" border=\"0\" \/><\/a><\/p>\n<p align=\"justify\"><a href=\"https:\/\/i0.wp.com\/www.tus-oppenau.de\/fussball\/wp-content\/uploads\/2019\/06\/bambinis.jpg?ssl=1\"><img data-recalc-dims=\"1\" loading=\"lazy\" decoding=\"async\" style=\"background-image: none; padding-top: 0px; padding-left: 0px; display: inline; padding-right: 0px; border: 0px;\" title=\"bambinis\" src=\"https:\/\/i0.wp.com\/www.tus-oppenau.de\/fussball\/wp-content\/uploads\/2019\/06\/bambinis_thumb.jpg?resize=474%2C188&#038;ssl=1\" alt=\"bambinis\" width=\"474\" height=\"188\" border=\"0\" \/><\/a><\/p>\n<p align=\"justify\">Beim <strong>Familientag<\/strong> waren aber noch weitere interessante Dinge zu entdecken. So gab es eine Bastelecke wo alle Kinder nach Herzenslust Holzschildchen individuell gestalten konnten oder eine Torwand wo als Preis jeweils eine bunte Luftmatratze auf die erfolgreichen Sch\u00fctzen wartete.<\/p>\n<p align=\"justify\"><a href=\"https:\/\/i0.wp.com\/www.tus-oppenau.de\/fussball\/wp-content\/uploads\/2019\/06\/IMG_2100.jpg?ssl=1\"><img data-recalc-dims=\"1\" loading=\"lazy\" decoding=\"async\" style=\"background-image: none; padding-top: 0px; padding-left: 0px; display: inline; padding-right: 0px; border: 0px;\" title=\"IMG_2100\" src=\"https:\/\/i0.wp.com\/www.tus-oppenau.de\/fussball\/wp-content\/uploads\/2019\/06\/IMG_2100_thumb.jpg?resize=474%2C294&#038;ssl=1\" alt=\"IMG_2100\" width=\"474\" height=\"294\" border=\"0\" \/><\/a><\/p>\n<p align=\"justify\">Hein herzliches Dankesch\u00f6n an <strong>Sabine Huber<\/strong> die den Familientag vorbereitet\u00a0 und die Bastelecke betreut hat sowie an <a href=\"https:\/\/www.hodapp-schuhe.de\/index.php?id=4\" target=\"_blank\" rel=\"noopener noreferrer\"><strong>Hodapp &#8211; Orthop\u00e4die, Schuhe, Sport<\/strong><\/a><strong>\u00a0 <\/strong>f\u00fcr die Zurverf\u00fcgungstellung der Luftmatratzen.<\/p>\n","protected":false},"excerpt":{"rendered":"<p>Am Pfingstmontag fand im Rahmen des diesj\u00e4hrigen Sportfestes wieder ein Jugendturnier der Bambinis, F- und E-Junioren statt. Die Kleinen waren wieder mit sehr viel Engagement und Spa\u00df bei der Sache.\u00a0 Nach den Spielen wurden die einzelnen Kinder bei der Siegerehrung vorgestellt und erhielten als Erinnerung eine Medaille und pro Team einen Fu\u00dfball als Belohnung. Ein &hellip; <a href=\"https:\/\/www.tus-oppenau.de\/fussball\/2019\/06\/jugendturnier-des-e-f-g-jugend\/\" class=\"more-link\"><span class=\"screen-reader-text\">Jugendturnier der  E &ndash; F &#8211; G Jugend<\/span> weiterlesen <span class=\"meta-nav\">&rarr;<\/span><\/a><\/p>\n","protected":false},"author":47,"featured_media":6602,"comment_status":"closed","ping_status":"open","sticky":false,"template":"","format":"standard","meta":{"_jetpack_memberships_contains_paid_content":false,"footnotes":"","jetpack_publicize_message":"","jetpack_publicize_feature_enabled":true,"jetpack_social_post_already_shared":true,"jetpack_social_options":{"image_generator_settings":{"template":"highway","default_image_id":0,"font":"","enabled":false},"version":2}},"categories":[272,273,274,250],"tags":[],"class_list":["post-6606","post","type-post","status-publish","format-standard","has-post-thumbnail","hentry","category-e-junioren","category-f-junioren","category-g-junioren-bambinis","category-veranstaltungen"],"jetpack_publicize_connections":[],"jetpack_featured_media_url":"https:\/\/i0.wp.com\/www.tus-oppenau.de\/fussball\/wp-content\/uploads\/2019\/06\/bambinis.jpg?fit=1024%2C397&ssl=1","jetpack_sharing_enabled":true,"jetpack_likes_enabled":true,"_links":{"self":[{"href":"https:\/\/www.tus-oppenau.de\/fussball\/wp-json\/wp\/v2\/posts\/6606","targetHints":{"allow":["GET"]}}],"collection":[{"href":"https:\/\/www.tus-oppenau.de\/fussball\/wp-json\/wp\/v2\/posts"}],"about":[{"href":"https:\/\/www.tus-oppenau.de\/fussball\/wp-json\/wp\/v2\/types\/post"}],"author":[{"embeddable":true,"href":"https:\/\/www.tus-oppenau.de\/fussball\/wp-json\/wp\/v2\/users\/47"}],"replies":[{"embeddable":true,"href":"https:\/\/www.tus-oppenau.de\/fussball\/wp-json\/wp\/v2\/comments?post=6606"}],"version-history":[{"count":3,"href":"https:\/\/www.tus-oppenau.de\/fussball\/wp-json\/wp\/v2\/posts\/6606\/revisions"}],"predecessor-version":[{"id":6693,"href":"https:\/\/www.tus-oppenau.de\/fussball\/wp-json\/wp\/v2\/posts\/6606\/revisions\/6693"}],"wp:featuredmedia":[{"embeddable":true,"href":"https:\/\/www.tus-oppenau.de\/fussball\/wp-json\/wp\/v2\/media\/6602"}],"wp:attachment":[{"href":"https:\/\/www.tus-oppenau.de\/fussball\/wp-json\/wp\/v2\/media?parent=6606"}],"wp:term":[{"taxonomy":"category","embeddable":true,"href":"https:\/\/www.tus-oppenau.de\/fussball\/wp-json\/wp\/v2\/categories?post=6606"},{"taxonomy":"post_tag","embeddable":true,"href":"https:\/\/www.tus-oppenau.de\/fussball\/wp-json\/wp\/v2\/tags?post=6606"}],"curies":[{"name":"wp","href":"https:\/\/api.w.org\/{rel}","templated":true}]}}