{"id":7245,"date":"2020-04-09T18:46:44","date_gmt":"2020-04-09T16:46:44","guid":{"rendered":"http:\/\/www.tus-oppenau.de\/fussball\/?p=7245"},"modified":"2020-04-09T18:46:44","modified_gmt":"2020-04-09T16:46:44","slug":"tus-oppenau-wnscht-frohe-ostern","status":"publish","type":"post","link":"https:\/\/www.tus-oppenau.de\/fussball\/2020\/04\/tus-oppenau-wnscht-frohe-ostern\/","title":{"rendered":"TuS Oppenau w&uuml;nscht frohe ostern"},"content":{"rendered":"<p>Liebe Aktiven, Trainer- und Betreuer, Mitglieder, Sponsoren und Freunde des TuS Oppenau, <\/p>\n<p align=\"justify\">auch wenn dies gerade f\u00fcr uns alle eine schwierige Zeit ist und dieses Osterfest leider im Zeichen der Corona-Krise steht, so w\u00fcnschen wir euch allen und euren Familien frohe Ostern und genie\u00dft die Feiertage bei diesem herrlichen Fr\u00fchlingswetter. <\/p>\n<p align=\"justify\">Wir alle hoffen bald wieder unserer gro\u00dfen Leidenschaft, dem Fu\u00dfball spielen, nachgehen zu k\u00f6nnen. Auf ein m\u00f6glichst baldiges Wiedersehen auf unserem sch\u00f6nen Sportgel\u00e4nde Haldenhof. <\/p>\n<p align=\"center\"><strong><font color=\"#ff0000\" size=\"5\">Bitte bleibt positiv und vor allen Dingen gesund.<\/font><\/strong> <\/p>\n<p align=\"justify\">Die Vorstandschaft. <\/p>\n<p align=\"justify\"><a href=\"https:\/\/i0.wp.com\/www.tus-oppenau.de\/fussball\/wp-content\/uploads\/2020\/04\/tus_froheostern_2020.jpg?ssl=1\"><img data-recalc-dims=\"1\" loading=\"lazy\" decoding=\"async\" title=\"tus_froheostern_2020\" style=\"border-top: 0px; border-right: 0px; background-image: none; border-bottom: 0px; padding-top: 0px; padding-left: 0px; border-left: 0px; display: inline; padding-right: 0px\" border=\"0\" alt=\"tus_froheostern_2020\" src=\"https:\/\/i0.wp.com\/www.tus-oppenau.de\/fussball\/wp-content\/uploads\/2020\/04\/tus_froheostern_2020_thumb.jpg?resize=474%2C298&#038;ssl=1\" width=\"474\" height=\"298\"><\/a><\/p>\n","protected":false},"excerpt":{"rendered":"<p>Liebe Aktiven, Trainer- und Betreuer, Mitglieder, Sponsoren und Freunde des TuS Oppenau, auch wenn dies gerade f\u00fcr uns alle eine schwierige Zeit ist und dieses Osterfest leider im Zeichen der Corona-Krise steht, so w\u00fcnschen wir euch allen und euren Familien frohe Ostern und genie\u00dft die Feiertage bei diesem herrlichen Fr\u00fchlingswetter. Wir alle hoffen bald wieder &hellip; <a href=\"https:\/\/www.tus-oppenau.de\/fussball\/2020\/04\/tus-oppenau-wnscht-frohe-ostern\/\" class=\"more-link\"><span class=\"screen-reader-text\">TuS Oppenau w&uuml;nscht frohe ostern<\/span> weiterlesen <span class=\"meta-nav\">&rarr;<\/span><\/a><\/p>\n","protected":false},"author":47,"featured_media":0,"comment_status":"closed","ping_status":"open","sticky":false,"template":"","format":"standard","meta":{"_jetpack_memberships_contains_paid_content":false,"footnotes":"","jetpack_publicize_message":"","jetpack_publicize_feature_enabled":true,"jetpack_social_post_already_shared":true,"jetpack_social_options":{"image_generator_settings":{"template":"highway","default_image_id":0,"font":"","enabled":false},"version":2}},"categories":[1],"tags":[],"class_list":["post-7245","post","type-post","status-publish","format-standard","hentry","category-allgemein"],"jetpack_publicize_connections":[],"jetpack_featured_media_url":"","jetpack_sharing_enabled":true,"jetpack_likes_enabled":true,"_links":{"self":[{"href":"https:\/\/www.tus-oppenau.de\/fussball\/wp-json\/wp\/v2\/posts\/7245","targetHints":{"allow":["GET"]}}],"collection":[{"href":"https:\/\/www.tus-oppenau.de\/fussball\/wp-json\/wp\/v2\/posts"}],"about":[{"href":"https:\/\/www.tus-oppenau.de\/fussball\/wp-json\/wp\/v2\/types\/post"}],"author":[{"embeddable":true,"href":"https:\/\/www.tus-oppenau.de\/fussball\/wp-json\/wp\/v2\/users\/47"}],"replies":[{"embeddable":true,"href":"https:\/\/www.tus-oppenau.de\/fussball\/wp-json\/wp\/v2\/comments?post=7245"}],"version-history":[{"count":1,"href":"https:\/\/www.tus-oppenau.de\/fussball\/wp-json\/wp\/v2\/posts\/7245\/revisions"}],"predecessor-version":[{"id":7246,"href":"https:\/\/www.tus-oppenau.de\/fussball\/wp-json\/wp\/v2\/posts\/7245\/revisions\/7246"}],"wp:attachment":[{"href":"https:\/\/www.tus-oppenau.de\/fussball\/wp-json\/wp\/v2\/media?parent=7245"}],"wp:term":[{"taxonomy":"category","embeddable":true,"href":"https:\/\/www.tus-oppenau.de\/fussball\/wp-json\/wp\/v2\/categories?post=7245"},{"taxonomy":"post_tag","embeddable":true,"href":"https:\/\/www.tus-oppenau.de\/fussball\/wp-json\/wp\/v2\/tags?post=7245"}],"curies":[{"name":"wp","href":"https:\/\/api.w.org\/{rel}","templated":true}]}}